{"id":9505,"date":"2016-12-01T21:53:20","date_gmt":"2016-12-01T21:53:20","guid":{"rendered":"http:\/\/www.mpppst.gob.ve\/mpppstweb\/?p=9505"},"modified":"2016-12-01T21:53:20","modified_gmt":"2016-12-01T21:53:20","slug":"inces-instala-primer-seminario-de-formacion-y-autoformacion-productiva","status":"publish","type":"post","link":"https:\/\/www.mpppst.gob.ve\/mpppstweb\/index.php\/2016\/12\/01\/inces-instala-primer-seminario-de-formacion-y-autoformacion-productiva\/","title":{"rendered":"Inces instala Primer Seminario de Formaci\u00f3n y Autoformaci\u00f3n Productiva"},"content":{"rendered":"<p>Desde las instalaciones del Instituto Nacional de Capacitaci\u00f3n y Educaci\u00f3n Socialista (Inces), en la ciudad de Caracas se instal\u00f3, el Primer Seminario de Formaci\u00f3n y Autoformaci\u00f3n Productiva \u201cHacia las Brigadas Pedag\u00f3gicas del Inces\u201d, convocada para la construcci\u00f3n colectiva del conocimiento, como parte de las estrategias de cambio curricular que ha venido desarrollando la instituci\u00f3n durante los \u00faltimos a\u00f1os.<\/p>\n<p>La actividad estuvo encabezada por las autoridades del Inces y cont\u00f3 con la participaci\u00f3n de trabajadores y trabajadoras del Ministerio de Poder Popular para la Educaci\u00f3n Universitaria, Ciencia y Tecnolog\u00eda (Mppeuct), el Ministerio del Poder Popular para las Relaciones Interiores, Justicia y Paz (Mppijp), la Universidad Nacional Abierta (UNA) y la organizaci\u00f3n \u201cOtro Beta\u201d.<\/p>\n<p>Durante el encuentro el gerente general de Formaci\u00f3n Profesional, Richard Delgado dio a conocer que el debate y di\u00e1logo de saberes comprende una estrategia para la formaci\u00f3n y autoformaci\u00f3n, colectiva, integral y permanente del pueblo venezolano, \u201choy desde el Inces estamos generando procesos de transformaci\u00f3n del enfoque y la pertinencia de nuestra responsabilidad formativa, una estrategia program\u00e1tica que se ha desarrollado en el marco pol\u00edtico jur\u00eddico, que nos compromete a sentar las bases epistemol\u00f3gicas para la construcci\u00f3n de un proyecto curricular en acci\u00f3n y permanente desarrollo,\u201d se\u00f1al\u00f3 Delgado.<\/p>\n<p>Por su parte el presidente del Inces, Wuikelman Angel, aplaudi\u00f3 a la clase trabajadora por su constante lucha para enfrentar ante la crisis econ\u00f3mica que atraviesa el pa\u00eds, producto de la guerra econ\u00f3mica impulsada por la derecha venezolana, \u201ceste tipo de situaciones y de dificultades para nosotros es el aire, el impulso para salir adelante, para construir de manera colectiva las grandes soluciones para la patria grande\u201d<\/p>\n<p>La ocasi\u00f3n sirvi\u00f3 para rendir homenaje al l\u00edder cubano, Fidel Castro, quien falleci\u00f3 el pasado viernes a sus 90 a\u00f1os de edad, \u201cpara el pueblo cubano, venezolano y latinoamericano el Comandante Fidel Castro no fue una circunstancia pol\u00edtica, sino constituy\u00f3 y constituye con su praxis revolucionaria un referente hist\u00f3rico de lucha y emancipaci\u00f3n para todos los pueblos del mundo, no se podr\u00e1 hablar en el presente ni en el futuro de libertades, desarrollo social, integraci\u00f3n latinoamericana; no se podr\u00e1 hablar de revoluci\u00f3n si no contamos con el pensamiento del Comandante Fidel Castro. As\u00ed lo expres\u00f3 el gerente general de Formaci\u00f3n Profesional, Richard Delgado.<\/p>\n<p>Inces<\/p>\n","protected":false},"excerpt":{"rendered":"<p>Desde las instalaciones del Instituto Nacional de Capacitaci\u00f3n y Educaci\u00f3n Socialista (Inces), en la ciudad de &hellip; <a title=\"Inces instala Primer Seminario de Formaci\u00f3n y Autoformaci\u00f3n Productiva\" class=\"hm-read-more\" href=\"https:\/\/www.mpppst.gob.ve\/mpppstweb\/index.php\/2016\/12\/01\/inces-instala-primer-seminario-de-formacion-y-autoformacion-productiva\/\"><span class=\"screen-reader-text\">Inces instala Primer Seminario de Formaci\u00f3n y Autoformaci\u00f3n Productiva<\/span>Read more<\/a><\/p>\n","protected":false},"author":25,"featured_media":9506,"comment_status":"closed","ping_status":"closed","sticky":false,"template":"","format":"standard","meta":{"footnotes":""},"categories":[205,255],"tags":[244,241],"yoast_head":"<!-- This site is optimized with the Yoast SEO plugin v22.5 - https:\/\/yoast.com\/wordpress\/plugins\/seo\/ -->\n<title>Inces instala Primer Seminario de Formaci\u00f3n y Autoformaci\u00f3n Productiva - MPPPST<\/title>\n<meta name=\"robots\" content=\"index, follow, max-snippet:-1, max-image-preview:large, max-video-preview:-1\" \/>\n<link rel=\"canonical\" href=\"https:\/\/www.mpppst.gob.ve\/mpppstweb\/index.php\/2016\/12\/01\/inces-instala-primer-seminario-de-formacion-y-autoformacion-productiva\/\" \/>\n<meta property=\"og:locale\" content=\"es_ES\" \/>\n<meta property=\"og:type\" content=\"article\" \/>\n<meta property=\"og:title\" content=\"Inces instala Primer Seminario de Formaci\u00f3n y Autoformaci\u00f3n Productiva - MPPPST\" \/>\n<meta property=\"og:description\" content=\"Desde las instalaciones del Instituto Nacional de Capacitaci\u00f3n y Educaci\u00f3n Socialista (Inces), en la ciudad de &hellip; Inces instala Primer Seminario de Formaci\u00f3n y Autoformaci\u00f3n ProductivaRead more\" \/>\n<meta property=\"og:url\" content=\"https:\/\/www.mpppst.gob.ve\/mpppstweb\/index.php\/2016\/12\/01\/inces-instala-primer-seminario-de-formacion-y-autoformacion-productiva\/\" \/>\n<meta property=\"og:site_name\" content=\"MPPPST\" \/>\n<meta property=\"article:published_time\" content=\"2016-12-01T21:53:20+00:00\" \/>\n<meta property=\"og:image\" content=\"https:\/\/www.mpppst.gob.ve\/mpppstweb\/wp-content\/uploads\/2016\/12\/autoformaci\u00f2n-colectiva.jpg\" \/>\n\t<meta property=\"og:image:width\" content=\"800\" \/>\n\t<meta property=\"og:image:height\" content=\"445\" \/>\n\t<meta property=\"og:image:type\" content=\"image\/jpeg\" \/>\n<meta name=\"author\" content=\"MPPPST Prensa\" \/>\n<meta name=\"twitter:card\" content=\"summary_large_image\" \/>\n<meta name=\"twitter:label1\" content=\"Escrito por\" \/>\n\t<meta name=\"twitter:data1\" content=\"MPPPST Prensa\" \/>\n\t<meta name=\"twitter:label2\" content=\"Tiempo de lectura\" \/>\n\t<meta name=\"twitter:data2\" content=\"2 minutos\" \/>\n<script type=\"application\/ld+json\" class=\"yoast-schema-graph\">{\"@context\":\"https:\/\/schema.org\",\"@graph\":[{\"@type\":\"Article\",\"@id\":\"https:\/\/www.mpppst.gob.ve\/mpppstweb\/index.php\/2016\/12\/01\/inces-instala-primer-seminario-de-formacion-y-autoformacion-productiva\/#article\",\"isPartOf\":{\"@id\":\"https:\/\/www.mpppst.gob.ve\/mpppstweb\/index.php\/2016\/12\/01\/inces-instala-primer-seminario-de-formacion-y-autoformacion-productiva\/\"},\"author\":{\"name\":\"MPPPST Prensa\",\"@id\":\"https:\/\/www.mpppst.gob.ve\/mpppstweb\/#\/schema\/person\/fc187ee8ead412bd4c9304b62f900ea4\"},\"headline\":\"Inces instala Primer Seminario de Formaci\u00f3n y Autoformaci\u00f3n Productiva\",\"datePublished\":\"2016-12-01T21:53:20+00:00\",\"dateModified\":\"2016-12-01T21:53:20+00:00\",\"mainEntityOfPage\":{\"@id\":\"https:\/\/www.mpppst.gob.ve\/mpppstweb\/index.php\/2016\/12\/01\/inces-instala-primer-seminario-de-formacion-y-autoformacion-productiva\/\"},\"wordCount\":417,\"publisher\":{\"@id\":\"https:\/\/www.mpppst.gob.ve\/mpppstweb\/#organization\"},\"image\":{\"@id\":\"https:\/\/www.mpppst.gob.ve\/mpppstweb\/index.php\/2016\/12\/01\/inces-instala-primer-seminario-de-formacion-y-autoformacion-productiva\/#primaryimage\"},\"thumbnailUrl\":\"https:\/\/www.mpppst.gob.ve\/mpppstweb\/wp-content\/uploads\/2016\/12\/autoformaci\u00f2n-colectiva.jpg\",\"keywords\":[\"AUTOFORMACI\u00d3N COLECTIVA\",\"Cadenas productivas\"],\"articleSection\":[\"Autoformacion\",\"INCES\"],\"inLanguage\":\"es\"},{\"@type\":\"WebPage\",\"@id\":\"https:\/\/www.mpppst.gob.ve\/mpppstweb\/index.php\/2016\/12\/01\/inces-instala-primer-seminario-de-formacion-y-autoformacion-productiva\/\",\"url\":\"https:\/\/www.mpppst.gob.ve\/mpppstweb\/index.php\/2016\/12\/01\/inces-instala-primer-seminario-de-formacion-y-autoformacion-productiva\/\",\"name\":\"Inces instala Primer Seminario de Formaci\u00f3n y Autoformaci\u00f3n Productiva - MPPPST\",\"isPartOf\":{\"@id\":\"https:\/\/www.mpppst.gob.ve\/mpppstweb\/#website\"},\"primaryImageOfPage\":{\"@id\":\"https:\/\/www.mpppst.gob.ve\/mpppstweb\/index.php\/2016\/12\/01\/inces-instala-primer-seminario-de-formacion-y-autoformacion-productiva\/#primaryimage\"},\"image\":{\"@id\":\"https:\/\/www.mpppst.gob.ve\/mpppstweb\/index.php\/2016\/12\/01\/inces-instala-primer-seminario-de-formacion-y-autoformacion-productiva\/#primaryimage\"},\"thumbnailUrl\":\"https:\/\/www.mpppst.gob.ve\/mpppstweb\/wp-content\/uploads\/2016\/12\/autoformaci\u00f2n-colectiva.jpg\",\"datePublished\":\"2016-12-01T21:53:20+00:00\",\"dateModified\":\"2016-12-01T21:53:20+00:00\",\"breadcrumb\":{\"@id\":\"https:\/\/www.mpppst.gob.ve\/mpppstweb\/index.php\/2016\/12\/01\/inces-instala-primer-seminario-de-formacion-y-autoformacion-productiva\/#breadcrumb\"},\"inLanguage\":\"es\",\"potentialAction\":[{\"@type\":\"ReadAction\",\"target\":[\"https:\/\/www.mpppst.gob.ve\/mpppstweb\/index.php\/2016\/12\/01\/inces-instala-primer-seminario-de-formacion-y-autoformacion-productiva\/\"]}]},{\"@type\":\"ImageObject\",\"inLanguage\":\"es\",\"@id\":\"https:\/\/www.mpppst.gob.ve\/mpppstweb\/index.php\/2016\/12\/01\/inces-instala-primer-seminario-de-formacion-y-autoformacion-productiva\/#primaryimage\",\"url\":\"https:\/\/www.mpppst.gob.ve\/mpppstweb\/wp-content\/uploads\/2016\/12\/autoformaci\u00f2n-colectiva.jpg\",\"contentUrl\":\"https:\/\/www.mpppst.gob.ve\/mpppstweb\/wp-content\/uploads\/2016\/12\/autoformaci\u00f2n-colectiva.jpg\",\"width\":800,\"height\":445},{\"@type\":\"BreadcrumbList\",\"@id\":\"https:\/\/www.mpppst.gob.ve\/mpppstweb\/index.php\/2016\/12\/01\/inces-instala-primer-seminario-de-formacion-y-autoformacion-productiva\/#breadcrumb\",\"itemListElement\":[{\"@type\":\"ListItem\",\"position\":1,\"name\":\"Home\",\"item\":\"https:\/\/www.mpppst.gob.ve\/mpppstweb\/\"},{\"@type\":\"ListItem\",\"position\":2,\"name\":\"Inces instala Primer Seminario de Formaci\u00f3n y Autoformaci\u00f3n Productiva\"}]},{\"@type\":\"WebSite\",\"@id\":\"https:\/\/www.mpppst.gob.ve\/mpppstweb\/#website\",\"url\":\"https:\/\/www.mpppst.gob.ve\/mpppstweb\/\",\"name\":\"MPPPST\",\"description\":\"Ministerio del Poder Popular para el Proceso Social de Trabajo\",\"publisher\":{\"@id\":\"https:\/\/www.mpppst.gob.ve\/mpppstweb\/#organization\"},\"potentialAction\":[{\"@type\":\"SearchAction\",\"target\":{\"@type\":\"EntryPoint\",\"urlTemplate\":\"https:\/\/www.mpppst.gob.ve\/mpppstweb\/?s={search_term_string}\"},\"query-input\":\"required name=search_term_string\"}],\"inLanguage\":\"es\"},{\"@type\":\"Organization\",\"@id\":\"https:\/\/www.mpppst.gob.ve\/mpppstweb\/#organization\",\"name\":\"mpppst\",\"url\":\"https:\/\/www.mpppst.gob.ve\/mpppstweb\/\",\"logo\":{\"@type\":\"ImageObject\",\"inLanguage\":\"es\",\"@id\":\"https:\/\/www.mpppst.gob.ve\/mpppstweb\/#\/schema\/logo\/image\/\",\"url\":\"https:\/\/www.mpppst.gob.ve\/mpppstweb\/wp-content\/uploads\/2025\/07\/cropped-cropped-g910.png\",\"contentUrl\":\"https:\/\/www.mpppst.gob.ve\/mpppstweb\/wp-content\/uploads\/2025\/07\/cropped-cropped-g910.png\",\"width\":1080,\"height\":241,\"caption\":\"mpppst\"},\"image\":{\"@id\":\"https:\/\/www.mpppst.gob.ve\/mpppstweb\/#\/schema\/logo\/image\/\"}},{\"@type\":\"Person\",\"@id\":\"https:\/\/www.mpppst.gob.ve\/mpppstweb\/#\/schema\/person\/fc187ee8ead412bd4c9304b62f900ea4\",\"name\":\"MPPPST Prensa\",\"url\":\"https:\/\/www.mpppst.gob.ve\/mpppstweb\/index.php\/author\/prensa-mpppst\/\"}]}<\/script>\n<!-- \/ Yoast SEO plugin. -->","yoast_head_json":{"title":"Inces instala Primer Seminario de Formaci\u00f3n y Autoformaci\u00f3n Productiva - MPPPST","robots":{"index":"index","follow":"follow","max-snippet":"max-snippet:-1","max-image-preview":"max-image-preview:large","max-video-preview":"max-video-preview:-1"},"canonical":"https:\/\/www.mpppst.gob.ve\/mpppstweb\/index.php\/2016\/12\/01\/inces-instala-primer-seminario-de-formacion-y-autoformacion-productiva\/","og_locale":"es_ES","og_type":"article","og_title":"Inces instala Primer Seminario de Formaci\u00f3n y Autoformaci\u00f3n Productiva - MPPPST","og_description":"Desde las instalaciones del Instituto Nacional de Capacitaci\u00f3n y Educaci\u00f3n Socialista (Inces), en la ciudad de &hellip; Inces instala Primer Seminario de Formaci\u00f3n y Autoformaci\u00f3n ProductivaRead more","og_url":"https:\/\/www.mpppst.gob.ve\/mpppstweb\/index.php\/2016\/12\/01\/inces-instala-primer-seminario-de-formacion-y-autoformacion-productiva\/","og_site_name":"MPPPST","article_published_time":"2016-12-01T21:53:20+00:00","og_image":[{"width":800,"height":445,"url":"https:\/\/www.mpppst.gob.ve\/mpppstweb\/wp-content\/uploads\/2016\/12\/autoformaci\u00f2n-colectiva.jpg","type":"image\/jpeg"}],"author":"MPPPST Prensa","twitter_card":"summary_large_image","twitter_misc":{"Escrito por":"MPPPST Prensa","Tiempo de lectura":"2 minutos"},"schema":{"@context":"https:\/\/schema.org","@graph":[{"@type":"Article","@id":"https:\/\/www.mpppst.gob.ve\/mpppstweb\/index.php\/2016\/12\/01\/inces-instala-primer-seminario-de-formacion-y-autoformacion-productiva\/#article","isPartOf":{"@id":"https:\/\/www.mpppst.gob.ve\/mpppstweb\/index.php\/2016\/12\/01\/inces-instala-primer-seminario-de-formacion-y-autoformacion-productiva\/"},"author":{"name":"MPPPST Prensa","@id":"https:\/\/www.mpppst.gob.ve\/mpppstweb\/#\/schema\/person\/fc187ee8ead412bd4c9304b62f900ea4"},"headline":"Inces instala Primer Seminario de Formaci\u00f3n y Autoformaci\u00f3n Productiva","datePublished":"2016-12-01T21:53:20+00:00","dateModified":"2016-12-01T21:53:20+00:00","mainEntityOfPage":{"@id":"https:\/\/www.mpppst.gob.ve\/mpppstweb\/index.php\/2016\/12\/01\/inces-instala-primer-seminario-de-formacion-y-autoformacion-productiva\/"},"wordCount":417,"publisher":{"@id":"https:\/\/www.mpppst.gob.ve\/mpppstweb\/#organization"},"image":{"@id":"https:\/\/www.mpppst.gob.ve\/mpppstweb\/index.php\/2016\/12\/01\/inces-instala-primer-seminario-de-formacion-y-autoformacion-productiva\/#primaryimage"},"thumbnailUrl":"https:\/\/www.mpppst.gob.ve\/mpppstweb\/wp-content\/uploads\/2016\/12\/autoformaci\u00f2n-colectiva.jpg","keywords":["AUTOFORMACI\u00d3N COLECTIVA","Cadenas productivas"],"articleSection":["Autoformacion","INCES"],"inLanguage":"es"},{"@type":"WebPage","@id":"https:\/\/www.mpppst.gob.ve\/mpppstweb\/index.php\/2016\/12\/01\/inces-instala-primer-seminario-de-formacion-y-autoformacion-productiva\/","url":"https:\/\/www.mpppst.gob.ve\/mpppstweb\/index.php\/2016\/12\/01\/inces-instala-primer-seminario-de-formacion-y-autoformacion-productiva\/","name":"Inces instala Primer Seminario de Formaci\u00f3n y Autoformaci\u00f3n Productiva - MPPPST","isPartOf":{"@id":"https:\/\/www.mpppst.gob.ve\/mpppstweb\/#website"},"primaryImageOfPage":{"@id":"https:\/\/www.mpppst.gob.ve\/mpppstweb\/index.php\/2016\/12\/01\/inces-instala-primer-seminario-de-formacion-y-autoformacion-productiva\/#primaryimage"},"image":{"@id":"https:\/\/www.mpppst.gob.ve\/mpppstweb\/index.php\/2016\/12\/01\/inces-instala-primer-seminario-de-formacion-y-autoformacion-productiva\/#primaryimage"},"thumbnailUrl":"https:\/\/www.mpppst.gob.ve\/mpppstweb\/wp-content\/uploads\/2016\/12\/autoformaci\u00f2n-colectiva.jpg","datePublished":"2016-12-01T21:53:20+00:00","dateModified":"2016-12-01T21:53:20+00:00","breadcrumb":{"@id":"https:\/\/www.mpppst.gob.ve\/mpppstweb\/index.php\/2016\/12\/01\/inces-instala-primer-seminario-de-formacion-y-autoformacion-productiva\/#breadcrumb"},"inLanguage":"es","potentialAction":[{"@type":"ReadAction","target":["https:\/\/www.mpppst.gob.ve\/mpppstweb\/index.php\/2016\/12\/01\/inces-instala-primer-seminario-de-formacion-y-autoformacion-productiva\/"]}]},{"@type":"ImageObject","inLanguage":"es","@id":"https:\/\/www.mpppst.gob.ve\/mpppstweb\/index.php\/2016\/12\/01\/inces-instala-primer-seminario-de-formacion-y-autoformacion-productiva\/#primaryimage","url":"https:\/\/www.mpppst.gob.ve\/mpppstweb\/wp-content\/uploads\/2016\/12\/autoformaci\u00f2n-colectiva.jpg","contentUrl":"https:\/\/www.mpppst.gob.ve\/mpppstweb\/wp-content\/uploads\/2016\/12\/autoformaci\u00f2n-colectiva.jpg","width":800,"height":445},{"@type":"BreadcrumbList","@id":"https:\/\/www.mpppst.gob.ve\/mpppstweb\/index.php\/2016\/12\/01\/inces-instala-primer-seminario-de-formacion-y-autoformacion-productiva\/#breadcrumb","itemListElement":[{"@type":"ListItem","position":1,"name":"Home","item":"https:\/\/www.mpppst.gob.ve\/mpppstweb\/"},{"@type":"ListItem","position":2,"name":"Inces instala Primer Seminario de Formaci\u00f3n y Autoformaci\u00f3n Productiva"}]},{"@type":"WebSite","@id":"https:\/\/www.mpppst.gob.ve\/mpppstweb\/#website","url":"https:\/\/www.mpppst.gob.ve\/mpppstweb\/","name":"MPPPST","description":"Ministerio del Poder Popular para el Proceso Social de Trabajo","publisher":{"@id":"https:\/\/www.mpppst.gob.ve\/mpppstweb\/#organization"},"potentialAction":[{"@type":"SearchAction","target":{"@type":"EntryPoint","urlTemplate":"https:\/\/www.mpppst.gob.ve\/mpppstweb\/?s={search_term_string}"},"query-input":"required name=search_term_string"}],"inLanguage":"es"},{"@type":"Organization","@id":"https:\/\/www.mpppst.gob.ve\/mpppstweb\/#organization","name":"mpppst","url":"https:\/\/www.mpppst.gob.ve\/mpppstweb\/","logo":{"@type":"ImageObject","inLanguage":"es","@id":"https:\/\/www.mpppst.gob.ve\/mpppstweb\/#\/schema\/logo\/image\/","url":"https:\/\/www.mpppst.gob.ve\/mpppstweb\/wp-content\/uploads\/2025\/07\/cropped-cropped-g910.png","contentUrl":"https:\/\/www.mpppst.gob.ve\/mpppstweb\/wp-content\/uploads\/2025\/07\/cropped-cropped-g910.png","width":1080,"height":241,"caption":"mpppst"},"image":{"@id":"https:\/\/www.mpppst.gob.ve\/mpppstweb\/#\/schema\/logo\/image\/"}},{"@type":"Person","@id":"https:\/\/www.mpppst.gob.ve\/mpppstweb\/#\/schema\/person\/fc187ee8ead412bd4c9304b62f900ea4","name":"MPPPST Prensa","url":"https:\/\/www.mpppst.gob.ve\/mpppstweb\/index.php\/author\/prensa-mpppst\/"}]}},"_links":{"self":[{"href":"https:\/\/www.mpppst.gob.ve\/mpppstweb\/index.php\/wp-json\/wp\/v2\/posts\/9505"}],"collection":[{"href":"https:\/\/www.mpppst.gob.ve\/mpppstweb\/index.php\/wp-json\/wp\/v2\/posts"}],"about":[{"href":"https:\/\/www.mpppst.gob.ve\/mpppstweb\/index.php\/wp-json\/wp\/v2\/types\/post"}],"author":[{"embeddable":true,"href":"https:\/\/www.mpppst.gob.ve\/mpppstweb\/index.php\/wp-json\/wp\/v2\/users\/25"}],"replies":[{"embeddable":true,"href":"https:\/\/www.mpppst.gob.ve\/mpppstweb\/index.php\/wp-json\/wp\/v2\/comments?post=9505"}],"version-history":[{"count":1,"href":"https:\/\/www.mpppst.gob.ve\/mpppstweb\/index.php\/wp-json\/wp\/v2\/posts\/9505\/revisions"}],"predecessor-version":[{"id":9507,"href":"https:\/\/www.mpppst.gob.ve\/mpppstweb\/index.php\/wp-json\/wp\/v2\/posts\/9505\/revisions\/9507"}],"wp:featuredmedia":[{"embeddable":true,"href":"https:\/\/www.mpppst.gob.ve\/mpppstweb\/index.php\/wp-json\/wp\/v2\/media\/9506"}],"wp:attachment":[{"href":"https:\/\/www.mpppst.gob.ve\/mpppstweb\/index.php\/wp-json\/wp\/v2\/media?parent=9505"}],"wp:term":[{"taxonomy":"category","embeddable":true,"href":"https:\/\/www.mpppst.gob.ve\/mpppstweb\/index.php\/wp-json\/wp\/v2\/categories?post=9505"},{"taxonomy":"post_tag","embeddable":true,"href":"https:\/\/www.mpppst.gob.ve\/mpppstweb\/index.php\/wp-json\/wp\/v2\/tags?post=9505"}],"curies":[{"name":"wp","href":"https:\/\/api.w.org\/{rel}","templated":true}]}}