{"id":9533,"date":"2016-12-02T21:08:28","date_gmt":"2016-12-02T21:08:28","guid":{"rendered":"http:\/\/www.mpppst.gob.ve\/mpppstweb\/?p=9533"},"modified":"2016-12-02T21:08:28","modified_gmt":"2016-12-02T21:08:28","slug":"presidente-maduro-aprobara-nuevos-proyectos-y-recursos-para-fortalecer-los-clap","status":"publish","type":"post","link":"https:\/\/www.mpppst.gob.ve\/mpppstweb\/index.php\/2016\/12\/02\/presidente-maduro-aprobara-nuevos-proyectos-y-recursos-para-fortalecer-los-clap\/","title":{"rendered":"Presidente Maduro aprobar\u00e1 nuevos proyectos y recursos para fortalecer los Clap"},"content":{"rendered":"<div class=\"cuerpo\">\n<div class=\"contenido\">\n<div>\n<p>AVN.- El presidente de la Rep\u00fablica, Nicol\u00e1s Maduro, inform\u00f3 que este viernes sostendr\u00e1 un encuentro con l\u00edderes de corredores populares para aprobar proyectos y recursos orientados a fortalecer y expandir los Comit\u00e9s Locales de Abastecimiento y Producci\u00f3n (Clap).<\/p>\n<p>As\u00ed lo inform\u00f3 el Jefe de Estado en su cuenta de twitter, en la que a\u00f1adi\u00f3: \u00abPendientes porque informar\u00e9 y fijar\u00e9 posici\u00f3n frente a nuevas agresiones de la derecha golpista contra nuestra Patria&#8230;Fuerza y Victoria&#8230;\u00bb.<\/p>\n<p>Los corredores populares es una forma de organizaci\u00f3n social en las comunidades que priorizan la aplicaci\u00f3n de la Agenda Concreta de Acci\u00f3n (ACA) del Plan de la Patria Comunal, con el objetivo de mejorar los servicios b\u00e1sico y de atenci\u00f3n de acuerdo a la necesidad puntual de cada sector.<\/p>\n<\/div>\n<\/div>\n<\/div>\n<div class=\"contenedor-fecha-hora clearfix\"><\/div>\n","protected":false},"excerpt":{"rendered":"<p>AVN.- El presidente de la Rep\u00fablica, Nicol\u00e1s Maduro, inform\u00f3 que este viernes sostendr\u00e1 un encuentro con &hellip; <a title=\"Presidente Maduro aprobar\u00e1 nuevos proyectos y recursos para fortalecer los Clap\" class=\"hm-read-more\" href=\"https:\/\/www.mpppst.gob.ve\/mpppstweb\/index.php\/2016\/12\/02\/presidente-maduro-aprobara-nuevos-proyectos-y-recursos-para-fortalecer-los-clap\/\"><span class=\"screen-reader-text\">Presidente Maduro aprobar\u00e1 nuevos proyectos y recursos para fortalecer los Clap<\/span>Read more<\/a><\/p>\n","protected":false},"author":25,"featured_media":9534,"comment_status":"closed","ping_status":"closed","sticky":false,"template":"","format":"standard","meta":{"footnotes":""},"categories":[82,163],"tags":[222,242],"yoast_head":"<!-- This site is optimized with the Yoast SEO plugin v22.5 - https:\/\/yoast.com\/wordpress\/plugins\/seo\/ -->\n<title>Presidente Maduro aprobar\u00e1 nuevos proyectos y recursos para fortalecer los Clap - MPPPST<\/title>\n<meta name=\"robots\" content=\"index, follow, max-snippet:-1, max-image-preview:large, max-video-preview:-1\" \/>\n<link rel=\"canonical\" href=\"https:\/\/www.mpppst.gob.ve\/mpppstweb\/index.php\/2016\/12\/02\/presidente-maduro-aprobara-nuevos-proyectos-y-recursos-para-fortalecer-los-clap\/\" \/>\n<meta property=\"og:locale\" content=\"es_ES\" \/>\n<meta property=\"og:type\" content=\"article\" \/>\n<meta property=\"og:title\" content=\"Presidente Maduro aprobar\u00e1 nuevos proyectos y recursos para fortalecer los Clap - MPPPST\" \/>\n<meta property=\"og:description\" content=\"AVN.- El presidente de la Rep\u00fablica, Nicol\u00e1s Maduro, inform\u00f3 que este viernes sostendr\u00e1 un encuentro con &hellip; Presidente Maduro aprobar\u00e1 nuevos proyectos y recursos para fortalecer los ClapRead more\" \/>\n<meta property=\"og:url\" content=\"https:\/\/www.mpppst.gob.ve\/mpppstweb\/index.php\/2016\/12\/02\/presidente-maduro-aprobara-nuevos-proyectos-y-recursos-para-fortalecer-los-clap\/\" \/>\n<meta property=\"og:site_name\" content=\"MPPPST\" \/>\n<meta property=\"article:published_time\" content=\"2016-12-02T21:08:28+00:00\" \/>\n<meta property=\"og:image\" content=\"https:\/\/www.mpppst.gob.ve\/mpppstweb\/wp-content\/uploads\/2016\/12\/MADURITO.jpg\" \/>\n\t<meta property=\"og:image:width\" content=\"800\" \/>\n\t<meta property=\"og:image:height\" content=\"445\" \/>\n\t<meta property=\"og:image:type\" content=\"image\/jpeg\" \/>\n<meta name=\"author\" content=\"MPPPST Prensa\" \/>\n<meta name=\"twitter:card\" content=\"summary_large_image\" \/>\n<meta name=\"twitter:label1\" content=\"Escrito por\" \/>\n\t<meta name=\"twitter:data1\" content=\"MPPPST Prensa\" \/>\n\t<meta name=\"twitter:label2\" content=\"Tiempo de lectura\" \/>\n\t<meta name=\"twitter:data2\" content=\"1 minuto\" \/>\n<script type=\"application\/ld+json\" class=\"yoast-schema-graph\">{\"@context\":\"https:\/\/schema.org\",\"@graph\":[{\"@type\":\"Article\",\"@id\":\"https:\/\/www.mpppst.gob.ve\/mpppstweb\/index.php\/2016\/12\/02\/presidente-maduro-aprobara-nuevos-proyectos-y-recursos-para-fortalecer-los-clap\/#article\",\"isPartOf\":{\"@id\":\"https:\/\/www.mpppst.gob.ve\/mpppstweb\/index.php\/2016\/12\/02\/presidente-maduro-aprobara-nuevos-proyectos-y-recursos-para-fortalecer-los-clap\/\"},\"author\":{\"name\":\"MPPPST Prensa\",\"@id\":\"https:\/\/www.mpppst.gob.ve\/mpppstweb\/#\/schema\/person\/fc187ee8ead412bd4c9304b62f900ea4\"},\"headline\":\"Presidente Maduro aprobar\u00e1 nuevos proyectos y recursos para fortalecer los Clap\",\"datePublished\":\"2016-12-02T21:08:28+00:00\",\"dateModified\":\"2016-12-02T21:08:28+00:00\",\"mainEntityOfPage\":{\"@id\":\"https:\/\/www.mpppst.gob.ve\/mpppstweb\/index.php\/2016\/12\/02\/presidente-maduro-aprobara-nuevos-proyectos-y-recursos-para-fortalecer-los-clap\/\"},\"wordCount\":147,\"publisher\":{\"@id\":\"https:\/\/www.mpppst.gob.ve\/mpppstweb\/#organization\"},\"image\":{\"@id\":\"https:\/\/www.mpppst.gob.ve\/mpppstweb\/index.php\/2016\/12\/02\/presidente-maduro-aprobara-nuevos-proyectos-y-recursos-para-fortalecer-los-clap\/#primaryimage\"},\"thumbnailUrl\":\"https:\/\/www.mpppst.gob.ve\/mpppstweb\/wp-content\/uploads\/2016\/12\/MADURITO.jpg\",\"keywords\":[\"Gobierno Bolivariano\",\"Justa distribuci\u00f3n de la riqueza\"],\"articleSection\":[\"Gobierno Nacional\",\"Noticias\"],\"inLanguage\":\"es\"},{\"@type\":\"WebPage\",\"@id\":\"https:\/\/www.mpppst.gob.ve\/mpppstweb\/index.php\/2016\/12\/02\/presidente-maduro-aprobara-nuevos-proyectos-y-recursos-para-fortalecer-los-clap\/\",\"url\":\"https:\/\/www.mpppst.gob.ve\/mpppstweb\/index.php\/2016\/12\/02\/presidente-maduro-aprobara-nuevos-proyectos-y-recursos-para-fortalecer-los-clap\/\",\"name\":\"Presidente Maduro aprobar\u00e1 nuevos proyectos y recursos para fortalecer los Clap - MPPPST\",\"isPartOf\":{\"@id\":\"https:\/\/www.mpppst.gob.ve\/mpppstweb\/#website\"},\"primaryImageOfPage\":{\"@id\":\"https:\/\/www.mpppst.gob.ve\/mpppstweb\/index.php\/2016\/12\/02\/presidente-maduro-aprobara-nuevos-proyectos-y-recursos-para-fortalecer-los-clap\/#primaryimage\"},\"image\":{\"@id\":\"https:\/\/www.mpppst.gob.ve\/mpppstweb\/index.php\/2016\/12\/02\/presidente-maduro-aprobara-nuevos-proyectos-y-recursos-para-fortalecer-los-clap\/#primaryimage\"},\"thumbnailUrl\":\"https:\/\/www.mpppst.gob.ve\/mpppstweb\/wp-content\/uploads\/2016\/12\/MADURITO.jpg\",\"datePublished\":\"2016-12-02T21:08:28+00:00\",\"dateModified\":\"2016-12-02T21:08:28+00:00\",\"breadcrumb\":{\"@id\":\"https:\/\/www.mpppst.gob.ve\/mpppstweb\/index.php\/2016\/12\/02\/presidente-maduro-aprobara-nuevos-proyectos-y-recursos-para-fortalecer-los-clap\/#breadcrumb\"},\"inLanguage\":\"es\",\"potentialAction\":[{\"@type\":\"ReadAction\",\"target\":[\"https:\/\/www.mpppst.gob.ve\/mpppstweb\/index.php\/2016\/12\/02\/presidente-maduro-aprobara-nuevos-proyectos-y-recursos-para-fortalecer-los-clap\/\"]}]},{\"@type\":\"ImageObject\",\"inLanguage\":\"es\",\"@id\":\"https:\/\/www.mpppst.gob.ve\/mpppstweb\/index.php\/2016\/12\/02\/presidente-maduro-aprobara-nuevos-proyectos-y-recursos-para-fortalecer-los-clap\/#primaryimage\",\"url\":\"https:\/\/www.mpppst.gob.ve\/mpppstweb\/wp-content\/uploads\/2016\/12\/MADURITO.jpg\",\"contentUrl\":\"https:\/\/www.mpppst.gob.ve\/mpppstweb\/wp-content\/uploads\/2016\/12\/MADURITO.jpg\",\"width\":800,\"height\":445},{\"@type\":\"BreadcrumbList\",\"@id\":\"https:\/\/www.mpppst.gob.ve\/mpppstweb\/index.php\/2016\/12\/02\/presidente-maduro-aprobara-nuevos-proyectos-y-recursos-para-fortalecer-los-clap\/#breadcrumb\",\"itemListElement\":[{\"@type\":\"ListItem\",\"position\":1,\"name\":\"Home\",\"item\":\"https:\/\/www.mpppst.gob.ve\/mpppstweb\/\"},{\"@type\":\"ListItem\",\"position\":2,\"name\":\"Presidente Maduro aprobar\u00e1 nuevos proyectos y recursos para fortalecer los Clap\"}]},{\"@type\":\"WebSite\",\"@id\":\"https:\/\/www.mpppst.gob.ve\/mpppstweb\/#website\",\"url\":\"https:\/\/www.mpppst.gob.ve\/mpppstweb\/\",\"name\":\"MPPPST\",\"description\":\"Ministerio del Poder Popular para el Proceso Social de Trabajo\",\"publisher\":{\"@id\":\"https:\/\/www.mpppst.gob.ve\/mpppstweb\/#organization\"},\"potentialAction\":[{\"@type\":\"SearchAction\",\"target\":{\"@type\":\"EntryPoint\",\"urlTemplate\":\"https:\/\/www.mpppst.gob.ve\/mpppstweb\/?s={search_term_string}\"},\"query-input\":\"required name=search_term_string\"}],\"inLanguage\":\"es\"},{\"@type\":\"Organization\",\"@id\":\"https:\/\/www.mpppst.gob.ve\/mpppstweb\/#organization\",\"name\":\"mpppst\",\"url\":\"https:\/\/www.mpppst.gob.ve\/mpppstweb\/\",\"logo\":{\"@type\":\"ImageObject\",\"inLanguage\":\"es\",\"@id\":\"https:\/\/www.mpppst.gob.ve\/mpppstweb\/#\/schema\/logo\/image\/\",\"url\":\"https:\/\/www.mpppst.gob.ve\/mpppstweb\/wp-content\/uploads\/2025\/07\/cropped-cropped-g910.png\",\"contentUrl\":\"https:\/\/www.mpppst.gob.ve\/mpppstweb\/wp-content\/uploads\/2025\/07\/cropped-cropped-g910.png\",\"width\":1080,\"height\":241,\"caption\":\"mpppst\"},\"image\":{\"@id\":\"https:\/\/www.mpppst.gob.ve\/mpppstweb\/#\/schema\/logo\/image\/\"}},{\"@type\":\"Person\",\"@id\":\"https:\/\/www.mpppst.gob.ve\/mpppstweb\/#\/schema\/person\/fc187ee8ead412bd4c9304b62f900ea4\",\"name\":\"MPPPST Prensa\",\"url\":\"https:\/\/www.mpppst.gob.ve\/mpppstweb\/index.php\/author\/prensa-mpppst\/\"}]}<\/script>\n<!-- \/ Yoast SEO plugin. -->","yoast_head_json":{"title":"Presidente Maduro aprobar\u00e1 nuevos proyectos y recursos para fortalecer los Clap - MPPPST","robots":{"index":"index","follow":"follow","max-snippet":"max-snippet:-1","max-image-preview":"max-image-preview:large","max-video-preview":"max-video-preview:-1"},"canonical":"https:\/\/www.mpppst.gob.ve\/mpppstweb\/index.php\/2016\/12\/02\/presidente-maduro-aprobara-nuevos-proyectos-y-recursos-para-fortalecer-los-clap\/","og_locale":"es_ES","og_type":"article","og_title":"Presidente Maduro aprobar\u00e1 nuevos proyectos y recursos para fortalecer los Clap - MPPPST","og_description":"AVN.- El presidente de la Rep\u00fablica, Nicol\u00e1s Maduro, inform\u00f3 que este viernes sostendr\u00e1 un encuentro con &hellip; Presidente Maduro aprobar\u00e1 nuevos proyectos y recursos para fortalecer los ClapRead more","og_url":"https:\/\/www.mpppst.gob.ve\/mpppstweb\/index.php\/2016\/12\/02\/presidente-maduro-aprobara-nuevos-proyectos-y-recursos-para-fortalecer-los-clap\/","og_site_name":"MPPPST","article_published_time":"2016-12-02T21:08:28+00:00","og_image":[{"width":800,"height":445,"url":"https:\/\/www.mpppst.gob.ve\/mpppstweb\/wp-content\/uploads\/2016\/12\/MADURITO.jpg","type":"image\/jpeg"}],"author":"MPPPST Prensa","twitter_card":"summary_large_image","twitter_misc":{"Escrito por":"MPPPST Prensa","Tiempo de lectura":"1 minuto"},"schema":{"@context":"https:\/\/schema.org","@graph":[{"@type":"Article","@id":"https:\/\/www.mpppst.gob.ve\/mpppstweb\/index.php\/2016\/12\/02\/presidente-maduro-aprobara-nuevos-proyectos-y-recursos-para-fortalecer-los-clap\/#article","isPartOf":{"@id":"https:\/\/www.mpppst.gob.ve\/mpppstweb\/index.php\/2016\/12\/02\/presidente-maduro-aprobara-nuevos-proyectos-y-recursos-para-fortalecer-los-clap\/"},"author":{"name":"MPPPST Prensa","@id":"https:\/\/www.mpppst.gob.ve\/mpppstweb\/#\/schema\/person\/fc187ee8ead412bd4c9304b62f900ea4"},"headline":"Presidente Maduro aprobar\u00e1 nuevos proyectos y recursos para fortalecer los Clap","datePublished":"2016-12-02T21:08:28+00:00","dateModified":"2016-12-02T21:08:28+00:00","mainEntityOfPage":{"@id":"https:\/\/www.mpppst.gob.ve\/mpppstweb\/index.php\/2016\/12\/02\/presidente-maduro-aprobara-nuevos-proyectos-y-recursos-para-fortalecer-los-clap\/"},"wordCount":147,"publisher":{"@id":"https:\/\/www.mpppst.gob.ve\/mpppstweb\/#organization"},"image":{"@id":"https:\/\/www.mpppst.gob.ve\/mpppstweb\/index.php\/2016\/12\/02\/presidente-maduro-aprobara-nuevos-proyectos-y-recursos-para-fortalecer-los-clap\/#primaryimage"},"thumbnailUrl":"https:\/\/www.mpppst.gob.ve\/mpppstweb\/wp-content\/uploads\/2016\/12\/MADURITO.jpg","keywords":["Gobierno Bolivariano","Justa distribuci\u00f3n de la riqueza"],"articleSection":["Gobierno Nacional","Noticias"],"inLanguage":"es"},{"@type":"WebPage","@id":"https:\/\/www.mpppst.gob.ve\/mpppstweb\/index.php\/2016\/12\/02\/presidente-maduro-aprobara-nuevos-proyectos-y-recursos-para-fortalecer-los-clap\/","url":"https:\/\/www.mpppst.gob.ve\/mpppstweb\/index.php\/2016\/12\/02\/presidente-maduro-aprobara-nuevos-proyectos-y-recursos-para-fortalecer-los-clap\/","name":"Presidente Maduro aprobar\u00e1 nuevos proyectos y recursos para fortalecer los Clap - MPPPST","isPartOf":{"@id":"https:\/\/www.mpppst.gob.ve\/mpppstweb\/#website"},"primaryImageOfPage":{"@id":"https:\/\/www.mpppst.gob.ve\/mpppstweb\/index.php\/2016\/12\/02\/presidente-maduro-aprobara-nuevos-proyectos-y-recursos-para-fortalecer-los-clap\/#primaryimage"},"image":{"@id":"https:\/\/www.mpppst.gob.ve\/mpppstweb\/index.php\/2016\/12\/02\/presidente-maduro-aprobara-nuevos-proyectos-y-recursos-para-fortalecer-los-clap\/#primaryimage"},"thumbnailUrl":"https:\/\/www.mpppst.gob.ve\/mpppstweb\/wp-content\/uploads\/2016\/12\/MADURITO.jpg","datePublished":"2016-12-02T21:08:28+00:00","dateModified":"2016-12-02T21:08:28+00:00","breadcrumb":{"@id":"https:\/\/www.mpppst.gob.ve\/mpppstweb\/index.php\/2016\/12\/02\/presidente-maduro-aprobara-nuevos-proyectos-y-recursos-para-fortalecer-los-clap\/#breadcrumb"},"inLanguage":"es","potentialAction":[{"@type":"ReadAction","target":["https:\/\/www.mpppst.gob.ve\/mpppstweb\/index.php\/2016\/12\/02\/presidente-maduro-aprobara-nuevos-proyectos-y-recursos-para-fortalecer-los-clap\/"]}]},{"@type":"ImageObject","inLanguage":"es","@id":"https:\/\/www.mpppst.gob.ve\/mpppstweb\/index.php\/2016\/12\/02\/presidente-maduro-aprobara-nuevos-proyectos-y-recursos-para-fortalecer-los-clap\/#primaryimage","url":"https:\/\/www.mpppst.gob.ve\/mpppstweb\/wp-content\/uploads\/2016\/12\/MADURITO.jpg","contentUrl":"https:\/\/www.mpppst.gob.ve\/mpppstweb\/wp-content\/uploads\/2016\/12\/MADURITO.jpg","width":800,"height":445},{"@type":"BreadcrumbList","@id":"https:\/\/www.mpppst.gob.ve\/mpppstweb\/index.php\/2016\/12\/02\/presidente-maduro-aprobara-nuevos-proyectos-y-recursos-para-fortalecer-los-clap\/#breadcrumb","itemListElement":[{"@type":"ListItem","position":1,"name":"Home","item":"https:\/\/www.mpppst.gob.ve\/mpppstweb\/"},{"@type":"ListItem","position":2,"name":"Presidente Maduro aprobar\u00e1 nuevos proyectos y recursos para fortalecer los Clap"}]},{"@type":"WebSite","@id":"https:\/\/www.mpppst.gob.ve\/mpppstweb\/#website","url":"https:\/\/www.mpppst.gob.ve\/mpppstweb\/","name":"MPPPST","description":"Ministerio del Poder Popular para el Proceso Social de Trabajo","publisher":{"@id":"https:\/\/www.mpppst.gob.ve\/mpppstweb\/#organization"},"potentialAction":[{"@type":"SearchAction","target":{"@type":"EntryPoint","urlTemplate":"https:\/\/www.mpppst.gob.ve\/mpppstweb\/?s={search_term_string}"},"query-input":"required name=search_term_string"}],"inLanguage":"es"},{"@type":"Organization","@id":"https:\/\/www.mpppst.gob.ve\/mpppstweb\/#organization","name":"mpppst","url":"https:\/\/www.mpppst.gob.ve\/mpppstweb\/","logo":{"@type":"ImageObject","inLanguage":"es","@id":"https:\/\/www.mpppst.gob.ve\/mpppstweb\/#\/schema\/logo\/image\/","url":"https:\/\/www.mpppst.gob.ve\/mpppstweb\/wp-content\/uploads\/2025\/07\/cropped-cropped-g910.png","contentUrl":"https:\/\/www.mpppst.gob.ve\/mpppstweb\/wp-content\/uploads\/2025\/07\/cropped-cropped-g910.png","width":1080,"height":241,"caption":"mpppst"},"image":{"@id":"https:\/\/www.mpppst.gob.ve\/mpppstweb\/#\/schema\/logo\/image\/"}},{"@type":"Person","@id":"https:\/\/www.mpppst.gob.ve\/mpppstweb\/#\/schema\/person\/fc187ee8ead412bd4c9304b62f900ea4","name":"MPPPST Prensa","url":"https:\/\/www.mpppst.gob.ve\/mpppstweb\/index.php\/author\/prensa-mpppst\/"}]}},"_links":{"self":[{"href":"https:\/\/www.mpppst.gob.ve\/mpppstweb\/index.php\/wp-json\/wp\/v2\/posts\/9533"}],"collection":[{"href":"https:\/\/www.mpppst.gob.ve\/mpppstweb\/index.php\/wp-json\/wp\/v2\/posts"}],"about":[{"href":"https:\/\/www.mpppst.gob.ve\/mpppstweb\/index.php\/wp-json\/wp\/v2\/types\/post"}],"author":[{"embeddable":true,"href":"https:\/\/www.mpppst.gob.ve\/mpppstweb\/index.php\/wp-json\/wp\/v2\/users\/25"}],"replies":[{"embeddable":true,"href":"https:\/\/www.mpppst.gob.ve\/mpppstweb\/index.php\/wp-json\/wp\/v2\/comments?post=9533"}],"version-history":[{"count":1,"href":"https:\/\/www.mpppst.gob.ve\/mpppstweb\/index.php\/wp-json\/wp\/v2\/posts\/9533\/revisions"}],"predecessor-version":[{"id":9535,"href":"https:\/\/www.mpppst.gob.ve\/mpppstweb\/index.php\/wp-json\/wp\/v2\/posts\/9533\/revisions\/9535"}],"wp:featuredmedia":[{"embeddable":true,"href":"https:\/\/www.mpppst.gob.ve\/mpppstweb\/index.php\/wp-json\/wp\/v2\/media\/9534"}],"wp:attachment":[{"href":"https:\/\/www.mpppst.gob.ve\/mpppstweb\/index.php\/wp-json\/wp\/v2\/media?parent=9533"}],"wp:term":[{"taxonomy":"category","embeddable":true,"href":"https:\/\/www.mpppst.gob.ve\/mpppstweb\/index.php\/wp-json\/wp\/v2\/categories?post=9533"},{"taxonomy":"post_tag","embeddable":true,"href":"https:\/\/www.mpppst.gob.ve\/mpppstweb\/index.php\/wp-json\/wp\/v2\/tags?post=9533"}],"curies":[{"name":"wp","href":"https:\/\/api.w.org\/{rel}","templated":true}]}}