{"id":9551,"date":"2016-12-05T13:44:49","date_gmt":"2016-12-05T13:44:49","guid":{"rendered":"http:\/\/www.mpppst.gob.ve\/mpppstweb\/?p=9551"},"modified":"2016-12-05T13:44:49","modified_gmt":"2016-12-05T13:44:49","slug":"presidente-maduro-aqui-estamos-defendiendo-un-pais-porque-el-ataque-es-contra-todos","status":"publish","type":"post","link":"https:\/\/www.mpppst.gob.ve\/mpppstweb\/index.php\/2016\/12\/05\/presidente-maduro-aqui-estamos-defendiendo-un-pais-porque-el-ataque-es-contra-todos\/","title":{"rendered":"Presidente Maduro: Aqu\u00ed estamos defendiendo un pa\u00eds, porque el ataque es contra todos"},"content":{"rendered":"<p>AVN.- Durante su participaci\u00f3n en una reuni\u00f3n extraordinaria del Consejo Nacional de Econom\u00eda Productiva, el presidente de la Rep\u00fablica, Nicol\u00e1s Maduro, exhort\u00f3 este s\u00e1bado a los integrantes de dicho consejo a trabajar por la estabilidad financiera, monetaria, pol\u00edtica y social del pa\u00eds.<\/p>\n<p>\u00abLos llamo a cada uno de ustedes a que aislemos a los sectores que est\u00e1n promoviendo estos golpes diversos y continuados contra la econom\u00eda del pa\u00eds y que no solo lo rechacemos de palabra, sino que unamos un esfuerzo en la pol\u00edtica de Estado, en la pol\u00edtica gubernamental (&#8230;) unamos un solo esfuerzo para aislar a todos estos grupos\u00bb, se\u00f1al\u00f3.<\/p>\n<p>Desde el Palacio Blanco, en Caracas, donde se efectu\u00f3 este encuentro, el jefe de Estado reiter\u00f3 su llamado al sector privado a sumarse a esta lucha para evitar ataques a la econom\u00eda nacional.<\/p>\n<p>Tambi\u00e9n indic\u00f3 que el ataque cibern\u00e9tico de este viernes, que afect\u00f3 a m\u00e1s de 207.000 puntos de venta, no es solo contra su Gobierno, sino tambi\u00e9n contra el pueblo venezolano.<\/p>\n<p>\u00abNadie crea que estamos defiendo a un Gobierno. Aqu\u00ed estamos defendiendo un pa\u00eds, porque el ataque es contra todos\u00bb, dijo.<\/p>\n<p>En transmisi\u00f3n conjunta de radio y televisi\u00f3n, destac\u00f3 que el Consejo Nacional de Econom\u00eda Productiva es un espacio que ha servido para generar confianza entre el Gobierno y el sector privado, lo cual es fundamental para avanzar hacia el nuevo modelo econ\u00f3mico productivo y superar el rentismo petrolero.<\/p>\n<p><strong>Di\u00e1logo entre sectores p\u00fablico y privado<\/strong><\/p>\n<p>A prop\u00f3sito de esta reuni\u00f3n, el Presidente expres\u00f3 que el Consejo Nacional de Econom\u00eda Productiva es una instancia que demuestra que el dialogo entre sector privado y p\u00fablico avanza para garantizar la estabilidad de la naci\u00f3n.<\/p>\n<p>Detall\u00f3 que el Gobierno ha trabajado arduamente para proteger a Venezuela de una guerra perpetrada por sectores de la derecha.<\/p>\n<p>\u00abHa sido un a\u00f1o 2016 muy complejo y dif\u00edcil donde hemos hecho un gran esfuerzo para que el pa\u00eds contin\u00fae su funcionamiento. La batalla que da el Gobierno junto a empresarios m\u00e1s all\u00e1 de las diferencias es por todos y para todos\u00bb, sostuvo.<\/p>\n<p>Explic\u00f3 que dicho encuentro se realiz\u00f3 entre otros aspectos, con la finalidad de revisar, evaluar y solventar el reciente ataque cibern\u00e9tico al sistema para transacciones financieras de pago por tarjeta de d\u00e9bito y cr\u00e9dito de los bancos del pa\u00eds.<\/p>\n<p>Denunci\u00f3 que la derecha busca convertir las dificultades en un \u00abquiebre del pa\u00eds\u00bb y con esto una intervenci\u00f3n.<\/p>\n<p>El jefe de Estado venezolano anunci\u00f3 que durante este mes realizar\u00e1 dos viajes al exterior para concretar nuevos recursos econ\u00f3micos y cumplir compromisos con el pueblo venezolano.<\/p>\n<p><strong>Expansi\u00f3n del sistema financiero<\/strong><\/p>\n<p>Igualmente, el jefe de Estado llam\u00f3 a expandir y a fortalecer el sistema de pago electr\u00f3nico en todo el pa\u00eds, a fin de facilitar al pueblo las posibilidades de cancelaci\u00f3n de los bienes y servicios hasta el m\u00e1ximo nivel de la cadena comercial y de pago de la naci\u00f3n.<\/p>\n<p>Refiri\u00f3 que dentro del sistema de digitalizaci\u00f3n de pagos deben sumarse los Comit\u00e9s Locales de Abastecimiento y Producci\u00f3n (Clap), sobre todo al tomar en cuenta que la meta del Ejecutivo es llegar a 4 millones de hogares atendidos por estas instancias del poder popular organizado para los primeros meses de 2017, lo que se traduce en m\u00e1s 18 millones de personas y esto implica el manejo de grandes cantidades de dinero.<\/p>\n<p>Maduro recibi\u00f3 una serie de propuestas de esta instancia a fin de contrarrestar los ataques cibern\u00e9ticos a la moneda y el robo al papel moneda venezolano hacia Colombia.<\/p>\n<p>Apunt\u00f3 que procesar\u00e1 las sugerencias con prontitud para seguir activando respuestas entre este lunes, martes y mi\u00e9rcoles pr\u00f3ximos en todo el pa\u00eds, as\u00ed como en la frontera con Colombia.<\/p>\n<p>Por otra parte, el Presidente solicit\u00f3 la m\u00e1xima cooperaci\u00f3n interinstitucional y a todos los sectores empresariales y del comercio venezolano a respetar los precios sobre la base de los costos reales de producci\u00f3n para frenar al m\u00e1ximo la especulaci\u00f3n.<\/p>\n<p>Durante la actividad, el Consejo Nacional de Econom\u00eda Productiva tambi\u00e9n expres\u00f3 su rotundo rechazo a las acciones de ataques financieros y a la moneda que han perpetrado factores de la derecha con la intenci\u00f3n de desestabilizar y acabar con la Revoluci\u00f3n Bolivariana, como parte de la guerra econ\u00f3mica.<\/p>\n<p>\u00abCondenamos categ\u00f3ricamente estas acciones desestabilizadoras y criminales y asimismo respaldamos al Presidente de la Rep\u00fablica en la adopci\u00f3n de las medidas que considere pertinentes para superar estas situaciones en el marco de la lucha contra la guerra econ\u00f3mica\u00bb, refiere parte del documento le\u00eddo por el vicepresidente de la Rep\u00fablica, Artist\u00f3bulo Ist\u00fariz.<\/p>\n","protected":false},"excerpt":{"rendered":"<p>AVN.- Durante su participaci\u00f3n en una reuni\u00f3n extraordinaria del Consejo Nacional de Econom\u00eda Productiva, el presidente &hellip; <a title=\"Presidente Maduro: Aqu\u00ed estamos defendiendo un pa\u00eds, porque el ataque es contra todos\" class=\"hm-read-more\" href=\"https:\/\/www.mpppst.gob.ve\/mpppstweb\/index.php\/2016\/12\/05\/presidente-maduro-aqui-estamos-defendiendo-un-pais-porque-el-ataque-es-contra-todos\/\"><span class=\"screen-reader-text\">Presidente Maduro: Aqu\u00ed estamos defendiendo un pa\u00eds, porque el ataque es contra todos<\/span>Read more<\/a><\/p>\n","protected":false},"author":25,"featured_media":9552,"comment_status":"closed","ping_status":"closed","sticky":false,"template":"","format":"standard","meta":{"footnotes":""},"categories":[82,163,213],"tags":[],"yoast_head":"<!-- This site is optimized with the Yoast SEO plugin v22.5 - https:\/\/yoast.com\/wordpress\/plugins\/seo\/ -->\n<title>Presidente Maduro: Aqu\u00ed estamos defendiendo un pa\u00eds, porque el ataque es contra todos - MPPPST<\/title>\n<meta name=\"robots\" content=\"index, follow, max-snippet:-1, max-image-preview:large, max-video-preview:-1\" \/>\n<link rel=\"canonical\" href=\"https:\/\/www.mpppst.gob.ve\/mpppstweb\/index.php\/2016\/12\/05\/presidente-maduro-aqui-estamos-defendiendo-un-pais-porque-el-ataque-es-contra-todos\/\" \/>\n<meta property=\"og:locale\" content=\"es_ES\" \/>\n<meta property=\"og:type\" content=\"article\" \/>\n<meta property=\"og:title\" content=\"Presidente Maduro: Aqu\u00ed estamos defendiendo un pa\u00eds, porque el ataque es contra todos - MPPPST\" \/>\n<meta property=\"og:description\" content=\"AVN.- Durante su participaci\u00f3n en una reuni\u00f3n extraordinaria del Consejo Nacional de Econom\u00eda Productiva, el presidente &hellip; Presidente Maduro: Aqu\u00ed estamos defendiendo un pa\u00eds, porque el ataque es contra todosRead more\" \/>\n<meta property=\"og:url\" content=\"https:\/\/www.mpppst.gob.ve\/mpppstweb\/index.php\/2016\/12\/05\/presidente-maduro-aqui-estamos-defendiendo-un-pais-porque-el-ataque-es-contra-todos\/\" \/>\n<meta property=\"og:site_name\" content=\"MPPPST\" \/>\n<meta property=\"article:published_time\" content=\"2016-12-05T13:44:49+00:00\" \/>\n<meta property=\"og:image\" content=\"https:\/\/www.mpppst.gob.ve\/mpppstweb\/wp-content\/uploads\/2016\/12\/Maduro.jpg\" \/>\n\t<meta property=\"og:image:width\" content=\"800\" \/>\n\t<meta property=\"og:image:height\" content=\"445\" \/>\n\t<meta property=\"og:image:type\" content=\"image\/jpeg\" \/>\n<meta name=\"author\" content=\"MPPPST Prensa\" \/>\n<meta name=\"twitter:card\" content=\"summary_large_image\" \/>\n<meta name=\"twitter:label1\" content=\"Escrito por\" \/>\n\t<meta name=\"twitter:data1\" content=\"MPPPST Prensa\" \/>\n\t<meta name=\"twitter:label2\" content=\"Tiempo de lectura\" \/>\n\t<meta name=\"twitter:data2\" content=\"4 minutos\" \/>\n<script type=\"application\/ld+json\" class=\"yoast-schema-graph\">{\"@context\":\"https:\/\/schema.org\",\"@graph\":[{\"@type\":\"Article\",\"@id\":\"https:\/\/www.mpppst.gob.ve\/mpppstweb\/index.php\/2016\/12\/05\/presidente-maduro-aqui-estamos-defendiendo-un-pais-porque-el-ataque-es-contra-todos\/#article\",\"isPartOf\":{\"@id\":\"https:\/\/www.mpppst.gob.ve\/mpppstweb\/index.php\/2016\/12\/05\/presidente-maduro-aqui-estamos-defendiendo-un-pais-porque-el-ataque-es-contra-todos\/\"},\"author\":{\"name\":\"MPPPST Prensa\",\"@id\":\"https:\/\/www.mpppst.gob.ve\/mpppstweb\/#\/schema\/person\/fc187ee8ead412bd4c9304b62f900ea4\"},\"headline\":\"Presidente Maduro: Aqu\u00ed estamos defendiendo un pa\u00eds, porque el ataque es contra todos\",\"datePublished\":\"2016-12-05T13:44:49+00:00\",\"dateModified\":\"2016-12-05T13:44:49+00:00\",\"mainEntityOfPage\":{\"@id\":\"https:\/\/www.mpppst.gob.ve\/mpppstweb\/index.php\/2016\/12\/05\/presidente-maduro-aqui-estamos-defendiendo-un-pais-porque-el-ataque-es-contra-todos\/\"},\"wordCount\":825,\"publisher\":{\"@id\":\"https:\/\/www.mpppst.gob.ve\/mpppstweb\/#organization\"},\"image\":{\"@id\":\"https:\/\/www.mpppst.gob.ve\/mpppstweb\/index.php\/2016\/12\/05\/presidente-maduro-aqui-estamos-defendiendo-un-pais-porque-el-ataque-es-contra-todos\/#primaryimage\"},\"thumbnailUrl\":\"https:\/\/www.mpppst.gob.ve\/mpppstweb\/wp-content\/uploads\/2016\/12\/Maduro.jpg\",\"articleSection\":[\"Gobierno Nacional\",\"Noticias\",\"Presidencia de la Rep\u00fablica\"],\"inLanguage\":\"es\"},{\"@type\":\"WebPage\",\"@id\":\"https:\/\/www.mpppst.gob.ve\/mpppstweb\/index.php\/2016\/12\/05\/presidente-maduro-aqui-estamos-defendiendo-un-pais-porque-el-ataque-es-contra-todos\/\",\"url\":\"https:\/\/www.mpppst.gob.ve\/mpppstweb\/index.php\/2016\/12\/05\/presidente-maduro-aqui-estamos-defendiendo-un-pais-porque-el-ataque-es-contra-todos\/\",\"name\":\"Presidente Maduro: Aqu\u00ed estamos defendiendo un pa\u00eds, porque el ataque es contra todos - MPPPST\",\"isPartOf\":{\"@id\":\"https:\/\/www.mpppst.gob.ve\/mpppstweb\/#website\"},\"primaryImageOfPage\":{\"@id\":\"https:\/\/www.mpppst.gob.ve\/mpppstweb\/index.php\/2016\/12\/05\/presidente-maduro-aqui-estamos-defendiendo-un-pais-porque-el-ataque-es-contra-todos\/#primaryimage\"},\"image\":{\"@id\":\"https:\/\/www.mpppst.gob.ve\/mpppstweb\/index.php\/2016\/12\/05\/presidente-maduro-aqui-estamos-defendiendo-un-pais-porque-el-ataque-es-contra-todos\/#primaryimage\"},\"thumbnailUrl\":\"https:\/\/www.mpppst.gob.ve\/mpppstweb\/wp-content\/uploads\/2016\/12\/Maduro.jpg\",\"datePublished\":\"2016-12-05T13:44:49+00:00\",\"dateModified\":\"2016-12-05T13:44:49+00:00\",\"breadcrumb\":{\"@id\":\"https:\/\/www.mpppst.gob.ve\/mpppstweb\/index.php\/2016\/12\/05\/presidente-maduro-aqui-estamos-defendiendo-un-pais-porque-el-ataque-es-contra-todos\/#breadcrumb\"},\"inLanguage\":\"es\",\"potentialAction\":[{\"@type\":\"ReadAction\",\"target\":[\"https:\/\/www.mpppst.gob.ve\/mpppstweb\/index.php\/2016\/12\/05\/presidente-maduro-aqui-estamos-defendiendo-un-pais-porque-el-ataque-es-contra-todos\/\"]}]},{\"@type\":\"ImageObject\",\"inLanguage\":\"es\",\"@id\":\"https:\/\/www.mpppst.gob.ve\/mpppstweb\/index.php\/2016\/12\/05\/presidente-maduro-aqui-estamos-defendiendo-un-pais-porque-el-ataque-es-contra-todos\/#primaryimage\",\"url\":\"https:\/\/www.mpppst.gob.ve\/mpppstweb\/wp-content\/uploads\/2016\/12\/Maduro.jpg\",\"contentUrl\":\"https:\/\/www.mpppst.gob.ve\/mpppstweb\/wp-content\/uploads\/2016\/12\/Maduro.jpg\",\"width\":800,\"height\":445},{\"@type\":\"BreadcrumbList\",\"@id\":\"https:\/\/www.mpppst.gob.ve\/mpppstweb\/index.php\/2016\/12\/05\/presidente-maduro-aqui-estamos-defendiendo-un-pais-porque-el-ataque-es-contra-todos\/#breadcrumb\",\"itemListElement\":[{\"@type\":\"ListItem\",\"position\":1,\"name\":\"Home\",\"item\":\"https:\/\/www.mpppst.gob.ve\/mpppstweb\/\"},{\"@type\":\"ListItem\",\"position\":2,\"name\":\"Presidente Maduro: Aqu\u00ed estamos defendiendo un pa\u00eds, porque el ataque es contra todos\"}]},{\"@type\":\"WebSite\",\"@id\":\"https:\/\/www.mpppst.gob.ve\/mpppstweb\/#website\",\"url\":\"https:\/\/www.mpppst.gob.ve\/mpppstweb\/\",\"name\":\"MPPPST\",\"description\":\"Ministerio del Poder Popular para el Proceso Social de Trabajo\",\"publisher\":{\"@id\":\"https:\/\/www.mpppst.gob.ve\/mpppstweb\/#organization\"},\"potentialAction\":[{\"@type\":\"SearchAction\",\"target\":{\"@type\":\"EntryPoint\",\"urlTemplate\":\"https:\/\/www.mpppst.gob.ve\/mpppstweb\/?s={search_term_string}\"},\"query-input\":\"required name=search_term_string\"}],\"inLanguage\":\"es\"},{\"@type\":\"Organization\",\"@id\":\"https:\/\/www.mpppst.gob.ve\/mpppstweb\/#organization\",\"name\":\"mpppst\",\"url\":\"https:\/\/www.mpppst.gob.ve\/mpppstweb\/\",\"logo\":{\"@type\":\"ImageObject\",\"inLanguage\":\"es\",\"@id\":\"https:\/\/www.mpppst.gob.ve\/mpppstweb\/#\/schema\/logo\/image\/\",\"url\":\"https:\/\/www.mpppst.gob.ve\/mpppstweb\/wp-content\/uploads\/2025\/07\/cropped-cropped-g910.png\",\"contentUrl\":\"https:\/\/www.mpppst.gob.ve\/mpppstweb\/wp-content\/uploads\/2025\/07\/cropped-cropped-g910.png\",\"width\":1080,\"height\":241,\"caption\":\"mpppst\"},\"image\":{\"@id\":\"https:\/\/www.mpppst.gob.ve\/mpppstweb\/#\/schema\/logo\/image\/\"}},{\"@type\":\"Person\",\"@id\":\"https:\/\/www.mpppst.gob.ve\/mpppstweb\/#\/schema\/person\/fc187ee8ead412bd4c9304b62f900ea4\",\"name\":\"MPPPST Prensa\",\"url\":\"https:\/\/www.mpppst.gob.ve\/mpppstweb\/index.php\/author\/prensa-mpppst\/\"}]}<\/script>\n<!-- \/ Yoast SEO plugin. -->","yoast_head_json":{"title":"Presidente Maduro: Aqu\u00ed estamos defendiendo un pa\u00eds, porque el ataque es contra todos - MPPPST","robots":{"index":"index","follow":"follow","max-snippet":"max-snippet:-1","max-image-preview":"max-image-preview:large","max-video-preview":"max-video-preview:-1"},"canonical":"https:\/\/www.mpppst.gob.ve\/mpppstweb\/index.php\/2016\/12\/05\/presidente-maduro-aqui-estamos-defendiendo-un-pais-porque-el-ataque-es-contra-todos\/","og_locale":"es_ES","og_type":"article","og_title":"Presidente Maduro: Aqu\u00ed estamos defendiendo un pa\u00eds, porque el ataque es contra todos - MPPPST","og_description":"AVN.- Durante su participaci\u00f3n en una reuni\u00f3n extraordinaria del Consejo Nacional de Econom\u00eda Productiva, el presidente &hellip; Presidente Maduro: Aqu\u00ed estamos defendiendo un pa\u00eds, porque el ataque es contra todosRead more","og_url":"https:\/\/www.mpppst.gob.ve\/mpppstweb\/index.php\/2016\/12\/05\/presidente-maduro-aqui-estamos-defendiendo-un-pais-porque-el-ataque-es-contra-todos\/","og_site_name":"MPPPST","article_published_time":"2016-12-05T13:44:49+00:00","og_image":[{"width":800,"height":445,"url":"https:\/\/www.mpppst.gob.ve\/mpppstweb\/wp-content\/uploads\/2016\/12\/Maduro.jpg","type":"image\/jpeg"}],"author":"MPPPST Prensa","twitter_card":"summary_large_image","twitter_misc":{"Escrito por":"MPPPST Prensa","Tiempo de lectura":"4 minutos"},"schema":{"@context":"https:\/\/schema.org","@graph":[{"@type":"Article","@id":"https:\/\/www.mpppst.gob.ve\/mpppstweb\/index.php\/2016\/12\/05\/presidente-maduro-aqui-estamos-defendiendo-un-pais-porque-el-ataque-es-contra-todos\/#article","isPartOf":{"@id":"https:\/\/www.mpppst.gob.ve\/mpppstweb\/index.php\/2016\/12\/05\/presidente-maduro-aqui-estamos-defendiendo-un-pais-porque-el-ataque-es-contra-todos\/"},"author":{"name":"MPPPST Prensa","@id":"https:\/\/www.mpppst.gob.ve\/mpppstweb\/#\/schema\/person\/fc187ee8ead412bd4c9304b62f900ea4"},"headline":"Presidente Maduro: Aqu\u00ed estamos defendiendo un pa\u00eds, porque el ataque es contra todos","datePublished":"2016-12-05T13:44:49+00:00","dateModified":"2016-12-05T13:44:49+00:00","mainEntityOfPage":{"@id":"https:\/\/www.mpppst.gob.ve\/mpppstweb\/index.php\/2016\/12\/05\/presidente-maduro-aqui-estamos-defendiendo-un-pais-porque-el-ataque-es-contra-todos\/"},"wordCount":825,"publisher":{"@id":"https:\/\/www.mpppst.gob.ve\/mpppstweb\/#organization"},"image":{"@id":"https:\/\/www.mpppst.gob.ve\/mpppstweb\/index.php\/2016\/12\/05\/presidente-maduro-aqui-estamos-defendiendo-un-pais-porque-el-ataque-es-contra-todos\/#primaryimage"},"thumbnailUrl":"https:\/\/www.mpppst.gob.ve\/mpppstweb\/wp-content\/uploads\/2016\/12\/Maduro.jpg","articleSection":["Gobierno Nacional","Noticias","Presidencia de la Rep\u00fablica"],"inLanguage":"es"},{"@type":"WebPage","@id":"https:\/\/www.mpppst.gob.ve\/mpppstweb\/index.php\/2016\/12\/05\/presidente-maduro-aqui-estamos-defendiendo-un-pais-porque-el-ataque-es-contra-todos\/","url":"https:\/\/www.mpppst.gob.ve\/mpppstweb\/index.php\/2016\/12\/05\/presidente-maduro-aqui-estamos-defendiendo-un-pais-porque-el-ataque-es-contra-todos\/","name":"Presidente Maduro: Aqu\u00ed estamos defendiendo un pa\u00eds, porque el ataque es contra todos - MPPPST","isPartOf":{"@id":"https:\/\/www.mpppst.gob.ve\/mpppstweb\/#website"},"primaryImageOfPage":{"@id":"https:\/\/www.mpppst.gob.ve\/mpppstweb\/index.php\/2016\/12\/05\/presidente-maduro-aqui-estamos-defendiendo-un-pais-porque-el-ataque-es-contra-todos\/#primaryimage"},"image":{"@id":"https:\/\/www.mpppst.gob.ve\/mpppstweb\/index.php\/2016\/12\/05\/presidente-maduro-aqui-estamos-defendiendo-un-pais-porque-el-ataque-es-contra-todos\/#primaryimage"},"thumbnailUrl":"https:\/\/www.mpppst.gob.ve\/mpppstweb\/wp-content\/uploads\/2016\/12\/Maduro.jpg","datePublished":"2016-12-05T13:44:49+00:00","dateModified":"2016-12-05T13:44:49+00:00","breadcrumb":{"@id":"https:\/\/www.mpppst.gob.ve\/mpppstweb\/index.php\/2016\/12\/05\/presidente-maduro-aqui-estamos-defendiendo-un-pais-porque-el-ataque-es-contra-todos\/#breadcrumb"},"inLanguage":"es","potentialAction":[{"@type":"ReadAction","target":["https:\/\/www.mpppst.gob.ve\/mpppstweb\/index.php\/2016\/12\/05\/presidente-maduro-aqui-estamos-defendiendo-un-pais-porque-el-ataque-es-contra-todos\/"]}]},{"@type":"ImageObject","inLanguage":"es","@id":"https:\/\/www.mpppst.gob.ve\/mpppstweb\/index.php\/2016\/12\/05\/presidente-maduro-aqui-estamos-defendiendo-un-pais-porque-el-ataque-es-contra-todos\/#primaryimage","url":"https:\/\/www.mpppst.gob.ve\/mpppstweb\/wp-content\/uploads\/2016\/12\/Maduro.jpg","contentUrl":"https:\/\/www.mpppst.gob.ve\/mpppstweb\/wp-content\/uploads\/2016\/12\/Maduro.jpg","width":800,"height":445},{"@type":"BreadcrumbList","@id":"https:\/\/www.mpppst.gob.ve\/mpppstweb\/index.php\/2016\/12\/05\/presidente-maduro-aqui-estamos-defendiendo-un-pais-porque-el-ataque-es-contra-todos\/#breadcrumb","itemListElement":[{"@type":"ListItem","position":1,"name":"Home","item":"https:\/\/www.mpppst.gob.ve\/mpppstweb\/"},{"@type":"ListItem","position":2,"name":"Presidente Maduro: Aqu\u00ed estamos defendiendo un pa\u00eds, porque el ataque es contra todos"}]},{"@type":"WebSite","@id":"https:\/\/www.mpppst.gob.ve\/mpppstweb\/#website","url":"https:\/\/www.mpppst.gob.ve\/mpppstweb\/","name":"MPPPST","description":"Ministerio del Poder Popular para el Proceso Social de Trabajo","publisher":{"@id":"https:\/\/www.mpppst.gob.ve\/mpppstweb\/#organization"},"potentialAction":[{"@type":"SearchAction","target":{"@type":"EntryPoint","urlTemplate":"https:\/\/www.mpppst.gob.ve\/mpppstweb\/?s={search_term_string}"},"query-input":"required name=search_term_string"}],"inLanguage":"es"},{"@type":"Organization","@id":"https:\/\/www.mpppst.gob.ve\/mpppstweb\/#organization","name":"mpppst","url":"https:\/\/www.mpppst.gob.ve\/mpppstweb\/","logo":{"@type":"ImageObject","inLanguage":"es","@id":"https:\/\/www.mpppst.gob.ve\/mpppstweb\/#\/schema\/logo\/image\/","url":"https:\/\/www.mpppst.gob.ve\/mpppstweb\/wp-content\/uploads\/2025\/07\/cropped-cropped-g910.png","contentUrl":"https:\/\/www.mpppst.gob.ve\/mpppstweb\/wp-content\/uploads\/2025\/07\/cropped-cropped-g910.png","width":1080,"height":241,"caption":"mpppst"},"image":{"@id":"https:\/\/www.mpppst.gob.ve\/mpppstweb\/#\/schema\/logo\/image\/"}},{"@type":"Person","@id":"https:\/\/www.mpppst.gob.ve\/mpppstweb\/#\/schema\/person\/fc187ee8ead412bd4c9304b62f900ea4","name":"MPPPST Prensa","url":"https:\/\/www.mpppst.gob.ve\/mpppstweb\/index.php\/author\/prensa-mpppst\/"}]}},"_links":{"self":[{"href":"https:\/\/www.mpppst.gob.ve\/mpppstweb\/index.php\/wp-json\/wp\/v2\/posts\/9551"}],"collection":[{"href":"https:\/\/www.mpppst.gob.ve\/mpppstweb\/index.php\/wp-json\/wp\/v2\/posts"}],"about":[{"href":"https:\/\/www.mpppst.gob.ve\/mpppstweb\/index.php\/wp-json\/wp\/v2\/types\/post"}],"author":[{"embeddable":true,"href":"https:\/\/www.mpppst.gob.ve\/mpppstweb\/index.php\/wp-json\/wp\/v2\/users\/25"}],"replies":[{"embeddable":true,"href":"https:\/\/www.mpppst.gob.ve\/mpppstweb\/index.php\/wp-json\/wp\/v2\/comments?post=9551"}],"version-history":[{"count":1,"href":"https:\/\/www.mpppst.gob.ve\/mpppstweb\/index.php\/wp-json\/wp\/v2\/posts\/9551\/revisions"}],"predecessor-version":[{"id":9553,"href":"https:\/\/www.mpppst.gob.ve\/mpppstweb\/index.php\/wp-json\/wp\/v2\/posts\/9551\/revisions\/9553"}],"wp:featuredmedia":[{"embeddable":true,"href":"https:\/\/www.mpppst.gob.ve\/mpppstweb\/index.php\/wp-json\/wp\/v2\/media\/9552"}],"wp:attachment":[{"href":"https:\/\/www.mpppst.gob.ve\/mpppstweb\/index.php\/wp-json\/wp\/v2\/media?parent=9551"}],"wp:term":[{"taxonomy":"category","embeddable":true,"href":"https:\/\/www.mpppst.gob.ve\/mpppstweb\/index.php\/wp-json\/wp\/v2\/categories?post=9551"},{"taxonomy":"post_tag","embeddable":true,"href":"https:\/\/www.mpppst.gob.ve\/mpppstweb\/index.php\/wp-json\/wp\/v2\/tags?post=9551"}],"curies":[{"name":"wp","href":"https:\/\/api.w.org\/{rel}","templated":true}]}}