{"id":9554,"date":"2016-12-05T13:50:24","date_gmt":"2016-12-05T13:50:24","guid":{"rendered":"http:\/\/www.mpppst.gob.ve\/mpppstweb\/?p=9554"},"modified":"2016-12-05T13:50:24","modified_gmt":"2016-12-05T13:50:24","slug":"ministro-jesus-farias-2017-sera-el-ano-de-la-recuperacion-economica","status":"publish","type":"post","link":"https:\/\/www.mpppst.gob.ve\/mpppstweb\/index.php\/2016\/12\/05\/ministro-jesus-farias-2017-sera-el-ano-de-la-recuperacion-economica\/","title":{"rendered":"Ministro Jes\u00fas Far\u00edas: 2017 ser\u00e1 el a\u00f1o de la recuperaci\u00f3n econ\u00f3mica"},"content":{"rendered":"<p>AVN.- El ministro para el Comercio Exterior e Inversi\u00f3n Extranjera, Jes\u00fas Far\u00edas, indic\u00f3 este domingo que el a\u00f1o 2017 ser\u00e1 de recuperaci\u00f3n econ\u00f3mica gracias a las acciones implementadas por el Gobierno Bolivariano, en el marco del Consejo Nacional de Econom\u00eda Productiva.<\/p>\n<p>Actualmente, Venezuela afronta una coyuntura econ\u00f3mica provocada por el agotamiento del modelo rentista petrolero heredado de la IV Rep\u00fablica; por los ataques a la econom\u00eda por parte de la derecha y sectores empresariales; y por la guerra en el mercado petrolero mundial.<\/p>\n<p>\u00abEl a\u00f1o que viene ser\u00e1 el a\u00f1o de la recuperaci\u00f3n de la econom\u00eda aunque sea leve, y de la estabilizaci\u00f3n de indicadores tan importantes como la inflaci\u00f3n y la especulaci\u00f3n. Con esos dos elementos, el abastecimiento quedar\u00e1 resuelto de una manera progresiva\u00bb, explic\u00f3 el ministro en una entrevista durante el programa Jos\u00e9 Vicente Hoy, transmitido por Televen, Far\u00edas.<\/p>\n<p>El titular celebr\u00f3 el reciente acuerdo de los Pa\u00edses Exportadores de Petr\u00f3leo (Opep) y No Opep de recortar la producci\u00f3n por el orden de los\u00a01,2 millones de barriles diarios, situaci\u00f3n que conllevar\u00eda \u2013indic\u00f3 Far\u00edas\u2013 a una recuperaci\u00f3n del mercado e impactar\u00eda positivamente en la econom\u00eda venezolana.<\/p>\n<p>\u00abSi los precios del petr\u00f3leo se recupera vamos a poder minimizar uno de los impactos fundamentales\u00bb, la escasez inducida, y adem\u00e1s se podr\u00e1 fortalecer la disposici\u00f3n de divisas. \u00abNuestra visi\u00f3n es ir del modelo rentista, de la dependencia del petr\u00f3leo, de la dependencia de los ingresos petrolero (&#8230;) a un modelo productivo\u201d que sustituya las importaciones, dijo.<\/p>\n<p>Mencion\u00f3 que la recuperaci\u00f3n econ\u00f3mica se ver\u00e1 reflejada tanto \u00aben las pol\u00edticas de precios, que permitan estimular la capacidad productiva\u00bb, como en la colocaci\u00f3n de recursos en los 15 motores de la Agenda Econ\u00f3mica Bolivariana, ideada por el Gobierno nacional para fortalecer el aparato productivo.<\/p>\n<p>Con relaci\u00f3n al proceso de di\u00e1logo de paz que impulsa el Ejecutivo nacional con la participaci\u00f3n de representantes de la oposici\u00f3n, Far\u00eda indic\u00f3 que es otro elemento fundamental para la recuperaci\u00f3n de la econom\u00eda e hizo referencia al documento acordado por ambas partes.<\/p>\n<p>\u00abEn el documento suscrito se plante\u00f3 claramente que el di\u00e1logo deber\u00eda conducir a defender a Venezuela y se habl\u00f3 de defenderla de los ataques en general, eso de por s\u00ed revela la aceptaci\u00f3n, por parte de la oposici\u00f3n, de que hay un proceso de desestabilizaci\u00f3n deliberado sobre nuestra econom\u00eda\u00bb, se\u00f1al\u00f3 el ministro.<\/p>\n","protected":false},"excerpt":{"rendered":"<p>AVN.- El ministro para el Comercio Exterior e Inversi\u00f3n Extranjera, Jes\u00fas Far\u00edas, indic\u00f3 este domingo que &hellip; <a title=\"Ministro Jes\u00fas Far\u00edas: 2017 ser\u00e1 el a\u00f1o de la recuperaci\u00f3n econ\u00f3mica\" class=\"hm-read-more\" href=\"https:\/\/www.mpppst.gob.ve\/mpppstweb\/index.php\/2016\/12\/05\/ministro-jesus-farias-2017-sera-el-ano-de-la-recuperacion-economica\/\"><span class=\"screen-reader-text\">Ministro Jes\u00fas Far\u00edas: 2017 ser\u00e1 el a\u00f1o de la recuperaci\u00f3n econ\u00f3mica<\/span>Read more<\/a><\/p>\n","protected":false},"author":25,"featured_media":9555,"comment_status":"closed","ping_status":"closed","sticky":false,"template":"","format":"standard","meta":{"footnotes":""},"categories":[82,163,210],"tags":[222],"yoast_head":"<!-- This site is optimized with the Yoast SEO plugin v22.5 - https:\/\/yoast.com\/wordpress\/plugins\/seo\/ -->\n<title>Ministro Jes\u00fas Far\u00edas: 2017 ser\u00e1 el a\u00f1o de la recuperaci\u00f3n econ\u00f3mica - MPPPST<\/title>\n<meta name=\"robots\" content=\"index, follow, max-snippet:-1, max-image-preview:large, max-video-preview:-1\" \/>\n<link rel=\"canonical\" href=\"https:\/\/www.mpppst.gob.ve\/mpppstweb\/index.php\/2016\/12\/05\/ministro-jesus-farias-2017-sera-el-ano-de-la-recuperacion-economica\/\" \/>\n<meta property=\"og:locale\" content=\"es_ES\" \/>\n<meta property=\"og:type\" content=\"article\" \/>\n<meta property=\"og:title\" content=\"Ministro Jes\u00fas Far\u00edas: 2017 ser\u00e1 el a\u00f1o de la recuperaci\u00f3n econ\u00f3mica - MPPPST\" \/>\n<meta property=\"og:description\" content=\"AVN.- El ministro para el Comercio Exterior e Inversi\u00f3n Extranjera, Jes\u00fas Far\u00edas, indic\u00f3 este domingo que &hellip; Ministro Jes\u00fas Far\u00edas: 2017 ser\u00e1 el a\u00f1o de la recuperaci\u00f3n econ\u00f3micaRead more\" \/>\n<meta property=\"og:url\" content=\"https:\/\/www.mpppst.gob.ve\/mpppstweb\/index.php\/2016\/12\/05\/ministro-jesus-farias-2017-sera-el-ano-de-la-recuperacion-economica\/\" \/>\n<meta property=\"og:site_name\" content=\"MPPPST\" \/>\n<meta property=\"article:published_time\" content=\"2016-12-05T13:50:24+00:00\" \/>\n<meta property=\"og:image\" content=\"https:\/\/www.mpppst.gob.ve\/mpppstweb\/wp-content\/uploads\/2016\/12\/Far\u00eda.jpg\" \/>\n\t<meta property=\"og:image:width\" content=\"800\" \/>\n\t<meta property=\"og:image:height\" content=\"445\" \/>\n\t<meta property=\"og:image:type\" content=\"image\/jpeg\" \/>\n<meta name=\"author\" content=\"MPPPST Prensa\" \/>\n<meta name=\"twitter:card\" content=\"summary_large_image\" \/>\n<meta name=\"twitter:label1\" content=\"Escrito por\" \/>\n\t<meta name=\"twitter:data1\" content=\"MPPPST Prensa\" \/>\n\t<meta name=\"twitter:label2\" content=\"Tiempo de lectura\" \/>\n\t<meta name=\"twitter:data2\" content=\"2 minutos\" \/>\n<script type=\"application\/ld+json\" class=\"yoast-schema-graph\">{\"@context\":\"https:\/\/schema.org\",\"@graph\":[{\"@type\":\"Article\",\"@id\":\"https:\/\/www.mpppst.gob.ve\/mpppstweb\/index.php\/2016\/12\/05\/ministro-jesus-farias-2017-sera-el-ano-de-la-recuperacion-economica\/#article\",\"isPartOf\":{\"@id\":\"https:\/\/www.mpppst.gob.ve\/mpppstweb\/index.php\/2016\/12\/05\/ministro-jesus-farias-2017-sera-el-ano-de-la-recuperacion-economica\/\"},\"author\":{\"name\":\"MPPPST Prensa\",\"@id\":\"https:\/\/www.mpppst.gob.ve\/mpppstweb\/#\/schema\/person\/fc187ee8ead412bd4c9304b62f900ea4\"},\"headline\":\"Ministro Jes\u00fas Far\u00edas: 2017 ser\u00e1 el a\u00f1o de la recuperaci\u00f3n econ\u00f3mica\",\"datePublished\":\"2016-12-05T13:50:24+00:00\",\"dateModified\":\"2016-12-05T13:50:24+00:00\",\"mainEntityOfPage\":{\"@id\":\"https:\/\/www.mpppst.gob.ve\/mpppstweb\/index.php\/2016\/12\/05\/ministro-jesus-farias-2017-sera-el-ano-de-la-recuperacion-economica\/\"},\"wordCount\":448,\"publisher\":{\"@id\":\"https:\/\/www.mpppst.gob.ve\/mpppstweb\/#organization\"},\"image\":{\"@id\":\"https:\/\/www.mpppst.gob.ve\/mpppstweb\/index.php\/2016\/12\/05\/ministro-jesus-farias-2017-sera-el-ano-de-la-recuperacion-economica\/#primaryimage\"},\"thumbnailUrl\":\"https:\/\/www.mpppst.gob.ve\/mpppstweb\/wp-content\/uploads\/2016\/12\/Far\u00eda.jpg\",\"keywords\":[\"Gobierno Bolivariano\"],\"articleSection\":[\"Gobierno Nacional\",\"Noticias\",\"Vicepresidencia de \u00e1rea econ\u00f3mica\"],\"inLanguage\":\"es\"},{\"@type\":\"WebPage\",\"@id\":\"https:\/\/www.mpppst.gob.ve\/mpppstweb\/index.php\/2016\/12\/05\/ministro-jesus-farias-2017-sera-el-ano-de-la-recuperacion-economica\/\",\"url\":\"https:\/\/www.mpppst.gob.ve\/mpppstweb\/index.php\/2016\/12\/05\/ministro-jesus-farias-2017-sera-el-ano-de-la-recuperacion-economica\/\",\"name\":\"Ministro Jes\u00fas Far\u00edas: 2017 ser\u00e1 el a\u00f1o de la recuperaci\u00f3n econ\u00f3mica - MPPPST\",\"isPartOf\":{\"@id\":\"https:\/\/www.mpppst.gob.ve\/mpppstweb\/#website\"},\"primaryImageOfPage\":{\"@id\":\"https:\/\/www.mpppst.gob.ve\/mpppstweb\/index.php\/2016\/12\/05\/ministro-jesus-farias-2017-sera-el-ano-de-la-recuperacion-economica\/#primaryimage\"},\"image\":{\"@id\":\"https:\/\/www.mpppst.gob.ve\/mpppstweb\/index.php\/2016\/12\/05\/ministro-jesus-farias-2017-sera-el-ano-de-la-recuperacion-economica\/#primaryimage\"},\"thumbnailUrl\":\"https:\/\/www.mpppst.gob.ve\/mpppstweb\/wp-content\/uploads\/2016\/12\/Far\u00eda.jpg\",\"datePublished\":\"2016-12-05T13:50:24+00:00\",\"dateModified\":\"2016-12-05T13:50:24+00:00\",\"breadcrumb\":{\"@id\":\"https:\/\/www.mpppst.gob.ve\/mpppstweb\/index.php\/2016\/12\/05\/ministro-jesus-farias-2017-sera-el-ano-de-la-recuperacion-economica\/#breadcrumb\"},\"inLanguage\":\"es\",\"potentialAction\":[{\"@type\":\"ReadAction\",\"target\":[\"https:\/\/www.mpppst.gob.ve\/mpppstweb\/index.php\/2016\/12\/05\/ministro-jesus-farias-2017-sera-el-ano-de-la-recuperacion-economica\/\"]}]},{\"@type\":\"ImageObject\",\"inLanguage\":\"es\",\"@id\":\"https:\/\/www.mpppst.gob.ve\/mpppstweb\/index.php\/2016\/12\/05\/ministro-jesus-farias-2017-sera-el-ano-de-la-recuperacion-economica\/#primaryimage\",\"url\":\"https:\/\/www.mpppst.gob.ve\/mpppstweb\/wp-content\/uploads\/2016\/12\/Far\u00eda.jpg\",\"contentUrl\":\"https:\/\/www.mpppst.gob.ve\/mpppstweb\/wp-content\/uploads\/2016\/12\/Far\u00eda.jpg\",\"width\":800,\"height\":445},{\"@type\":\"BreadcrumbList\",\"@id\":\"https:\/\/www.mpppst.gob.ve\/mpppstweb\/index.php\/2016\/12\/05\/ministro-jesus-farias-2017-sera-el-ano-de-la-recuperacion-economica\/#breadcrumb\",\"itemListElement\":[{\"@type\":\"ListItem\",\"position\":1,\"name\":\"Home\",\"item\":\"https:\/\/www.mpppst.gob.ve\/mpppstweb\/\"},{\"@type\":\"ListItem\",\"position\":2,\"name\":\"Ministro Jes\u00fas Far\u00edas: 2017 ser\u00e1 el a\u00f1o de la recuperaci\u00f3n econ\u00f3mica\"}]},{\"@type\":\"WebSite\",\"@id\":\"https:\/\/www.mpppst.gob.ve\/mpppstweb\/#website\",\"url\":\"https:\/\/www.mpppst.gob.ve\/mpppstweb\/\",\"name\":\"MPPPST\",\"description\":\"Ministerio del Poder Popular para el Proceso Social de Trabajo\",\"publisher\":{\"@id\":\"https:\/\/www.mpppst.gob.ve\/mpppstweb\/#organization\"},\"potentialAction\":[{\"@type\":\"SearchAction\",\"target\":{\"@type\":\"EntryPoint\",\"urlTemplate\":\"https:\/\/www.mpppst.gob.ve\/mpppstweb\/?s={search_term_string}\"},\"query-input\":\"required name=search_term_string\"}],\"inLanguage\":\"es\"},{\"@type\":\"Organization\",\"@id\":\"https:\/\/www.mpppst.gob.ve\/mpppstweb\/#organization\",\"name\":\"mpppst\",\"url\":\"https:\/\/www.mpppst.gob.ve\/mpppstweb\/\",\"logo\":{\"@type\":\"ImageObject\",\"inLanguage\":\"es\",\"@id\":\"https:\/\/www.mpppst.gob.ve\/mpppstweb\/#\/schema\/logo\/image\/\",\"url\":\"https:\/\/www.mpppst.gob.ve\/mpppstweb\/wp-content\/uploads\/2025\/07\/cropped-cropped-g910.png\",\"contentUrl\":\"https:\/\/www.mpppst.gob.ve\/mpppstweb\/wp-content\/uploads\/2025\/07\/cropped-cropped-g910.png\",\"width\":1080,\"height\":241,\"caption\":\"mpppst\"},\"image\":{\"@id\":\"https:\/\/www.mpppst.gob.ve\/mpppstweb\/#\/schema\/logo\/image\/\"}},{\"@type\":\"Person\",\"@id\":\"https:\/\/www.mpppst.gob.ve\/mpppstweb\/#\/schema\/person\/fc187ee8ead412bd4c9304b62f900ea4\",\"name\":\"MPPPST Prensa\",\"url\":\"https:\/\/www.mpppst.gob.ve\/mpppstweb\/index.php\/author\/prensa-mpppst\/\"}]}<\/script>\n<!-- \/ Yoast SEO plugin. -->","yoast_head_json":{"title":"Ministro Jes\u00fas Far\u00edas: 2017 ser\u00e1 el a\u00f1o de la recuperaci\u00f3n econ\u00f3mica - MPPPST","robots":{"index":"index","follow":"follow","max-snippet":"max-snippet:-1","max-image-preview":"max-image-preview:large","max-video-preview":"max-video-preview:-1"},"canonical":"https:\/\/www.mpppst.gob.ve\/mpppstweb\/index.php\/2016\/12\/05\/ministro-jesus-farias-2017-sera-el-ano-de-la-recuperacion-economica\/","og_locale":"es_ES","og_type":"article","og_title":"Ministro Jes\u00fas Far\u00edas: 2017 ser\u00e1 el a\u00f1o de la recuperaci\u00f3n econ\u00f3mica - MPPPST","og_description":"AVN.- El ministro para el Comercio Exterior e Inversi\u00f3n Extranjera, Jes\u00fas Far\u00edas, indic\u00f3 este domingo que &hellip; Ministro Jes\u00fas Far\u00edas: 2017 ser\u00e1 el a\u00f1o de la recuperaci\u00f3n econ\u00f3micaRead more","og_url":"https:\/\/www.mpppst.gob.ve\/mpppstweb\/index.php\/2016\/12\/05\/ministro-jesus-farias-2017-sera-el-ano-de-la-recuperacion-economica\/","og_site_name":"MPPPST","article_published_time":"2016-12-05T13:50:24+00:00","og_image":[{"width":800,"height":445,"url":"https:\/\/www.mpppst.gob.ve\/mpppstweb\/wp-content\/uploads\/2016\/12\/Far\u00eda.jpg","type":"image\/jpeg"}],"author":"MPPPST Prensa","twitter_card":"summary_large_image","twitter_misc":{"Escrito por":"MPPPST Prensa","Tiempo de lectura":"2 minutos"},"schema":{"@context":"https:\/\/schema.org","@graph":[{"@type":"Article","@id":"https:\/\/www.mpppst.gob.ve\/mpppstweb\/index.php\/2016\/12\/05\/ministro-jesus-farias-2017-sera-el-ano-de-la-recuperacion-economica\/#article","isPartOf":{"@id":"https:\/\/www.mpppst.gob.ve\/mpppstweb\/index.php\/2016\/12\/05\/ministro-jesus-farias-2017-sera-el-ano-de-la-recuperacion-economica\/"},"author":{"name":"MPPPST Prensa","@id":"https:\/\/www.mpppst.gob.ve\/mpppstweb\/#\/schema\/person\/fc187ee8ead412bd4c9304b62f900ea4"},"headline":"Ministro Jes\u00fas Far\u00edas: 2017 ser\u00e1 el a\u00f1o de la recuperaci\u00f3n econ\u00f3mica","datePublished":"2016-12-05T13:50:24+00:00","dateModified":"2016-12-05T13:50:24+00:00","mainEntityOfPage":{"@id":"https:\/\/www.mpppst.gob.ve\/mpppstweb\/index.php\/2016\/12\/05\/ministro-jesus-farias-2017-sera-el-ano-de-la-recuperacion-economica\/"},"wordCount":448,"publisher":{"@id":"https:\/\/www.mpppst.gob.ve\/mpppstweb\/#organization"},"image":{"@id":"https:\/\/www.mpppst.gob.ve\/mpppstweb\/index.php\/2016\/12\/05\/ministro-jesus-farias-2017-sera-el-ano-de-la-recuperacion-economica\/#primaryimage"},"thumbnailUrl":"https:\/\/www.mpppst.gob.ve\/mpppstweb\/wp-content\/uploads\/2016\/12\/Far\u00eda.jpg","keywords":["Gobierno Bolivariano"],"articleSection":["Gobierno Nacional","Noticias","Vicepresidencia de \u00e1rea econ\u00f3mica"],"inLanguage":"es"},{"@type":"WebPage","@id":"https:\/\/www.mpppst.gob.ve\/mpppstweb\/index.php\/2016\/12\/05\/ministro-jesus-farias-2017-sera-el-ano-de-la-recuperacion-economica\/","url":"https:\/\/www.mpppst.gob.ve\/mpppstweb\/index.php\/2016\/12\/05\/ministro-jesus-farias-2017-sera-el-ano-de-la-recuperacion-economica\/","name":"Ministro Jes\u00fas Far\u00edas: 2017 ser\u00e1 el a\u00f1o de la recuperaci\u00f3n econ\u00f3mica - MPPPST","isPartOf":{"@id":"https:\/\/www.mpppst.gob.ve\/mpppstweb\/#website"},"primaryImageOfPage":{"@id":"https:\/\/www.mpppst.gob.ve\/mpppstweb\/index.php\/2016\/12\/05\/ministro-jesus-farias-2017-sera-el-ano-de-la-recuperacion-economica\/#primaryimage"},"image":{"@id":"https:\/\/www.mpppst.gob.ve\/mpppstweb\/index.php\/2016\/12\/05\/ministro-jesus-farias-2017-sera-el-ano-de-la-recuperacion-economica\/#primaryimage"},"thumbnailUrl":"https:\/\/www.mpppst.gob.ve\/mpppstweb\/wp-content\/uploads\/2016\/12\/Far\u00eda.jpg","datePublished":"2016-12-05T13:50:24+00:00","dateModified":"2016-12-05T13:50:24+00:00","breadcrumb":{"@id":"https:\/\/www.mpppst.gob.ve\/mpppstweb\/index.php\/2016\/12\/05\/ministro-jesus-farias-2017-sera-el-ano-de-la-recuperacion-economica\/#breadcrumb"},"inLanguage":"es","potentialAction":[{"@type":"ReadAction","target":["https:\/\/www.mpppst.gob.ve\/mpppstweb\/index.php\/2016\/12\/05\/ministro-jesus-farias-2017-sera-el-ano-de-la-recuperacion-economica\/"]}]},{"@type":"ImageObject","inLanguage":"es","@id":"https:\/\/www.mpppst.gob.ve\/mpppstweb\/index.php\/2016\/12\/05\/ministro-jesus-farias-2017-sera-el-ano-de-la-recuperacion-economica\/#primaryimage","url":"https:\/\/www.mpppst.gob.ve\/mpppstweb\/wp-content\/uploads\/2016\/12\/Far\u00eda.jpg","contentUrl":"https:\/\/www.mpppst.gob.ve\/mpppstweb\/wp-content\/uploads\/2016\/12\/Far\u00eda.jpg","width":800,"height":445},{"@type":"BreadcrumbList","@id":"https:\/\/www.mpppst.gob.ve\/mpppstweb\/index.php\/2016\/12\/05\/ministro-jesus-farias-2017-sera-el-ano-de-la-recuperacion-economica\/#breadcrumb","itemListElement":[{"@type":"ListItem","position":1,"name":"Home","item":"https:\/\/www.mpppst.gob.ve\/mpppstweb\/"},{"@type":"ListItem","position":2,"name":"Ministro Jes\u00fas Far\u00edas: 2017 ser\u00e1 el a\u00f1o de la recuperaci\u00f3n econ\u00f3mica"}]},{"@type":"WebSite","@id":"https:\/\/www.mpppst.gob.ve\/mpppstweb\/#website","url":"https:\/\/www.mpppst.gob.ve\/mpppstweb\/","name":"MPPPST","description":"Ministerio del Poder Popular para el Proceso Social de Trabajo","publisher":{"@id":"https:\/\/www.mpppst.gob.ve\/mpppstweb\/#organization"},"potentialAction":[{"@type":"SearchAction","target":{"@type":"EntryPoint","urlTemplate":"https:\/\/www.mpppst.gob.ve\/mpppstweb\/?s={search_term_string}"},"query-input":"required name=search_term_string"}],"inLanguage":"es"},{"@type":"Organization","@id":"https:\/\/www.mpppst.gob.ve\/mpppstweb\/#organization","name":"mpppst","url":"https:\/\/www.mpppst.gob.ve\/mpppstweb\/","logo":{"@type":"ImageObject","inLanguage":"es","@id":"https:\/\/www.mpppst.gob.ve\/mpppstweb\/#\/schema\/logo\/image\/","url":"https:\/\/www.mpppst.gob.ve\/mpppstweb\/wp-content\/uploads\/2025\/07\/cropped-cropped-g910.png","contentUrl":"https:\/\/www.mpppst.gob.ve\/mpppstweb\/wp-content\/uploads\/2025\/07\/cropped-cropped-g910.png","width":1080,"height":241,"caption":"mpppst"},"image":{"@id":"https:\/\/www.mpppst.gob.ve\/mpppstweb\/#\/schema\/logo\/image\/"}},{"@type":"Person","@id":"https:\/\/www.mpppst.gob.ve\/mpppstweb\/#\/schema\/person\/fc187ee8ead412bd4c9304b62f900ea4","name":"MPPPST Prensa","url":"https:\/\/www.mpppst.gob.ve\/mpppstweb\/index.php\/author\/prensa-mpppst\/"}]}},"_links":{"self":[{"href":"https:\/\/www.mpppst.gob.ve\/mpppstweb\/index.php\/wp-json\/wp\/v2\/posts\/9554"}],"collection":[{"href":"https:\/\/www.mpppst.gob.ve\/mpppstweb\/index.php\/wp-json\/wp\/v2\/posts"}],"about":[{"href":"https:\/\/www.mpppst.gob.ve\/mpppstweb\/index.php\/wp-json\/wp\/v2\/types\/post"}],"author":[{"embeddable":true,"href":"https:\/\/www.mpppst.gob.ve\/mpppstweb\/index.php\/wp-json\/wp\/v2\/users\/25"}],"replies":[{"embeddable":true,"href":"https:\/\/www.mpppst.gob.ve\/mpppstweb\/index.php\/wp-json\/wp\/v2\/comments?post=9554"}],"version-history":[{"count":1,"href":"https:\/\/www.mpppst.gob.ve\/mpppstweb\/index.php\/wp-json\/wp\/v2\/posts\/9554\/revisions"}],"predecessor-version":[{"id":9556,"href":"https:\/\/www.mpppst.gob.ve\/mpppstweb\/index.php\/wp-json\/wp\/v2\/posts\/9554\/revisions\/9556"}],"wp:featuredmedia":[{"embeddable":true,"href":"https:\/\/www.mpppst.gob.ve\/mpppstweb\/index.php\/wp-json\/wp\/v2\/media\/9555"}],"wp:attachment":[{"href":"https:\/\/www.mpppst.gob.ve\/mpppstweb\/index.php\/wp-json\/wp\/v2\/media?parent=9554"}],"wp:term":[{"taxonomy":"category","embeddable":true,"href":"https:\/\/www.mpppst.gob.ve\/mpppstweb\/index.php\/wp-json\/wp\/v2\/categories?post=9554"},{"taxonomy":"post_tag","embeddable":true,"href":"https:\/\/www.mpppst.gob.ve\/mpppstweb\/index.php\/wp-json\/wp\/v2\/tags?post=9554"}],"curies":[{"name":"wp","href":"https:\/\/api.w.org\/{rel}","templated":true}]}}