{"id":9558,"date":"2016-12-05T13:59:54","date_gmt":"2016-12-05T13:59:54","guid":{"rendered":"http:\/\/www.mpppst.gob.ve\/mpppstweb\/?p=9558"},"modified":"2016-12-05T14:17:24","modified_gmt":"2016-12-05T14:17:24","slug":"bcv-anuncia-ampliacion-del-cono-monetario-a-partir-del-15-de-diciembre","status":"publish","type":"post","link":"https:\/\/www.mpppst.gob.ve\/mpppstweb\/index.php\/2016\/12\/05\/bcv-anuncia-ampliacion-del-cono-monetario-a-partir-del-15-de-diciembre\/","title":{"rendered":"BCV anuncia ampliaci\u00f3n del cono monetario a partir del 15 de diciembre"},"content":{"rendered":"<p>AVN.- El Banco Central de Venezuela (BCV) anunci\u00f3 este domingo la ampliaci\u00f3n del cono monetario con la circulaci\u00f3n en todo el pa\u00eds, a partir del pr\u00f3ximo 15 de diciembre y de manera progresiva, de seis nuevos billetes y tres monedas.<\/p>\n<p>Por ello, entrar\u00e1n en circulaci\u00f3n los billetes de Bs 500, 1.000, 2.000, 5.000, 10.000 y 20.000, decisi\u00f3n que fue tomada de manera coordinada entre la autoridad monetaria y el Ejecutivo Nacional.<\/p>\n<p>Para iniciar este proceso, el BCV realiz\u00f3 estudios t\u00e9cnicos con el objetivo de determinar el conjunto de denominaciones que requiere la econom\u00eda nacional. Asimismo, la entidad aclar\u00f3 que en este lapso se mantendr\u00e1 la circulaci\u00f3n de los billetes de Bs 10, 50 y 100, refiere el BCV en un comunicado difundido en su p\u00e1gina web.<\/p>\n<p>Los nuevos billetes ser\u00e1n distribuidos de manera progresiva por el BCV en sus sedes Caracas y Maracaibo, estado Zulia, y mediante el sistema bancario de todo el pa\u00eds.<\/p>\n<p>A Continuaci\u00f3n el Comunicado\u00a0integro<\/p>\n<p style=\"text-align: center\"><strong>Ampliaci\u00f3n del cono Monetario<\/strong><\/p>\n<p>El Banco Central de Venezuela informa al pa\u00eds que, a partir del 15 de diciembre de 2016, de manera progresiva, seis nuevos billetes y tres monedas se sumar\u00e1n al actual cono monetario (grupo de monedas y billetes que circulan legalmente en el pa\u00eds). La entrada en circulaci\u00f3n de los nuevos billetes de Bs. 500, Bs. 1.000, Bs. 2.000, Bs. 5.000, Bs. 10.000 y Bs. 20.000 es una decisi\u00f3n de la autoridad monetaria, en coordinaci\u00f3n con el Ejecutivo Nacional, para optimizar el actual cono monetario. El BCV realiz\u00f3 estudios t\u00e9cnicos, que emplean tambi\u00e9n otros bancos centrales, para determinar el conjunto \u00f3ptimo de denominaciones que requiere la econom\u00eda nacional. Las monedas que igualmente comenzar\u00e1n a circular durante el lapso se\u00f1alado son las de Bs. 10, Bs. 50 y Bs. 100. La ampliaci\u00f3n del cono monetario har\u00e1 m\u00e1s eficiente el sistema de pagos, facilitar\u00e1 las transacciones comerciales y minimizar\u00e1 los costos de producci\u00f3n, reposici\u00f3n y traslado de especies monetarias, lo que se traducir\u00e1 en beneficios para la banca, el comercio y la poblaci\u00f3n en general. Los seis nuevos billetes vienen a complementar a la actual familia y coexistir\u00e1n con los que se encuentran en circulaci\u00f3n. Ser\u00e1n distribuidos progresivamente por el BCV, en sus sedes de Caracas y Maracaibo, y a trav\u00e9s del sistema bancario de todo el pa\u00eds. El Banco Central de Venezuela anunciar\u00e1 oportunamente las caracter\u00edsticas y los elementos de seguridad que identifican a las nuevas especies monetarias, con el prop\u00f3sito de garantizar que la ampliaci\u00f3n del cono sea asumida con confianza y facilidad por toda la ciudadan\u00eda<\/p>\n<p>Ampliaci\u00f3n del cono monetario El Banco Central de Venezuela informa al pa\u00eds que, a partir del 15 de diciembre de 2016, de manera progresiva, seis nuevos billetes y tres monedas se sumar\u00e1n al actual cono monetario (grupo de monedas y billetes que circulan legalmente en el pa\u00eds). La entrada en circulaci\u00f3n de los nuevos billetes de Bs. 500, Bs. 1.000, Bs. 2.000, Bs. 5.000, Bs. 10.000 y Bs. 20.000 es una decisi\u00f3n de la autoridad monetaria, en coordinaci\u00f3n con el Ejecutivo Nacional, para optimizar el actual cono monetario. El BCV realiz\u00f3 estudios t\u00e9cnicos, que emplean tambi\u00e9n otros bancos centrales, para determinar el conjunto \u00f3ptimo de denominaciones que requiere la econom\u00eda nacional. Las monedas que igualmente comenzar\u00e1n a circular durante el lapso se\u00f1alado son las de Bs. 10, Bs. 50 y Bs. 100. La ampliaci\u00f3n del cono monetario har\u00e1 m\u00e1s eficiente el sistema de pagos, facilitar\u00e1 las transacciones comerciales y minimizar\u00e1 los costos de producci\u00f3n, reposici\u00f3n y traslado de especies monetarias, lo que se traducir\u00e1 en beneficios para la banca, el comercio y la poblaci\u00f3n en general. Los seis nuevos billetes vienen a complementar a la actual familia y coexistir\u00e1n con los que se encuentran en circulaci\u00f3n. Ser\u00e1n distribuidos progresivamente por el BCV, en sus sedes de Caracas y Maracaibo, y a trav\u00e9s del sistema bancario de todo el pa\u00eds. El Banco Central de Venezuela anunciar\u00e1 oportunamente las caracter\u00edsticas y los elementos de seguridad que identifican a las nuevas especies monetarias, con el prop\u00f3sito de garantizar que la ampliaci\u00f3n del cono sea asumida con confianza y facilidad por toda la ciudadan\u00eda<\/p>\n","protected":false},"excerpt":{"rendered":"<p>AVN.- El Banco Central de Venezuela (BCV) anunci\u00f3 este domingo la ampliaci\u00f3n del cono monetario con &hellip; <a title=\"BCV anuncia ampliaci\u00f3n del cono monetario a partir del 15 de diciembre\" class=\"hm-read-more\" href=\"https:\/\/www.mpppst.gob.ve\/mpppstweb\/index.php\/2016\/12\/05\/bcv-anuncia-ampliacion-del-cono-monetario-a-partir-del-15-de-diciembre\/\"><span class=\"screen-reader-text\">BCV anuncia ampliaci\u00f3n del cono monetario a partir del 15 de diciembre<\/span>Read more<\/a><\/p>\n","protected":false},"author":25,"featured_media":9559,"comment_status":"closed","ping_status":"closed","sticky":false,"template":"","format":"standard","meta":{"footnotes":""},"categories":[82,163,210],"tags":[],"yoast_head":"<!-- This site is optimized with the Yoast SEO plugin v22.5 - https:\/\/yoast.com\/wordpress\/plugins\/seo\/ -->\n<title>BCV anuncia ampliaci\u00f3n del cono monetario a partir del 15 de diciembre - MPPPST<\/title>\n<meta name=\"robots\" content=\"index, follow, max-snippet:-1, max-image-preview:large, max-video-preview:-1\" \/>\n<link rel=\"canonical\" href=\"https:\/\/www.mpppst.gob.ve\/mpppstweb\/index.php\/2016\/12\/05\/bcv-anuncia-ampliacion-del-cono-monetario-a-partir-del-15-de-diciembre\/\" \/>\n<meta property=\"og:locale\" content=\"es_ES\" \/>\n<meta property=\"og:type\" content=\"article\" \/>\n<meta property=\"og:title\" content=\"BCV anuncia ampliaci\u00f3n del cono monetario a partir del 15 de diciembre - MPPPST\" \/>\n<meta property=\"og:description\" content=\"AVN.- El Banco Central de Venezuela (BCV) anunci\u00f3 este domingo la ampliaci\u00f3n del cono monetario con &hellip; BCV anuncia ampliaci\u00f3n del cono monetario a partir del 15 de diciembreRead more\" \/>\n<meta property=\"og:url\" content=\"https:\/\/www.mpppst.gob.ve\/mpppstweb\/index.php\/2016\/12\/05\/bcv-anuncia-ampliacion-del-cono-monetario-a-partir-del-15-de-diciembre\/\" \/>\n<meta property=\"og:site_name\" content=\"MPPPST\" \/>\n<meta property=\"article:published_time\" content=\"2016-12-05T13:59:54+00:00\" \/>\n<meta property=\"article:modified_time\" content=\"2016-12-05T14:17:24+00:00\" \/>\n<meta property=\"og:image\" content=\"https:\/\/www.mpppst.gob.ve\/mpppstweb\/wp-content\/uploads\/2016\/12\/BCV.jpg\" \/>\n\t<meta property=\"og:image:width\" content=\"800\" \/>\n\t<meta property=\"og:image:height\" content=\"445\" \/>\n\t<meta property=\"og:image:type\" content=\"image\/jpeg\" \/>\n<meta name=\"author\" content=\"MPPPST Prensa\" \/>\n<meta name=\"twitter:card\" content=\"summary_large_image\" \/>\n<meta name=\"twitter:label1\" content=\"Escrito por\" \/>\n\t<meta name=\"twitter:data1\" content=\"MPPPST Prensa\" \/>\n\t<meta name=\"twitter:label2\" content=\"Tiempo de lectura\" \/>\n\t<meta name=\"twitter:data2\" content=\"4 minutos\" \/>\n<script type=\"application\/ld+json\" class=\"yoast-schema-graph\">{\"@context\":\"https:\/\/schema.org\",\"@graph\":[{\"@type\":\"Article\",\"@id\":\"https:\/\/www.mpppst.gob.ve\/mpppstweb\/index.php\/2016\/12\/05\/bcv-anuncia-ampliacion-del-cono-monetario-a-partir-del-15-de-diciembre\/#article\",\"isPartOf\":{\"@id\":\"https:\/\/www.mpppst.gob.ve\/mpppstweb\/index.php\/2016\/12\/05\/bcv-anuncia-ampliacion-del-cono-monetario-a-partir-del-15-de-diciembre\/\"},\"author\":{\"name\":\"MPPPST Prensa\",\"@id\":\"https:\/\/www.mpppst.gob.ve\/mpppstweb\/#\/schema\/person\/fc187ee8ead412bd4c9304b62f900ea4\"},\"headline\":\"BCV anuncia ampliaci\u00f3n del cono monetario a partir del 15 de diciembre\",\"datePublished\":\"2016-12-05T13:59:54+00:00\",\"dateModified\":\"2016-12-05T14:17:24+00:00\",\"mainEntityOfPage\":{\"@id\":\"https:\/\/www.mpppst.gob.ve\/mpppstweb\/index.php\/2016\/12\/05\/bcv-anuncia-ampliacion-del-cono-monetario-a-partir-del-15-de-diciembre\/\"},\"wordCount\":726,\"publisher\":{\"@id\":\"https:\/\/www.mpppst.gob.ve\/mpppstweb\/#organization\"},\"image\":{\"@id\":\"https:\/\/www.mpppst.gob.ve\/mpppstweb\/index.php\/2016\/12\/05\/bcv-anuncia-ampliacion-del-cono-monetario-a-partir-del-15-de-diciembre\/#primaryimage\"},\"thumbnailUrl\":\"https:\/\/www.mpppst.gob.ve\/mpppstweb\/wp-content\/uploads\/2016\/12\/BCV.jpg\",\"articleSection\":[\"Gobierno Nacional\",\"Noticias\",\"Vicepresidencia de \u00e1rea econ\u00f3mica\"],\"inLanguage\":\"es\"},{\"@type\":\"WebPage\",\"@id\":\"https:\/\/www.mpppst.gob.ve\/mpppstweb\/index.php\/2016\/12\/05\/bcv-anuncia-ampliacion-del-cono-monetario-a-partir-del-15-de-diciembre\/\",\"url\":\"https:\/\/www.mpppst.gob.ve\/mpppstweb\/index.php\/2016\/12\/05\/bcv-anuncia-ampliacion-del-cono-monetario-a-partir-del-15-de-diciembre\/\",\"name\":\"BCV anuncia ampliaci\u00f3n del cono monetario a partir del 15 de diciembre - MPPPST\",\"isPartOf\":{\"@id\":\"https:\/\/www.mpppst.gob.ve\/mpppstweb\/#website\"},\"primaryImageOfPage\":{\"@id\":\"https:\/\/www.mpppst.gob.ve\/mpppstweb\/index.php\/2016\/12\/05\/bcv-anuncia-ampliacion-del-cono-monetario-a-partir-del-15-de-diciembre\/#primaryimage\"},\"image\":{\"@id\":\"https:\/\/www.mpppst.gob.ve\/mpppstweb\/index.php\/2016\/12\/05\/bcv-anuncia-ampliacion-del-cono-monetario-a-partir-del-15-de-diciembre\/#primaryimage\"},\"thumbnailUrl\":\"https:\/\/www.mpppst.gob.ve\/mpppstweb\/wp-content\/uploads\/2016\/12\/BCV.jpg\",\"datePublished\":\"2016-12-05T13:59:54+00:00\",\"dateModified\":\"2016-12-05T14:17:24+00:00\",\"breadcrumb\":{\"@id\":\"https:\/\/www.mpppst.gob.ve\/mpppstweb\/index.php\/2016\/12\/05\/bcv-anuncia-ampliacion-del-cono-monetario-a-partir-del-15-de-diciembre\/#breadcrumb\"},\"inLanguage\":\"es\",\"potentialAction\":[{\"@type\":\"ReadAction\",\"target\":[\"https:\/\/www.mpppst.gob.ve\/mpppstweb\/index.php\/2016\/12\/05\/bcv-anuncia-ampliacion-del-cono-monetario-a-partir-del-15-de-diciembre\/\"]}]},{\"@type\":\"ImageObject\",\"inLanguage\":\"es\",\"@id\":\"https:\/\/www.mpppst.gob.ve\/mpppstweb\/index.php\/2016\/12\/05\/bcv-anuncia-ampliacion-del-cono-monetario-a-partir-del-15-de-diciembre\/#primaryimage\",\"url\":\"https:\/\/www.mpppst.gob.ve\/mpppstweb\/wp-content\/uploads\/2016\/12\/BCV.jpg\",\"contentUrl\":\"https:\/\/www.mpppst.gob.ve\/mpppstweb\/wp-content\/uploads\/2016\/12\/BCV.jpg\",\"width\":800,\"height\":445},{\"@type\":\"BreadcrumbList\",\"@id\":\"https:\/\/www.mpppst.gob.ve\/mpppstweb\/index.php\/2016\/12\/05\/bcv-anuncia-ampliacion-del-cono-monetario-a-partir-del-15-de-diciembre\/#breadcrumb\",\"itemListElement\":[{\"@type\":\"ListItem\",\"position\":1,\"name\":\"Home\",\"item\":\"https:\/\/www.mpppst.gob.ve\/mpppstweb\/\"},{\"@type\":\"ListItem\",\"position\":2,\"name\":\"BCV anuncia ampliaci\u00f3n del cono monetario a partir del 15 de diciembre\"}]},{\"@type\":\"WebSite\",\"@id\":\"https:\/\/www.mpppst.gob.ve\/mpppstweb\/#website\",\"url\":\"https:\/\/www.mpppst.gob.ve\/mpppstweb\/\",\"name\":\"MPPPST\",\"description\":\"Ministerio del Poder Popular para el Proceso Social de Trabajo\",\"publisher\":{\"@id\":\"https:\/\/www.mpppst.gob.ve\/mpppstweb\/#organization\"},\"potentialAction\":[{\"@type\":\"SearchAction\",\"target\":{\"@type\":\"EntryPoint\",\"urlTemplate\":\"https:\/\/www.mpppst.gob.ve\/mpppstweb\/?s={search_term_string}\"},\"query-input\":\"required name=search_term_string\"}],\"inLanguage\":\"es\"},{\"@type\":\"Organization\",\"@id\":\"https:\/\/www.mpppst.gob.ve\/mpppstweb\/#organization\",\"name\":\"mpppst\",\"url\":\"https:\/\/www.mpppst.gob.ve\/mpppstweb\/\",\"logo\":{\"@type\":\"ImageObject\",\"inLanguage\":\"es\",\"@id\":\"https:\/\/www.mpppst.gob.ve\/mpppstweb\/#\/schema\/logo\/image\/\",\"url\":\"https:\/\/www.mpppst.gob.ve\/mpppstweb\/wp-content\/uploads\/2025\/07\/cropped-cropped-g910.png\",\"contentUrl\":\"https:\/\/www.mpppst.gob.ve\/mpppstweb\/wp-content\/uploads\/2025\/07\/cropped-cropped-g910.png\",\"width\":1080,\"height\":241,\"caption\":\"mpppst\"},\"image\":{\"@id\":\"https:\/\/www.mpppst.gob.ve\/mpppstweb\/#\/schema\/logo\/image\/\"}},{\"@type\":\"Person\",\"@id\":\"https:\/\/www.mpppst.gob.ve\/mpppstweb\/#\/schema\/person\/fc187ee8ead412bd4c9304b62f900ea4\",\"name\":\"MPPPST Prensa\",\"url\":\"https:\/\/www.mpppst.gob.ve\/mpppstweb\/index.php\/author\/prensa-mpppst\/\"}]}<\/script>\n<!-- \/ Yoast SEO plugin. -->","yoast_head_json":{"title":"BCV anuncia ampliaci\u00f3n del cono monetario a partir del 15 de diciembre - MPPPST","robots":{"index":"index","follow":"follow","max-snippet":"max-snippet:-1","max-image-preview":"max-image-preview:large","max-video-preview":"max-video-preview:-1"},"canonical":"https:\/\/www.mpppst.gob.ve\/mpppstweb\/index.php\/2016\/12\/05\/bcv-anuncia-ampliacion-del-cono-monetario-a-partir-del-15-de-diciembre\/","og_locale":"es_ES","og_type":"article","og_title":"BCV anuncia ampliaci\u00f3n del cono monetario a partir del 15 de diciembre - MPPPST","og_description":"AVN.- El Banco Central de Venezuela (BCV) anunci\u00f3 este domingo la ampliaci\u00f3n del cono monetario con &hellip; BCV anuncia ampliaci\u00f3n del cono monetario a partir del 15 de diciembreRead more","og_url":"https:\/\/www.mpppst.gob.ve\/mpppstweb\/index.php\/2016\/12\/05\/bcv-anuncia-ampliacion-del-cono-monetario-a-partir-del-15-de-diciembre\/","og_site_name":"MPPPST","article_published_time":"2016-12-05T13:59:54+00:00","article_modified_time":"2016-12-05T14:17:24+00:00","og_image":[{"width":800,"height":445,"url":"https:\/\/www.mpppst.gob.ve\/mpppstweb\/wp-content\/uploads\/2016\/12\/BCV.jpg","type":"image\/jpeg"}],"author":"MPPPST Prensa","twitter_card":"summary_large_image","twitter_misc":{"Escrito por":"MPPPST Prensa","Tiempo de lectura":"4 minutos"},"schema":{"@context":"https:\/\/schema.org","@graph":[{"@type":"Article","@id":"https:\/\/www.mpppst.gob.ve\/mpppstweb\/index.php\/2016\/12\/05\/bcv-anuncia-ampliacion-del-cono-monetario-a-partir-del-15-de-diciembre\/#article","isPartOf":{"@id":"https:\/\/www.mpppst.gob.ve\/mpppstweb\/index.php\/2016\/12\/05\/bcv-anuncia-ampliacion-del-cono-monetario-a-partir-del-15-de-diciembre\/"},"author":{"name":"MPPPST Prensa","@id":"https:\/\/www.mpppst.gob.ve\/mpppstweb\/#\/schema\/person\/fc187ee8ead412bd4c9304b62f900ea4"},"headline":"BCV anuncia ampliaci\u00f3n del cono monetario a partir del 15 de diciembre","datePublished":"2016-12-05T13:59:54+00:00","dateModified":"2016-12-05T14:17:24+00:00","mainEntityOfPage":{"@id":"https:\/\/www.mpppst.gob.ve\/mpppstweb\/index.php\/2016\/12\/05\/bcv-anuncia-ampliacion-del-cono-monetario-a-partir-del-15-de-diciembre\/"},"wordCount":726,"publisher":{"@id":"https:\/\/www.mpppst.gob.ve\/mpppstweb\/#organization"},"image":{"@id":"https:\/\/www.mpppst.gob.ve\/mpppstweb\/index.php\/2016\/12\/05\/bcv-anuncia-ampliacion-del-cono-monetario-a-partir-del-15-de-diciembre\/#primaryimage"},"thumbnailUrl":"https:\/\/www.mpppst.gob.ve\/mpppstweb\/wp-content\/uploads\/2016\/12\/BCV.jpg","articleSection":["Gobierno Nacional","Noticias","Vicepresidencia de \u00e1rea econ\u00f3mica"],"inLanguage":"es"},{"@type":"WebPage","@id":"https:\/\/www.mpppst.gob.ve\/mpppstweb\/index.php\/2016\/12\/05\/bcv-anuncia-ampliacion-del-cono-monetario-a-partir-del-15-de-diciembre\/","url":"https:\/\/www.mpppst.gob.ve\/mpppstweb\/index.php\/2016\/12\/05\/bcv-anuncia-ampliacion-del-cono-monetario-a-partir-del-15-de-diciembre\/","name":"BCV anuncia ampliaci\u00f3n del cono monetario a partir del 15 de diciembre - MPPPST","isPartOf":{"@id":"https:\/\/www.mpppst.gob.ve\/mpppstweb\/#website"},"primaryImageOfPage":{"@id":"https:\/\/www.mpppst.gob.ve\/mpppstweb\/index.php\/2016\/12\/05\/bcv-anuncia-ampliacion-del-cono-monetario-a-partir-del-15-de-diciembre\/#primaryimage"},"image":{"@id":"https:\/\/www.mpppst.gob.ve\/mpppstweb\/index.php\/2016\/12\/05\/bcv-anuncia-ampliacion-del-cono-monetario-a-partir-del-15-de-diciembre\/#primaryimage"},"thumbnailUrl":"https:\/\/www.mpppst.gob.ve\/mpppstweb\/wp-content\/uploads\/2016\/12\/BCV.jpg","datePublished":"2016-12-05T13:59:54+00:00","dateModified":"2016-12-05T14:17:24+00:00","breadcrumb":{"@id":"https:\/\/www.mpppst.gob.ve\/mpppstweb\/index.php\/2016\/12\/05\/bcv-anuncia-ampliacion-del-cono-monetario-a-partir-del-15-de-diciembre\/#breadcrumb"},"inLanguage":"es","potentialAction":[{"@type":"ReadAction","target":["https:\/\/www.mpppst.gob.ve\/mpppstweb\/index.php\/2016\/12\/05\/bcv-anuncia-ampliacion-del-cono-monetario-a-partir-del-15-de-diciembre\/"]}]},{"@type":"ImageObject","inLanguage":"es","@id":"https:\/\/www.mpppst.gob.ve\/mpppstweb\/index.php\/2016\/12\/05\/bcv-anuncia-ampliacion-del-cono-monetario-a-partir-del-15-de-diciembre\/#primaryimage","url":"https:\/\/www.mpppst.gob.ve\/mpppstweb\/wp-content\/uploads\/2016\/12\/BCV.jpg","contentUrl":"https:\/\/www.mpppst.gob.ve\/mpppstweb\/wp-content\/uploads\/2016\/12\/BCV.jpg","width":800,"height":445},{"@type":"BreadcrumbList","@id":"https:\/\/www.mpppst.gob.ve\/mpppstweb\/index.php\/2016\/12\/05\/bcv-anuncia-ampliacion-del-cono-monetario-a-partir-del-15-de-diciembre\/#breadcrumb","itemListElement":[{"@type":"ListItem","position":1,"name":"Home","item":"https:\/\/www.mpppst.gob.ve\/mpppstweb\/"},{"@type":"ListItem","position":2,"name":"BCV anuncia ampliaci\u00f3n del cono monetario a partir del 15 de diciembre"}]},{"@type":"WebSite","@id":"https:\/\/www.mpppst.gob.ve\/mpppstweb\/#website","url":"https:\/\/www.mpppst.gob.ve\/mpppstweb\/","name":"MPPPST","description":"Ministerio del Poder Popular para el Proceso Social de Trabajo","publisher":{"@id":"https:\/\/www.mpppst.gob.ve\/mpppstweb\/#organization"},"potentialAction":[{"@type":"SearchAction","target":{"@type":"EntryPoint","urlTemplate":"https:\/\/www.mpppst.gob.ve\/mpppstweb\/?s={search_term_string}"},"query-input":"required name=search_term_string"}],"inLanguage":"es"},{"@type":"Organization","@id":"https:\/\/www.mpppst.gob.ve\/mpppstweb\/#organization","name":"mpppst","url":"https:\/\/www.mpppst.gob.ve\/mpppstweb\/","logo":{"@type":"ImageObject","inLanguage":"es","@id":"https:\/\/www.mpppst.gob.ve\/mpppstweb\/#\/schema\/logo\/image\/","url":"https:\/\/www.mpppst.gob.ve\/mpppstweb\/wp-content\/uploads\/2025\/07\/cropped-cropped-g910.png","contentUrl":"https:\/\/www.mpppst.gob.ve\/mpppstweb\/wp-content\/uploads\/2025\/07\/cropped-cropped-g910.png","width":1080,"height":241,"caption":"mpppst"},"image":{"@id":"https:\/\/www.mpppst.gob.ve\/mpppstweb\/#\/schema\/logo\/image\/"}},{"@type":"Person","@id":"https:\/\/www.mpppst.gob.ve\/mpppstweb\/#\/schema\/person\/fc187ee8ead412bd4c9304b62f900ea4","name":"MPPPST Prensa","url":"https:\/\/www.mpppst.gob.ve\/mpppstweb\/index.php\/author\/prensa-mpppst\/"}]}},"_links":{"self":[{"href":"https:\/\/www.mpppst.gob.ve\/mpppstweb\/index.php\/wp-json\/wp\/v2\/posts\/9558"}],"collection":[{"href":"https:\/\/www.mpppst.gob.ve\/mpppstweb\/index.php\/wp-json\/wp\/v2\/posts"}],"about":[{"href":"https:\/\/www.mpppst.gob.ve\/mpppstweb\/index.php\/wp-json\/wp\/v2\/types\/post"}],"author":[{"embeddable":true,"href":"https:\/\/www.mpppst.gob.ve\/mpppstweb\/index.php\/wp-json\/wp\/v2\/users\/25"}],"replies":[{"embeddable":true,"href":"https:\/\/www.mpppst.gob.ve\/mpppstweb\/index.php\/wp-json\/wp\/v2\/comments?post=9558"}],"version-history":[{"count":3,"href":"https:\/\/www.mpppst.gob.ve\/mpppstweb\/index.php\/wp-json\/wp\/v2\/posts\/9558\/revisions"}],"predecessor-version":[{"id":9562,"href":"https:\/\/www.mpppst.gob.ve\/mpppstweb\/index.php\/wp-json\/wp\/v2\/posts\/9558\/revisions\/9562"}],"wp:featuredmedia":[{"embeddable":true,"href":"https:\/\/www.mpppst.gob.ve\/mpppstweb\/index.php\/wp-json\/wp\/v2\/media\/9559"}],"wp:attachment":[{"href":"https:\/\/www.mpppst.gob.ve\/mpppstweb\/index.php\/wp-json\/wp\/v2\/media?parent=9558"}],"wp:term":[{"taxonomy":"category","embeddable":true,"href":"https:\/\/www.mpppst.gob.ve\/mpppstweb\/index.php\/wp-json\/wp\/v2\/categories?post=9558"},{"taxonomy":"post_tag","embeddable":true,"href":"https:\/\/www.mpppst.gob.ve\/mpppstweb\/index.php\/wp-json\/wp\/v2\/tags?post=9558"}],"curies":[{"name":"wp","href":"https:\/\/api.w.org\/{rel}","templated":true}]}}