{"id":9575,"date":"2016-12-05T20:16:35","date_gmt":"2016-12-05T20:16:35","guid":{"rendered":"http:\/\/www.mpppst.gob.ve\/mpppstweb\/?p=9575"},"modified":"2016-12-05T20:16:35","modified_gmt":"2016-12-05T20:16:35","slug":"instalan-mesa-de-negociacion-de-convencion-colectiva-de-trabajadores-de-la-dem","status":"publish","type":"post","link":"https:\/\/www.mpppst.gob.ve\/mpppstweb\/index.php\/2016\/12\/05\/instalan-mesa-de-negociacion-de-convencion-colectiva-de-trabajadores-de-la-dem\/","title":{"rendered":"Instalan mesa de negociaci\u00f3n de convenci\u00f3n colectiva de trabajadores de la DEM"},"content":{"rendered":"<p>Prensa MPPPST.- Como un hecho sin precedentes fue catalogada la instalaci\u00f3n de la mesa de negociaci\u00f3n del Contrato Colectivo de los trabajadores y trabajadoras de la Direcci\u00f3n Ejecutiva de la Magistratura (DEM), que por primera vez agrupar\u00e1 en un solo proyecto a los empleados, empleadas, obreros, obreras, jubilados y jubiladas.<\/p>\n<p>La instalaci\u00f3n de la mesa de discusi\u00f3n estuvo a cargo de la viceministra para Derechos y Relaciones Laborales, Leninna Galindo, quien resalt\u00f3 el hecho de que esta contrataci\u00f3n unificada beneficiar\u00e1 a m\u00e1s de 25 mil trabajadores activos y 8 mil jubilados; y que adem\u00e1s por primera vez est\u00e1 agrupando a los cinco sindicatos que hacen vida en la DEM.<\/p>\n<p>Dijo que a lo largo del tiempo ha sido pol\u00edtica del Gobierno bolivariano defender y garantizar los derechos laborales de los trabajadores y trabajadoras, a\u00fan en la actualidad ante esta guerra econ\u00f3mica en la que vivimos; en donde el gobierno ha continuado avanzando en materia social para beneficiar a la clase trabajadora.<\/p>\n<p>Exhort\u00f3 a las partes a discutir este proyecto de contrataci\u00f3n colectiva en armon\u00eda, \u201cque se desarrolle en los mejores t\u00e9rminos, porque en la actualidad debemos unirnos para pasar a la contraofensiva en defensa de la Patria y la Revoluci\u00f3n Bolivariana\u201d, resalt\u00f3 la viceministra.<\/p>\n<p>Por su parte, Silio S\u00e1nchez, Director Ejecutivo de la Magistratura, manifest\u00f3 su satisfacci\u00f3n por la instalaci\u00f3n de la mesa, y resalt\u00f3 el hecho de que a trav\u00e9s de este organismo dirigido por la presidenta del Tribunal Supremo de Justicia, Gladys Guti\u00e9rrez, se desarrollen procesos para que se cumplan los derechos laborales de los trabajadores y jubilados tribunalicios del pa\u00eds.<\/p>\n<p>Edgar Romero, Secretario de Organizaci\u00f3n del Sindicato Nacional de Trabajadores Tribunalicios, dijo que es importante recordar que esta contrataci\u00f3n colectiva se logr\u00f3 gracias a la propuesta de la presidenta del TSJ, Gladys Guti\u00e9rrez y del presidente Nicol\u00e1s Maduro de unificar las convenciones colectivas de obreros y empleados.<\/p>\n<p>Explic\u00f3 que dentro de los beneficios socioecon\u00f3micos que tendr\u00e1n en esta contrataci\u00f3n colectiva se encuentra ampliar el bono asistencial de los jubilados y jubiladas del Poder Judicial. Adem\u00e1s de la incorporaci\u00f3n de una cl\u00e1usula que tiene que ver con la vivienda obrera para los trabajadores y trabajadoras, la ampliaci\u00f3n del HCM, en un mil por ciento.<\/p>\n<p>Dijo que consideraba que esta era una contrataci\u00f3n justa que beneficiar\u00e1 a m\u00e1s de 30 mil trabajadores y trabajadoras del pa\u00eds, que constar\u00e1 de 56 cl\u00e1usulas; y expres\u00f3 que hay que resaltar el momento hist\u00f3rico en que se comienza a discutir este contrato colectivo, a pesar de la situaci\u00f3n pa\u00eds, la guerra econ\u00f3mica y los consecuentes ataques de la derecha a la revoluci\u00f3n bolivariana.<\/p>\n<p>Igor Vel\u00e1squez, presidente del Sindicato \u00danico Nacional Bolivariano de Obreros y Empleados de la DEM, Poder judicial y Servicios Aut\u00f3nomos de la Defensa P\u00fablica, agreg\u00f3 que tiene 34 a\u00f1os laborando en la instituci\u00f3n y ve con buenos ojos esta convenci\u00f3n colectiva que por primera vez agrupa los dos sectores para el per\u00edodo de 2016-2019; resaltando el hecho de que la convenci\u00f3n colectiva de los obreros est\u00e1 vencida desde 1992 y la de los empleados desde el a\u00f1o 2007.<\/p>\n<p>Los cinco sindicatos que est\u00e1n unificados para la negociaci\u00f3n de la convenci\u00f3n colectiva son: Sindicato Uni\u00f3n Nacional de Empleados P\u00fablicos del Consejo de la Magistratura; Sindicato Unitario Organizado Nacional de Trabajadores de la Administraci\u00f3n de Justicia; Sindicato \u00danico Nacional Bolivariano de Obreros y Empleados de la DEM, Poder judicial y Servicios Aut\u00f3nomos de la Defensa P\u00fablica; Sindicato nacional de Trabajadores Tribunalicios; y la Federaci\u00f3n Nacional de Obreros dependientes del Estado.<\/p>\n<p>Por Elio Garc\u00eda<\/p>\n<p>Fotos F\u00e9lix Ordaz<\/p>\n","protected":false},"excerpt":{"rendered":"<p>Prensa MPPPST.- Como un hecho sin precedentes fue catalogada la instalaci\u00f3n de la mesa de negociaci\u00f3n &hellip; <a title=\"Instalan mesa de negociaci\u00f3n de convenci\u00f3n colectiva de trabajadores de la DEM\" class=\"hm-read-more\" href=\"https:\/\/www.mpppst.gob.ve\/mpppstweb\/index.php\/2016\/12\/05\/instalan-mesa-de-negociacion-de-convencion-colectiva-de-trabajadores-de-la-dem\/\"><span class=\"screen-reader-text\">Instalan mesa de negociaci\u00f3n de convenci\u00f3n colectiva de trabajadores de la DEM<\/span>Read more<\/a><\/p>\n","protected":false},"author":25,"featured_media":9576,"comment_status":"closed","ping_status":"closed","sticky":false,"template":"","format":"standard","meta":{"footnotes":""},"categories":[84],"tags":[244,242,223],"yoast_head":"<!-- This site is optimized with the Yoast SEO plugin v22.5 - https:\/\/yoast.com\/wordpress\/plugins\/seo\/ -->\n<title>Instalan mesa de negociaci\u00f3n de convenci\u00f3n colectiva de trabajadores de la DEM - MPPPST<\/title>\n<meta name=\"robots\" content=\"index, follow, max-snippet:-1, max-image-preview:large, max-video-preview:-1\" \/>\n<link rel=\"canonical\" href=\"https:\/\/www.mpppst.gob.ve\/mpppstweb\/index.php\/2016\/12\/05\/instalan-mesa-de-negociacion-de-convencion-colectiva-de-trabajadores-de-la-dem\/\" \/>\n<meta property=\"og:locale\" content=\"es_ES\" \/>\n<meta property=\"og:type\" content=\"article\" \/>\n<meta property=\"og:title\" content=\"Instalan mesa de negociaci\u00f3n de convenci\u00f3n colectiva de trabajadores de la DEM - MPPPST\" \/>\n<meta property=\"og:description\" content=\"Prensa MPPPST.- Como un hecho sin precedentes fue catalogada la instalaci\u00f3n de la mesa de negociaci\u00f3n &hellip; Instalan mesa de negociaci\u00f3n de convenci\u00f3n colectiva de trabajadores de la DEMRead more\" \/>\n<meta property=\"og:url\" content=\"https:\/\/www.mpppst.gob.ve\/mpppstweb\/index.php\/2016\/12\/05\/instalan-mesa-de-negociacion-de-convencion-colectiva-de-trabajadores-de-la-dem\/\" \/>\n<meta property=\"og:site_name\" content=\"MPPPST\" \/>\n<meta property=\"article:published_time\" content=\"2016-12-05T20:16:35+00:00\" \/>\n<meta property=\"og:image\" content=\"https:\/\/www.mpppst.gob.ve\/mpppstweb\/wp-content\/uploads\/2016\/12\/convenci\u00f3n-colectiva.jpg\" \/>\n\t<meta property=\"og:image:width\" content=\"800\" \/>\n\t<meta property=\"og:image:height\" content=\"445\" \/>\n\t<meta property=\"og:image:type\" content=\"image\/jpeg\" \/>\n<meta name=\"author\" content=\"MPPPST Prensa\" \/>\n<meta name=\"twitter:card\" content=\"summary_large_image\" \/>\n<meta name=\"twitter:label1\" content=\"Escrito por\" \/>\n\t<meta name=\"twitter:data1\" content=\"MPPPST Prensa\" \/>\n\t<meta name=\"twitter:label2\" content=\"Tiempo de lectura\" \/>\n\t<meta name=\"twitter:data2\" content=\"3 minutos\" \/>\n<script type=\"application\/ld+json\" class=\"yoast-schema-graph\">{\"@context\":\"https:\/\/schema.org\",\"@graph\":[{\"@type\":\"Article\",\"@id\":\"https:\/\/www.mpppst.gob.ve\/mpppstweb\/index.php\/2016\/12\/05\/instalan-mesa-de-negociacion-de-convencion-colectiva-de-trabajadores-de-la-dem\/#article\",\"isPartOf\":{\"@id\":\"https:\/\/www.mpppst.gob.ve\/mpppstweb\/index.php\/2016\/12\/05\/instalan-mesa-de-negociacion-de-convencion-colectiva-de-trabajadores-de-la-dem\/\"},\"author\":{\"name\":\"MPPPST Prensa\",\"@id\":\"https:\/\/www.mpppst.gob.ve\/mpppstweb\/#\/schema\/person\/fc187ee8ead412bd4c9304b62f900ea4\"},\"headline\":\"Instalan mesa de negociaci\u00f3n de convenci\u00f3n colectiva de trabajadores de la DEM\",\"datePublished\":\"2016-12-05T20:16:35+00:00\",\"dateModified\":\"2016-12-05T20:16:35+00:00\",\"mainEntityOfPage\":{\"@id\":\"https:\/\/www.mpppst.gob.ve\/mpppstweb\/index.php\/2016\/12\/05\/instalan-mesa-de-negociacion-de-convencion-colectiva-de-trabajadores-de-la-dem\/\"},\"wordCount\":653,\"publisher\":{\"@id\":\"https:\/\/www.mpppst.gob.ve\/mpppstweb\/#organization\"},\"image\":{\"@id\":\"https:\/\/www.mpppst.gob.ve\/mpppstweb\/index.php\/2016\/12\/05\/instalan-mesa-de-negociacion-de-convencion-colectiva-de-trabajadores-de-la-dem\/#primaryimage\"},\"thumbnailUrl\":\"https:\/\/www.mpppst.gob.ve\/mpppstweb\/wp-content\/uploads\/2016\/12\/convenci\u00f3n-colectiva.jpg\",\"keywords\":[\"AUTOFORMACI\u00d3N COLECTIVA\",\"Justa distribuci\u00f3n de la riqueza\",\"MPPPST\"],\"articleSection\":[\"Vida Laboral y Sindical\"],\"inLanguage\":\"es\"},{\"@type\":\"WebPage\",\"@id\":\"https:\/\/www.mpppst.gob.ve\/mpppstweb\/index.php\/2016\/12\/05\/instalan-mesa-de-negociacion-de-convencion-colectiva-de-trabajadores-de-la-dem\/\",\"url\":\"https:\/\/www.mpppst.gob.ve\/mpppstweb\/index.php\/2016\/12\/05\/instalan-mesa-de-negociacion-de-convencion-colectiva-de-trabajadores-de-la-dem\/\",\"name\":\"Instalan mesa de negociaci\u00f3n de convenci\u00f3n colectiva de trabajadores de la DEM - MPPPST\",\"isPartOf\":{\"@id\":\"https:\/\/www.mpppst.gob.ve\/mpppstweb\/#website\"},\"primaryImageOfPage\":{\"@id\":\"https:\/\/www.mpppst.gob.ve\/mpppstweb\/index.php\/2016\/12\/05\/instalan-mesa-de-negociacion-de-convencion-colectiva-de-trabajadores-de-la-dem\/#primaryimage\"},\"image\":{\"@id\":\"https:\/\/www.mpppst.gob.ve\/mpppstweb\/index.php\/2016\/12\/05\/instalan-mesa-de-negociacion-de-convencion-colectiva-de-trabajadores-de-la-dem\/#primaryimage\"},\"thumbnailUrl\":\"https:\/\/www.mpppst.gob.ve\/mpppstweb\/wp-content\/uploads\/2016\/12\/convenci\u00f3n-colectiva.jpg\",\"datePublished\":\"2016-12-05T20:16:35+00:00\",\"dateModified\":\"2016-12-05T20:16:35+00:00\",\"breadcrumb\":{\"@id\":\"https:\/\/www.mpppst.gob.ve\/mpppstweb\/index.php\/2016\/12\/05\/instalan-mesa-de-negociacion-de-convencion-colectiva-de-trabajadores-de-la-dem\/#breadcrumb\"},\"inLanguage\":\"es\",\"potentialAction\":[{\"@type\":\"ReadAction\",\"target\":[\"https:\/\/www.mpppst.gob.ve\/mpppstweb\/index.php\/2016\/12\/05\/instalan-mesa-de-negociacion-de-convencion-colectiva-de-trabajadores-de-la-dem\/\"]}]},{\"@type\":\"ImageObject\",\"inLanguage\":\"es\",\"@id\":\"https:\/\/www.mpppst.gob.ve\/mpppstweb\/index.php\/2016\/12\/05\/instalan-mesa-de-negociacion-de-convencion-colectiva-de-trabajadores-de-la-dem\/#primaryimage\",\"url\":\"https:\/\/www.mpppst.gob.ve\/mpppstweb\/wp-content\/uploads\/2016\/12\/convenci\u00f3n-colectiva.jpg\",\"contentUrl\":\"https:\/\/www.mpppst.gob.ve\/mpppstweb\/wp-content\/uploads\/2016\/12\/convenci\u00f3n-colectiva.jpg\",\"width\":800,\"height\":445},{\"@type\":\"BreadcrumbList\",\"@id\":\"https:\/\/www.mpppst.gob.ve\/mpppstweb\/index.php\/2016\/12\/05\/instalan-mesa-de-negociacion-de-convencion-colectiva-de-trabajadores-de-la-dem\/#breadcrumb\",\"itemListElement\":[{\"@type\":\"ListItem\",\"position\":1,\"name\":\"Home\",\"item\":\"https:\/\/www.mpppst.gob.ve\/mpppstweb\/\"},{\"@type\":\"ListItem\",\"position\":2,\"name\":\"Instalan mesa de negociaci\u00f3n de convenci\u00f3n colectiva de trabajadores de la DEM\"}]},{\"@type\":\"WebSite\",\"@id\":\"https:\/\/www.mpppst.gob.ve\/mpppstweb\/#website\",\"url\":\"https:\/\/www.mpppst.gob.ve\/mpppstweb\/\",\"name\":\"MPPPST\",\"description\":\"Ministerio del Poder Popular para el Proceso Social de Trabajo\",\"publisher\":{\"@id\":\"https:\/\/www.mpppst.gob.ve\/mpppstweb\/#organization\"},\"potentialAction\":[{\"@type\":\"SearchAction\",\"target\":{\"@type\":\"EntryPoint\",\"urlTemplate\":\"https:\/\/www.mpppst.gob.ve\/mpppstweb\/?s={search_term_string}\"},\"query-input\":\"required name=search_term_string\"}],\"inLanguage\":\"es\"},{\"@type\":\"Organization\",\"@id\":\"https:\/\/www.mpppst.gob.ve\/mpppstweb\/#organization\",\"name\":\"mpppst\",\"url\":\"https:\/\/www.mpppst.gob.ve\/mpppstweb\/\",\"logo\":{\"@type\":\"ImageObject\",\"inLanguage\":\"es\",\"@id\":\"https:\/\/www.mpppst.gob.ve\/mpppstweb\/#\/schema\/logo\/image\/\",\"url\":\"https:\/\/www.mpppst.gob.ve\/mpppstweb\/wp-content\/uploads\/2025\/07\/cropped-cropped-g910.png\",\"contentUrl\":\"https:\/\/www.mpppst.gob.ve\/mpppstweb\/wp-content\/uploads\/2025\/07\/cropped-cropped-g910.png\",\"width\":1080,\"height\":241,\"caption\":\"mpppst\"},\"image\":{\"@id\":\"https:\/\/www.mpppst.gob.ve\/mpppstweb\/#\/schema\/logo\/image\/\"}},{\"@type\":\"Person\",\"@id\":\"https:\/\/www.mpppst.gob.ve\/mpppstweb\/#\/schema\/person\/fc187ee8ead412bd4c9304b62f900ea4\",\"name\":\"MPPPST Prensa\",\"url\":\"https:\/\/www.mpppst.gob.ve\/mpppstweb\/index.php\/author\/prensa-mpppst\/\"}]}<\/script>\n<!-- \/ Yoast SEO plugin. -->","yoast_head_json":{"title":"Instalan mesa de negociaci\u00f3n de convenci\u00f3n colectiva de trabajadores de la DEM - MPPPST","robots":{"index":"index","follow":"follow","max-snippet":"max-snippet:-1","max-image-preview":"max-image-preview:large","max-video-preview":"max-video-preview:-1"},"canonical":"https:\/\/www.mpppst.gob.ve\/mpppstweb\/index.php\/2016\/12\/05\/instalan-mesa-de-negociacion-de-convencion-colectiva-de-trabajadores-de-la-dem\/","og_locale":"es_ES","og_type":"article","og_title":"Instalan mesa de negociaci\u00f3n de convenci\u00f3n colectiva de trabajadores de la DEM - MPPPST","og_description":"Prensa MPPPST.- Como un hecho sin precedentes fue catalogada la instalaci\u00f3n de la mesa de negociaci\u00f3n &hellip; Instalan mesa de negociaci\u00f3n de convenci\u00f3n colectiva de trabajadores de la DEMRead more","og_url":"https:\/\/www.mpppst.gob.ve\/mpppstweb\/index.php\/2016\/12\/05\/instalan-mesa-de-negociacion-de-convencion-colectiva-de-trabajadores-de-la-dem\/","og_site_name":"MPPPST","article_published_time":"2016-12-05T20:16:35+00:00","og_image":[{"width":800,"height":445,"url":"https:\/\/www.mpppst.gob.ve\/mpppstweb\/wp-content\/uploads\/2016\/12\/convenci\u00f3n-colectiva.jpg","type":"image\/jpeg"}],"author":"MPPPST Prensa","twitter_card":"summary_large_image","twitter_misc":{"Escrito por":"MPPPST Prensa","Tiempo de lectura":"3 minutos"},"schema":{"@context":"https:\/\/schema.org","@graph":[{"@type":"Article","@id":"https:\/\/www.mpppst.gob.ve\/mpppstweb\/index.php\/2016\/12\/05\/instalan-mesa-de-negociacion-de-convencion-colectiva-de-trabajadores-de-la-dem\/#article","isPartOf":{"@id":"https:\/\/www.mpppst.gob.ve\/mpppstweb\/index.php\/2016\/12\/05\/instalan-mesa-de-negociacion-de-convencion-colectiva-de-trabajadores-de-la-dem\/"},"author":{"name":"MPPPST Prensa","@id":"https:\/\/www.mpppst.gob.ve\/mpppstweb\/#\/schema\/person\/fc187ee8ead412bd4c9304b62f900ea4"},"headline":"Instalan mesa de negociaci\u00f3n de convenci\u00f3n colectiva de trabajadores de la DEM","datePublished":"2016-12-05T20:16:35+00:00","dateModified":"2016-12-05T20:16:35+00:00","mainEntityOfPage":{"@id":"https:\/\/www.mpppst.gob.ve\/mpppstweb\/index.php\/2016\/12\/05\/instalan-mesa-de-negociacion-de-convencion-colectiva-de-trabajadores-de-la-dem\/"},"wordCount":653,"publisher":{"@id":"https:\/\/www.mpppst.gob.ve\/mpppstweb\/#organization"},"image":{"@id":"https:\/\/www.mpppst.gob.ve\/mpppstweb\/index.php\/2016\/12\/05\/instalan-mesa-de-negociacion-de-convencion-colectiva-de-trabajadores-de-la-dem\/#primaryimage"},"thumbnailUrl":"https:\/\/www.mpppst.gob.ve\/mpppstweb\/wp-content\/uploads\/2016\/12\/convenci\u00f3n-colectiva.jpg","keywords":["AUTOFORMACI\u00d3N COLECTIVA","Justa distribuci\u00f3n de la riqueza","MPPPST"],"articleSection":["Vida Laboral y Sindical"],"inLanguage":"es"},{"@type":"WebPage","@id":"https:\/\/www.mpppst.gob.ve\/mpppstweb\/index.php\/2016\/12\/05\/instalan-mesa-de-negociacion-de-convencion-colectiva-de-trabajadores-de-la-dem\/","url":"https:\/\/www.mpppst.gob.ve\/mpppstweb\/index.php\/2016\/12\/05\/instalan-mesa-de-negociacion-de-convencion-colectiva-de-trabajadores-de-la-dem\/","name":"Instalan mesa de negociaci\u00f3n de convenci\u00f3n colectiva de trabajadores de la DEM - MPPPST","isPartOf":{"@id":"https:\/\/www.mpppst.gob.ve\/mpppstweb\/#website"},"primaryImageOfPage":{"@id":"https:\/\/www.mpppst.gob.ve\/mpppstweb\/index.php\/2016\/12\/05\/instalan-mesa-de-negociacion-de-convencion-colectiva-de-trabajadores-de-la-dem\/#primaryimage"},"image":{"@id":"https:\/\/www.mpppst.gob.ve\/mpppstweb\/index.php\/2016\/12\/05\/instalan-mesa-de-negociacion-de-convencion-colectiva-de-trabajadores-de-la-dem\/#primaryimage"},"thumbnailUrl":"https:\/\/www.mpppst.gob.ve\/mpppstweb\/wp-content\/uploads\/2016\/12\/convenci\u00f3n-colectiva.jpg","datePublished":"2016-12-05T20:16:35+00:00","dateModified":"2016-12-05T20:16:35+00:00","breadcrumb":{"@id":"https:\/\/www.mpppst.gob.ve\/mpppstweb\/index.php\/2016\/12\/05\/instalan-mesa-de-negociacion-de-convencion-colectiva-de-trabajadores-de-la-dem\/#breadcrumb"},"inLanguage":"es","potentialAction":[{"@type":"ReadAction","target":["https:\/\/www.mpppst.gob.ve\/mpppstweb\/index.php\/2016\/12\/05\/instalan-mesa-de-negociacion-de-convencion-colectiva-de-trabajadores-de-la-dem\/"]}]},{"@type":"ImageObject","inLanguage":"es","@id":"https:\/\/www.mpppst.gob.ve\/mpppstweb\/index.php\/2016\/12\/05\/instalan-mesa-de-negociacion-de-convencion-colectiva-de-trabajadores-de-la-dem\/#primaryimage","url":"https:\/\/www.mpppst.gob.ve\/mpppstweb\/wp-content\/uploads\/2016\/12\/convenci\u00f3n-colectiva.jpg","contentUrl":"https:\/\/www.mpppst.gob.ve\/mpppstweb\/wp-content\/uploads\/2016\/12\/convenci\u00f3n-colectiva.jpg","width":800,"height":445},{"@type":"BreadcrumbList","@id":"https:\/\/www.mpppst.gob.ve\/mpppstweb\/index.php\/2016\/12\/05\/instalan-mesa-de-negociacion-de-convencion-colectiva-de-trabajadores-de-la-dem\/#breadcrumb","itemListElement":[{"@type":"ListItem","position":1,"name":"Home","item":"https:\/\/www.mpppst.gob.ve\/mpppstweb\/"},{"@type":"ListItem","position":2,"name":"Instalan mesa de negociaci\u00f3n de convenci\u00f3n colectiva de trabajadores de la DEM"}]},{"@type":"WebSite","@id":"https:\/\/www.mpppst.gob.ve\/mpppstweb\/#website","url":"https:\/\/www.mpppst.gob.ve\/mpppstweb\/","name":"MPPPST","description":"Ministerio del Poder Popular para el Proceso Social de Trabajo","publisher":{"@id":"https:\/\/www.mpppst.gob.ve\/mpppstweb\/#organization"},"potentialAction":[{"@type":"SearchAction","target":{"@type":"EntryPoint","urlTemplate":"https:\/\/www.mpppst.gob.ve\/mpppstweb\/?s={search_term_string}"},"query-input":"required name=search_term_string"}],"inLanguage":"es"},{"@type":"Organization","@id":"https:\/\/www.mpppst.gob.ve\/mpppstweb\/#organization","name":"mpppst","url":"https:\/\/www.mpppst.gob.ve\/mpppstweb\/","logo":{"@type":"ImageObject","inLanguage":"es","@id":"https:\/\/www.mpppst.gob.ve\/mpppstweb\/#\/schema\/logo\/image\/","url":"https:\/\/www.mpppst.gob.ve\/mpppstweb\/wp-content\/uploads\/2025\/07\/cropped-cropped-g910.png","contentUrl":"https:\/\/www.mpppst.gob.ve\/mpppstweb\/wp-content\/uploads\/2025\/07\/cropped-cropped-g910.png","width":1080,"height":241,"caption":"mpppst"},"image":{"@id":"https:\/\/www.mpppst.gob.ve\/mpppstweb\/#\/schema\/logo\/image\/"}},{"@type":"Person","@id":"https:\/\/www.mpppst.gob.ve\/mpppstweb\/#\/schema\/person\/fc187ee8ead412bd4c9304b62f900ea4","name":"MPPPST Prensa","url":"https:\/\/www.mpppst.gob.ve\/mpppstweb\/index.php\/author\/prensa-mpppst\/"}]}},"_links":{"self":[{"href":"https:\/\/www.mpppst.gob.ve\/mpppstweb\/index.php\/wp-json\/wp\/v2\/posts\/9575"}],"collection":[{"href":"https:\/\/www.mpppst.gob.ve\/mpppstweb\/index.php\/wp-json\/wp\/v2\/posts"}],"about":[{"href":"https:\/\/www.mpppst.gob.ve\/mpppstweb\/index.php\/wp-json\/wp\/v2\/types\/post"}],"author":[{"embeddable":true,"href":"https:\/\/www.mpppst.gob.ve\/mpppstweb\/index.php\/wp-json\/wp\/v2\/users\/25"}],"replies":[{"embeddable":true,"href":"https:\/\/www.mpppst.gob.ve\/mpppstweb\/index.php\/wp-json\/wp\/v2\/comments?post=9575"}],"version-history":[{"count":1,"href":"https:\/\/www.mpppst.gob.ve\/mpppstweb\/index.php\/wp-json\/wp\/v2\/posts\/9575\/revisions"}],"predecessor-version":[{"id":9577,"href":"https:\/\/www.mpppst.gob.ve\/mpppstweb\/index.php\/wp-json\/wp\/v2\/posts\/9575\/revisions\/9577"}],"wp:featuredmedia":[{"embeddable":true,"href":"https:\/\/www.mpppst.gob.ve\/mpppstweb\/index.php\/wp-json\/wp\/v2\/media\/9576"}],"wp:attachment":[{"href":"https:\/\/www.mpppst.gob.ve\/mpppstweb\/index.php\/wp-json\/wp\/v2\/media?parent=9575"}],"wp:term":[{"taxonomy":"category","embeddable":true,"href":"https:\/\/www.mpppst.gob.ve\/mpppstweb\/index.php\/wp-json\/wp\/v2\/categories?post=9575"},{"taxonomy":"post_tag","embeddable":true,"href":"https:\/\/www.mpppst.gob.ve\/mpppstweb\/index.php\/wp-json\/wp\/v2\/tags?post=9575"}],"curies":[{"name":"wp","href":"https:\/\/api.w.org\/{rel}","templated":true}]}}