{"id":9649,"date":"2016-12-09T14:28:28","date_gmt":"2016-12-09T14:28:28","guid":{"rendered":"http:\/\/www.mpppst.gob.ve\/mpppstweb\/?p=9649"},"modified":"2016-12-09T14:28:28","modified_gmt":"2016-12-09T14:28:28","slug":"internacionalista-opina-que-castro-movio-su-vida-bajo-tres-vertices","status":"publish","type":"post","link":"https:\/\/www.mpppst.gob.ve\/mpppstweb\/index.php\/2016\/12\/09\/internacionalista-opina-que-castro-movio-su-vida-bajo-tres-vertices\/","title":{"rendered":"Internacionalista opina que Castro movi\u00f3 su vida bajo tres v\u00e9rtices"},"content":{"rendered":"<p>CARACAS.- El profesor universitario e internacionalista, Ernesto Wong, afirm\u00f3 que la vida de Fidel Castro se movi\u00f3 en base a tres v\u00e9rtices: pensamiento, obra y praxis. \u201cYo creo que son tres dimensiones, porque una cosa es la ideas, el discurso que tiene una riqueza propia; la otra es la obra humana y f\u00edsica, y lo que se construy\u00f3 con ese impulso que le dio el liderazgo en toda una naci\u00f3n; y la praxis de \u00e9l con su acci\u00f3n, con su presencia y que tiene que ver con la \u00e9tica y moral de un l\u00edder\u201d, sostuvo.<\/p>\n<p>Durante un contacto al programa Sin Duda por Uni\u00f3n Radio, el tambi\u00e9n polit\u00f3logo opin\u00f3 que los pueblos de Venezuela y Cuba deber\u00edan realizar un \u201ccomplementado\u201d del legado de Hugo Ch\u00e1vez y Fidel Castro, para \u201csacar una teor\u00eda fuerte del socialismo y su construcci\u00f3n\u201d, ya que a su juicio, ambos mandatarios \u201cdijeron e hicieron cosas que pueden servir para el futuro inmediato\u201d.<\/p>\n<p>Asimismo, Maripili Hern\u00e1ndez realiz\u00f3 una entrevista al economista Tony Boza, quien asever\u00f3 que \u201cel d\u00f3lar paralelo est\u00e1 absolutamente divorciado de cualquier variable econ\u00f3mica del pa\u00eds\u201d, pues considera que no existe una actuaci\u00f3n en la econom\u00eda venezolana que justifique el incremento en el precio de la divisa.<\/p>\n<p>\u201cEllos dicen que la variaci\u00f3n del precio, en tan pocos d\u00edas, se debe a la inestabilidad en el Banco Central y Pdvsa, es una decisi\u00f3n extra econ\u00f3mica(\u2026) la reuni\u00f3n expositiva a favor de los pa\u00edses Opep, tendr\u00e1 expectativa de mayores ingresos de d\u00f3lares, lo que en una situaci\u00f3n normal, deber\u00eda ir a la estabilizaci\u00f3n del precio o a una bajada, queda en evidencia que D\u00f3lar Today refleja el desespero de los sectores m\u00e1s vinculados a la desestabilizaci\u00f3n\u201d, detall\u00f3.<\/p>\n<p>&nbsp;<\/p>\n","protected":false},"excerpt":{"rendered":"<p>CARACAS.- El profesor universitario e internacionalista, Ernesto Wong, afirm\u00f3 que la vida de Fidel Castro se &hellip; <a title=\"Internacionalista opina que Castro movi\u00f3 su vida bajo tres v\u00e9rtices\" class=\"hm-read-more\" href=\"https:\/\/www.mpppst.gob.ve\/mpppstweb\/index.php\/2016\/12\/09\/internacionalista-opina-que-castro-movio-su-vida-bajo-tres-vertices\/\"><span class=\"screen-reader-text\">Internacionalista opina que Castro movi\u00f3 su vida bajo tres v\u00e9rtices<\/span>Read more<\/a><\/p>\n","protected":false},"author":25,"featured_media":9650,"comment_status":"closed","ping_status":"closed","sticky":false,"template":"","format":"standard","meta":{"footnotes":""},"categories":[260,166],"tags":[245],"yoast_head":"<!-- This site is optimized with the Yoast SEO plugin v22.5 - https:\/\/yoast.com\/wordpress\/plugins\/seo\/ -->\n<title>Internacionalista opina que Castro movi\u00f3 su vida bajo tres v\u00e9rtices - MPPPST<\/title>\n<meta name=\"robots\" content=\"index, follow, max-snippet:-1, max-image-preview:large, max-video-preview:-1\" \/>\n<link rel=\"canonical\" href=\"https:\/\/www.mpppst.gob.ve\/mpppstweb\/index.php\/2016\/12\/09\/internacionalista-opina-que-castro-movio-su-vida-bajo-tres-vertices\/\" \/>\n<meta property=\"og:locale\" content=\"es_ES\" \/>\n<meta property=\"og:type\" content=\"article\" \/>\n<meta property=\"og:title\" content=\"Internacionalista opina que Castro movi\u00f3 su vida bajo tres v\u00e9rtices - MPPPST\" \/>\n<meta property=\"og:description\" content=\"CARACAS.- El profesor universitario e internacionalista, Ernesto Wong, afirm\u00f3 que la vida de Fidel Castro se &hellip; Internacionalista opina que Castro movi\u00f3 su vida bajo tres v\u00e9rticesRead more\" \/>\n<meta property=\"og:url\" content=\"https:\/\/www.mpppst.gob.ve\/mpppstweb\/index.php\/2016\/12\/09\/internacionalista-opina-que-castro-movio-su-vida-bajo-tres-vertices\/\" \/>\n<meta property=\"og:site_name\" content=\"MPPPST\" \/>\n<meta property=\"article:published_time\" content=\"2016-12-09T14:28:28+00:00\" \/>\n<meta property=\"og:image\" content=\"https:\/\/www.mpppst.gob.ve\/mpppstweb\/wp-content\/uploads\/2016\/12\/fidel-castro.jpg\" \/>\n\t<meta property=\"og:image:width\" content=\"800\" \/>\n\t<meta property=\"og:image:height\" content=\"445\" \/>\n\t<meta property=\"og:image:type\" content=\"image\/jpeg\" \/>\n<meta name=\"author\" content=\"MPPPST Prensa\" \/>\n<meta name=\"twitter:card\" content=\"summary_large_image\" \/>\n<meta name=\"twitter:label1\" content=\"Escrito por\" \/>\n\t<meta name=\"twitter:data1\" content=\"MPPPST Prensa\" \/>\n\t<meta name=\"twitter:label2\" content=\"Tiempo de lectura\" \/>\n\t<meta name=\"twitter:data2\" content=\"2 minutos\" \/>\n<script type=\"application\/ld+json\" class=\"yoast-schema-graph\">{\"@context\":\"https:\/\/schema.org\",\"@graph\":[{\"@type\":\"Article\",\"@id\":\"https:\/\/www.mpppst.gob.ve\/mpppstweb\/index.php\/2016\/12\/09\/internacionalista-opina-que-castro-movio-su-vida-bajo-tres-vertices\/#article\",\"isPartOf\":{\"@id\":\"https:\/\/www.mpppst.gob.ve\/mpppstweb\/index.php\/2016\/12\/09\/internacionalista-opina-que-castro-movio-su-vida-bajo-tres-vertices\/\"},\"author\":{\"name\":\"MPPPST Prensa\",\"@id\":\"https:\/\/www.mpppst.gob.ve\/mpppstweb\/#\/schema\/person\/fc187ee8ead412bd4c9304b62f900ea4\"},\"headline\":\"Internacionalista opina que Castro movi\u00f3 su vida bajo tres v\u00e9rtices\",\"datePublished\":\"2016-12-09T14:28:28+00:00\",\"dateModified\":\"2016-12-09T14:28:28+00:00\",\"mainEntityOfPage\":{\"@id\":\"https:\/\/www.mpppst.gob.ve\/mpppstweb\/index.php\/2016\/12\/09\/internacionalista-opina-que-castro-movio-su-vida-bajo-tres-vertices\/\"},\"wordCount\":324,\"publisher\":{\"@id\":\"https:\/\/www.mpppst.gob.ve\/mpppstweb\/#organization\"},\"image\":{\"@id\":\"https:\/\/www.mpppst.gob.ve\/mpppstweb\/index.php\/2016\/12\/09\/internacionalista-opina-que-castro-movio-su-vida-bajo-tres-vertices\/#primaryimage\"},\"thumbnailUrl\":\"https:\/\/www.mpppst.gob.ve\/mpppstweb\/wp-content\/uploads\/2016\/12\/fidel-castro.jpg\",\"keywords\":[\"internacionales\"],\"articleSection\":[\"Internacionales\",\"Venezuela y el Mundo\"],\"inLanguage\":\"es\"},{\"@type\":\"WebPage\",\"@id\":\"https:\/\/www.mpppst.gob.ve\/mpppstweb\/index.php\/2016\/12\/09\/internacionalista-opina-que-castro-movio-su-vida-bajo-tres-vertices\/\",\"url\":\"https:\/\/www.mpppst.gob.ve\/mpppstweb\/index.php\/2016\/12\/09\/internacionalista-opina-que-castro-movio-su-vida-bajo-tres-vertices\/\",\"name\":\"Internacionalista opina que Castro movi\u00f3 su vida bajo tres v\u00e9rtices - MPPPST\",\"isPartOf\":{\"@id\":\"https:\/\/www.mpppst.gob.ve\/mpppstweb\/#website\"},\"primaryImageOfPage\":{\"@id\":\"https:\/\/www.mpppst.gob.ve\/mpppstweb\/index.php\/2016\/12\/09\/internacionalista-opina-que-castro-movio-su-vida-bajo-tres-vertices\/#primaryimage\"},\"image\":{\"@id\":\"https:\/\/www.mpppst.gob.ve\/mpppstweb\/index.php\/2016\/12\/09\/internacionalista-opina-que-castro-movio-su-vida-bajo-tres-vertices\/#primaryimage\"},\"thumbnailUrl\":\"https:\/\/www.mpppst.gob.ve\/mpppstweb\/wp-content\/uploads\/2016\/12\/fidel-castro.jpg\",\"datePublished\":\"2016-12-09T14:28:28+00:00\",\"dateModified\":\"2016-12-09T14:28:28+00:00\",\"breadcrumb\":{\"@id\":\"https:\/\/www.mpppst.gob.ve\/mpppstweb\/index.php\/2016\/12\/09\/internacionalista-opina-que-castro-movio-su-vida-bajo-tres-vertices\/#breadcrumb\"},\"inLanguage\":\"es\",\"potentialAction\":[{\"@type\":\"ReadAction\",\"target\":[\"https:\/\/www.mpppst.gob.ve\/mpppstweb\/index.php\/2016\/12\/09\/internacionalista-opina-que-castro-movio-su-vida-bajo-tres-vertices\/\"]}]},{\"@type\":\"ImageObject\",\"inLanguage\":\"es\",\"@id\":\"https:\/\/www.mpppst.gob.ve\/mpppstweb\/index.php\/2016\/12\/09\/internacionalista-opina-que-castro-movio-su-vida-bajo-tres-vertices\/#primaryimage\",\"url\":\"https:\/\/www.mpppst.gob.ve\/mpppstweb\/wp-content\/uploads\/2016\/12\/fidel-castro.jpg\",\"contentUrl\":\"https:\/\/www.mpppst.gob.ve\/mpppstweb\/wp-content\/uploads\/2016\/12\/fidel-castro.jpg\",\"width\":800,\"height\":445},{\"@type\":\"BreadcrumbList\",\"@id\":\"https:\/\/www.mpppst.gob.ve\/mpppstweb\/index.php\/2016\/12\/09\/internacionalista-opina-que-castro-movio-su-vida-bajo-tres-vertices\/#breadcrumb\",\"itemListElement\":[{\"@type\":\"ListItem\",\"position\":1,\"name\":\"Home\",\"item\":\"https:\/\/www.mpppst.gob.ve\/mpppstweb\/\"},{\"@type\":\"ListItem\",\"position\":2,\"name\":\"Internacionalista opina que Castro movi\u00f3 su vida bajo tres v\u00e9rtices\"}]},{\"@type\":\"WebSite\",\"@id\":\"https:\/\/www.mpppst.gob.ve\/mpppstweb\/#website\",\"url\":\"https:\/\/www.mpppst.gob.ve\/mpppstweb\/\",\"name\":\"MPPPST\",\"description\":\"Ministerio del Poder Popular para el Proceso Social de Trabajo\",\"publisher\":{\"@id\":\"https:\/\/www.mpppst.gob.ve\/mpppstweb\/#organization\"},\"potentialAction\":[{\"@type\":\"SearchAction\",\"target\":{\"@type\":\"EntryPoint\",\"urlTemplate\":\"https:\/\/www.mpppst.gob.ve\/mpppstweb\/?s={search_term_string}\"},\"query-input\":\"required name=search_term_string\"}],\"inLanguage\":\"es\"},{\"@type\":\"Organization\",\"@id\":\"https:\/\/www.mpppst.gob.ve\/mpppstweb\/#organization\",\"name\":\"mpppst\",\"url\":\"https:\/\/www.mpppst.gob.ve\/mpppstweb\/\",\"logo\":{\"@type\":\"ImageObject\",\"inLanguage\":\"es\",\"@id\":\"https:\/\/www.mpppst.gob.ve\/mpppstweb\/#\/schema\/logo\/image\/\",\"url\":\"https:\/\/www.mpppst.gob.ve\/mpppstweb\/wp-content\/uploads\/2025\/07\/cropped-cropped-g910.png\",\"contentUrl\":\"https:\/\/www.mpppst.gob.ve\/mpppstweb\/wp-content\/uploads\/2025\/07\/cropped-cropped-g910.png\",\"width\":1080,\"height\":241,\"caption\":\"mpppst\"},\"image\":{\"@id\":\"https:\/\/www.mpppst.gob.ve\/mpppstweb\/#\/schema\/logo\/image\/\"}},{\"@type\":\"Person\",\"@id\":\"https:\/\/www.mpppst.gob.ve\/mpppstweb\/#\/schema\/person\/fc187ee8ead412bd4c9304b62f900ea4\",\"name\":\"MPPPST Prensa\",\"url\":\"https:\/\/www.mpppst.gob.ve\/mpppstweb\/index.php\/author\/prensa-mpppst\/\"}]}<\/script>\n<!-- \/ Yoast SEO plugin. -->","yoast_head_json":{"title":"Internacionalista opina que Castro movi\u00f3 su vida bajo tres v\u00e9rtices - MPPPST","robots":{"index":"index","follow":"follow","max-snippet":"max-snippet:-1","max-image-preview":"max-image-preview:large","max-video-preview":"max-video-preview:-1"},"canonical":"https:\/\/www.mpppst.gob.ve\/mpppstweb\/index.php\/2016\/12\/09\/internacionalista-opina-que-castro-movio-su-vida-bajo-tres-vertices\/","og_locale":"es_ES","og_type":"article","og_title":"Internacionalista opina que Castro movi\u00f3 su vida bajo tres v\u00e9rtices - MPPPST","og_description":"CARACAS.- El profesor universitario e internacionalista, Ernesto Wong, afirm\u00f3 que la vida de Fidel Castro se &hellip; Internacionalista opina que Castro movi\u00f3 su vida bajo tres v\u00e9rticesRead more","og_url":"https:\/\/www.mpppst.gob.ve\/mpppstweb\/index.php\/2016\/12\/09\/internacionalista-opina-que-castro-movio-su-vida-bajo-tres-vertices\/","og_site_name":"MPPPST","article_published_time":"2016-12-09T14:28:28+00:00","og_image":[{"width":800,"height":445,"url":"https:\/\/www.mpppst.gob.ve\/mpppstweb\/wp-content\/uploads\/2016\/12\/fidel-castro.jpg","type":"image\/jpeg"}],"author":"MPPPST Prensa","twitter_card":"summary_large_image","twitter_misc":{"Escrito por":"MPPPST Prensa","Tiempo de lectura":"2 minutos"},"schema":{"@context":"https:\/\/schema.org","@graph":[{"@type":"Article","@id":"https:\/\/www.mpppst.gob.ve\/mpppstweb\/index.php\/2016\/12\/09\/internacionalista-opina-que-castro-movio-su-vida-bajo-tres-vertices\/#article","isPartOf":{"@id":"https:\/\/www.mpppst.gob.ve\/mpppstweb\/index.php\/2016\/12\/09\/internacionalista-opina-que-castro-movio-su-vida-bajo-tres-vertices\/"},"author":{"name":"MPPPST Prensa","@id":"https:\/\/www.mpppst.gob.ve\/mpppstweb\/#\/schema\/person\/fc187ee8ead412bd4c9304b62f900ea4"},"headline":"Internacionalista opina que Castro movi\u00f3 su vida bajo tres v\u00e9rtices","datePublished":"2016-12-09T14:28:28+00:00","dateModified":"2016-12-09T14:28:28+00:00","mainEntityOfPage":{"@id":"https:\/\/www.mpppst.gob.ve\/mpppstweb\/index.php\/2016\/12\/09\/internacionalista-opina-que-castro-movio-su-vida-bajo-tres-vertices\/"},"wordCount":324,"publisher":{"@id":"https:\/\/www.mpppst.gob.ve\/mpppstweb\/#organization"},"image":{"@id":"https:\/\/www.mpppst.gob.ve\/mpppstweb\/index.php\/2016\/12\/09\/internacionalista-opina-que-castro-movio-su-vida-bajo-tres-vertices\/#primaryimage"},"thumbnailUrl":"https:\/\/www.mpppst.gob.ve\/mpppstweb\/wp-content\/uploads\/2016\/12\/fidel-castro.jpg","keywords":["internacionales"],"articleSection":["Internacionales","Venezuela y el Mundo"],"inLanguage":"es"},{"@type":"WebPage","@id":"https:\/\/www.mpppst.gob.ve\/mpppstweb\/index.php\/2016\/12\/09\/internacionalista-opina-que-castro-movio-su-vida-bajo-tres-vertices\/","url":"https:\/\/www.mpppst.gob.ve\/mpppstweb\/index.php\/2016\/12\/09\/internacionalista-opina-que-castro-movio-su-vida-bajo-tres-vertices\/","name":"Internacionalista opina que Castro movi\u00f3 su vida bajo tres v\u00e9rtices - MPPPST","isPartOf":{"@id":"https:\/\/www.mpppst.gob.ve\/mpppstweb\/#website"},"primaryImageOfPage":{"@id":"https:\/\/www.mpppst.gob.ve\/mpppstweb\/index.php\/2016\/12\/09\/internacionalista-opina-que-castro-movio-su-vida-bajo-tres-vertices\/#primaryimage"},"image":{"@id":"https:\/\/www.mpppst.gob.ve\/mpppstweb\/index.php\/2016\/12\/09\/internacionalista-opina-que-castro-movio-su-vida-bajo-tres-vertices\/#primaryimage"},"thumbnailUrl":"https:\/\/www.mpppst.gob.ve\/mpppstweb\/wp-content\/uploads\/2016\/12\/fidel-castro.jpg","datePublished":"2016-12-09T14:28:28+00:00","dateModified":"2016-12-09T14:28:28+00:00","breadcrumb":{"@id":"https:\/\/www.mpppst.gob.ve\/mpppstweb\/index.php\/2016\/12\/09\/internacionalista-opina-que-castro-movio-su-vida-bajo-tres-vertices\/#breadcrumb"},"inLanguage":"es","potentialAction":[{"@type":"ReadAction","target":["https:\/\/www.mpppst.gob.ve\/mpppstweb\/index.php\/2016\/12\/09\/internacionalista-opina-que-castro-movio-su-vida-bajo-tres-vertices\/"]}]},{"@type":"ImageObject","inLanguage":"es","@id":"https:\/\/www.mpppst.gob.ve\/mpppstweb\/index.php\/2016\/12\/09\/internacionalista-opina-que-castro-movio-su-vida-bajo-tres-vertices\/#primaryimage","url":"https:\/\/www.mpppst.gob.ve\/mpppstweb\/wp-content\/uploads\/2016\/12\/fidel-castro.jpg","contentUrl":"https:\/\/www.mpppst.gob.ve\/mpppstweb\/wp-content\/uploads\/2016\/12\/fidel-castro.jpg","width":800,"height":445},{"@type":"BreadcrumbList","@id":"https:\/\/www.mpppst.gob.ve\/mpppstweb\/index.php\/2016\/12\/09\/internacionalista-opina-que-castro-movio-su-vida-bajo-tres-vertices\/#breadcrumb","itemListElement":[{"@type":"ListItem","position":1,"name":"Home","item":"https:\/\/www.mpppst.gob.ve\/mpppstweb\/"},{"@type":"ListItem","position":2,"name":"Internacionalista opina que Castro movi\u00f3 su vida bajo tres v\u00e9rtices"}]},{"@type":"WebSite","@id":"https:\/\/www.mpppst.gob.ve\/mpppstweb\/#website","url":"https:\/\/www.mpppst.gob.ve\/mpppstweb\/","name":"MPPPST","description":"Ministerio del Poder Popular para el Proceso Social de Trabajo","publisher":{"@id":"https:\/\/www.mpppst.gob.ve\/mpppstweb\/#organization"},"potentialAction":[{"@type":"SearchAction","target":{"@type":"EntryPoint","urlTemplate":"https:\/\/www.mpppst.gob.ve\/mpppstweb\/?s={search_term_string}"},"query-input":"required name=search_term_string"}],"inLanguage":"es"},{"@type":"Organization","@id":"https:\/\/www.mpppst.gob.ve\/mpppstweb\/#organization","name":"mpppst","url":"https:\/\/www.mpppst.gob.ve\/mpppstweb\/","logo":{"@type":"ImageObject","inLanguage":"es","@id":"https:\/\/www.mpppst.gob.ve\/mpppstweb\/#\/schema\/logo\/image\/","url":"https:\/\/www.mpppst.gob.ve\/mpppstweb\/wp-content\/uploads\/2025\/07\/cropped-cropped-g910.png","contentUrl":"https:\/\/www.mpppst.gob.ve\/mpppstweb\/wp-content\/uploads\/2025\/07\/cropped-cropped-g910.png","width":1080,"height":241,"caption":"mpppst"},"image":{"@id":"https:\/\/www.mpppst.gob.ve\/mpppstweb\/#\/schema\/logo\/image\/"}},{"@type":"Person","@id":"https:\/\/www.mpppst.gob.ve\/mpppstweb\/#\/schema\/person\/fc187ee8ead412bd4c9304b62f900ea4","name":"MPPPST Prensa","url":"https:\/\/www.mpppst.gob.ve\/mpppstweb\/index.php\/author\/prensa-mpppst\/"}]}},"_links":{"self":[{"href":"https:\/\/www.mpppst.gob.ve\/mpppstweb\/index.php\/wp-json\/wp\/v2\/posts\/9649"}],"collection":[{"href":"https:\/\/www.mpppst.gob.ve\/mpppstweb\/index.php\/wp-json\/wp\/v2\/posts"}],"about":[{"href":"https:\/\/www.mpppst.gob.ve\/mpppstweb\/index.php\/wp-json\/wp\/v2\/types\/post"}],"author":[{"embeddable":true,"href":"https:\/\/www.mpppst.gob.ve\/mpppstweb\/index.php\/wp-json\/wp\/v2\/users\/25"}],"replies":[{"embeddable":true,"href":"https:\/\/www.mpppst.gob.ve\/mpppstweb\/index.php\/wp-json\/wp\/v2\/comments?post=9649"}],"version-history":[{"count":1,"href":"https:\/\/www.mpppst.gob.ve\/mpppstweb\/index.php\/wp-json\/wp\/v2\/posts\/9649\/revisions"}],"predecessor-version":[{"id":9651,"href":"https:\/\/www.mpppst.gob.ve\/mpppstweb\/index.php\/wp-json\/wp\/v2\/posts\/9649\/revisions\/9651"}],"wp:featuredmedia":[{"embeddable":true,"href":"https:\/\/www.mpppst.gob.ve\/mpppstweb\/index.php\/wp-json\/wp\/v2\/media\/9650"}],"wp:attachment":[{"href":"https:\/\/www.mpppst.gob.ve\/mpppstweb\/index.php\/wp-json\/wp\/v2\/media?parent=9649"}],"wp:term":[{"taxonomy":"category","embeddable":true,"href":"https:\/\/www.mpppst.gob.ve\/mpppstweb\/index.php\/wp-json\/wp\/v2\/categories?post=9649"},{"taxonomy":"post_tag","embeddable":true,"href":"https:\/\/www.mpppst.gob.ve\/mpppstweb\/index.php\/wp-json\/wp\/v2\/tags?post=9649"}],"curies":[{"name":"wp","href":"https:\/\/api.w.org\/{rel}","templated":true}]}}