{"id":9653,"date":"2016-12-09T19:32:42","date_gmt":"2016-12-09T19:32:42","guid":{"rendered":"http:\/\/www.mpppst.gob.ve\/mpppstweb\/?p=9653"},"modified":"2016-12-09T19:33:36","modified_gmt":"2016-12-09T19:33:36","slug":"mpppst-continua-proceso-de-profundizacion-de-paz-laboral-en-las-empresas","status":"publish","type":"post","link":"https:\/\/www.mpppst.gob.ve\/mpppstweb\/index.php\/2016\/12\/09\/mpppst-continua-proceso-de-profundizacion-de-paz-laboral-en-las-empresas\/","title":{"rendered":"MPPPST contin\u00faa proceso de profundizaci\u00f3n de paz laboral en las empresas"},"content":{"rendered":"<p>Prensa (MPPPST). Retomando las mesas de trabajo que el Ministerio del Proceso Social de Trabajo realiza con representantes del sector privado productivo nacional, este 9 de diciembre se llev\u00f3 a cabo una reuni\u00f3n con distintos empresarios para analizar el tema productivo y los nudos cr\u00edticos que han presentado para garantizar la producci\u00f3n.<\/p>\n<p>Durante la reuni\u00f3n se tocaron distintos t\u00f3picos que quedaron abiertos en la \u00faltima mesa de trabajo, realizada el pasado 6 de octubre, tales como reenganches, calificaciones de despidos, problemas con el proceso productivo de empresas como Vasos de Venezuela, entre otros.<\/p>\n<p>La mesa de trabajo fue presidida por el Viceministro de Previsi\u00f3n Social N\u00e9stor Ovalles, quien felicit\u00f3 el esfuerzo de los empresarios por emprender un di\u00e1logo para avanzar en los procesos productivos y vencer la guerra econ\u00f3mica que ha sufrido el pa\u00eds.<\/p>\n<p>Por su parte, la Viceministra para Derechos y Relaciones Laborales, Leninna Galindo, sostuvo que durante estas mesas de trabajo se han desarrollado diferentes estrategias para avanzar en la paz laboral de algunas empresas.<\/p>\n<p>Galindo mencion\u00f3 el caso de Vasos Venezolanos, donde 56 trabajadores quer\u00edan reivindicaciones laborales y se les dio gracias al esfuerzo entre las partes. \u201cLo m\u00e1s importante es que no se par\u00f3 la producci\u00f3n\u201d, destac\u00f3.<\/p>\n<p>La viceministra destac\u00f3 otro caso en el que se est\u00e1 trabajando: Nestl\u00e9 Venezuela, empresa que tiene varios rubros\u00a0 de producci\u00f3n parados. Es el caso de l\u00e1cteos infantiles, sobres de sopa, entre otros. Galindo inform\u00f3 en este sentido que ya se est\u00e1n conformando las mesas de trabajo para solucionar esta situaci\u00f3n lo m\u00e1s pronto posible.<\/p>\n<p><strong>Agradecimiento al MPPPST <\/strong><\/p>\n<p>Orlando Camacho, presidente de Fedeindustria, agradeci\u00f3 el apoyo recibido por parte del Ministro del Trabajo, Oswaldo Vera, y de los viceministros que han hecho posible estas mesas de trabajo durante 8 meses. \u201cHemos aprendido sobre la Ley Org\u00e1nica del Trabajo los Trabajadores y Trabajadoras (LOTTT), sobre temas de seguridad laboral, que nos han ayudado a vencer algunas dificultades en materia de producci\u00f3n\u201d.<\/p>\n<p>Camacho puntualiz\u00f3 que desde Fedeindustria est\u00e1n dispuestos a trabajar junto al Gobierno Nacional para acabar con el modelo rentista petrolero y tener una econom\u00eda diversificada para el pueblo venezolano. \u201cLos empresarios estamos dispuestos a dialogar y a producir para el pa\u00eds\u201d.<\/p>\n<p>Pedro Jos\u00e9 Balestrini, presidente de Vasos de Venezuela, agradeci\u00f3 a los funcionarios del Ministerio del Poder Popular para el Proceso Social de Trabajo por servir de mediador en el acuerdo logrado en esta empresa con los trabajadores que exig\u00edan mejoras laborales. Balestrini destac\u00f3 que quedaron puntos pendientes como la solicitud del contrato colectivo pero que seguramente se resolver\u00e1 lo m\u00e1s pronto posible.<\/p>\n<p>Por Carlos Palacios<\/p>\n<p>Fotograf\u00eda F\u00e9lix Ordaz<\/p>\n<p>&nbsp;<\/p>\n<p>&nbsp;<\/p>\n","protected":false},"excerpt":{"rendered":"<p>Prensa (MPPPST). Retomando las mesas de trabajo que el Ministerio del Proceso Social de Trabajo realiza &hellip; <a title=\"MPPPST contin\u00faa proceso de profundizaci\u00f3n de paz laboral en las empresas\" class=\"hm-read-more\" href=\"https:\/\/www.mpppst.gob.ve\/mpppstweb\/index.php\/2016\/12\/09\/mpppst-continua-proceso-de-profundizacion-de-paz-laboral-en-las-empresas\/\"><span class=\"screen-reader-text\">MPPPST contin\u00faa proceso de profundizaci\u00f3n de paz laboral en las empresas<\/span>Read more<\/a><\/p>\n","protected":false},"author":25,"featured_media":9654,"comment_status":"closed","ping_status":"closed","sticky":false,"template":"","format":"standard","meta":{"footnotes":""},"categories":[83,188,84],"tags":[241,229],"yoast_head":"<!-- This site is optimized with the Yoast SEO plugin v22.5 - https:\/\/yoast.com\/wordpress\/plugins\/seo\/ -->\n<title>MPPPST contin\u00faa proceso de profundizaci\u00f3n de paz laboral en las empresas - MPPPST<\/title>\n<meta name=\"robots\" content=\"index, follow, max-snippet:-1, max-image-preview:large, max-video-preview:-1\" \/>\n<link rel=\"canonical\" href=\"https:\/\/www.mpppst.gob.ve\/mpppstweb\/index.php\/2016\/12\/09\/mpppst-continua-proceso-de-profundizacion-de-paz-laboral-en-las-empresas\/\" \/>\n<meta property=\"og:locale\" content=\"es_ES\" \/>\n<meta property=\"og:type\" content=\"article\" \/>\n<meta property=\"og:title\" content=\"MPPPST contin\u00faa proceso de profundizaci\u00f3n de paz laboral en las empresas - MPPPST\" \/>\n<meta property=\"og:description\" content=\"Prensa (MPPPST). Retomando las mesas de trabajo que el Ministerio del Proceso Social de Trabajo realiza &hellip; MPPPST contin\u00faa proceso de profundizaci\u00f3n de paz laboral en las empresasRead more\" \/>\n<meta property=\"og:url\" content=\"https:\/\/www.mpppst.gob.ve\/mpppstweb\/index.php\/2016\/12\/09\/mpppst-continua-proceso-de-profundizacion-de-paz-laboral-en-las-empresas\/\" \/>\n<meta property=\"og:site_name\" content=\"MPPPST\" \/>\n<meta property=\"article:published_time\" content=\"2016-12-09T19:32:42+00:00\" \/>\n<meta property=\"article:modified_time\" content=\"2016-12-09T19:33:36+00:00\" \/>\n<meta property=\"og:image\" content=\"https:\/\/www.mpppst.gob.ve\/mpppstweb\/wp-content\/uploads\/2016\/12\/VICES-OVALLES-Y-LENNINA.jpg\" \/>\n\t<meta property=\"og:image:width\" content=\"800\" \/>\n\t<meta property=\"og:image:height\" content=\"445\" \/>\n\t<meta property=\"og:image:type\" content=\"image\/jpeg\" \/>\n<meta name=\"author\" content=\"MPPPST Prensa\" \/>\n<meta name=\"twitter:card\" content=\"summary_large_image\" \/>\n<meta name=\"twitter:label1\" content=\"Escrito por\" \/>\n\t<meta name=\"twitter:data1\" content=\"MPPPST Prensa\" \/>\n\t<meta name=\"twitter:label2\" content=\"Tiempo de lectura\" \/>\n\t<meta name=\"twitter:data2\" content=\"2 minutos\" \/>\n<script type=\"application\/ld+json\" class=\"yoast-schema-graph\">{\"@context\":\"https:\/\/schema.org\",\"@graph\":[{\"@type\":\"Article\",\"@id\":\"https:\/\/www.mpppst.gob.ve\/mpppstweb\/index.php\/2016\/12\/09\/mpppst-continua-proceso-de-profundizacion-de-paz-laboral-en-las-empresas\/#article\",\"isPartOf\":{\"@id\":\"https:\/\/www.mpppst.gob.ve\/mpppstweb\/index.php\/2016\/12\/09\/mpppst-continua-proceso-de-profundizacion-de-paz-laboral-en-las-empresas\/\"},\"author\":{\"name\":\"MPPPST Prensa\",\"@id\":\"https:\/\/www.mpppst.gob.ve\/mpppstweb\/#\/schema\/person\/fc187ee8ead412bd4c9304b62f900ea4\"},\"headline\":\"MPPPST contin\u00faa proceso de profundizaci\u00f3n de paz laboral en las empresas\",\"datePublished\":\"2016-12-09T19:32:42+00:00\",\"dateModified\":\"2016-12-09T19:33:36+00:00\",\"mainEntityOfPage\":{\"@id\":\"https:\/\/www.mpppst.gob.ve\/mpppstweb\/index.php\/2016\/12\/09\/mpppst-continua-proceso-de-profundizacion-de-paz-laboral-en-las-empresas\/\"},\"wordCount\":467,\"publisher\":{\"@id\":\"https:\/\/www.mpppst.gob.ve\/mpppstweb\/#organization\"},\"image\":{\"@id\":\"https:\/\/www.mpppst.gob.ve\/mpppstweb\/index.php\/2016\/12\/09\/mpppst-continua-proceso-de-profundizacion-de-paz-laboral-en-las-empresas\/#primaryimage\"},\"thumbnailUrl\":\"https:\/\/www.mpppst.gob.ve\/mpppstweb\/wp-content\/uploads\/2016\/12\/VICES-OVALLES-Y-LENNINA.jpg\",\"keywords\":[\"Cadenas productivas\",\"Defensa Integral\"],\"articleSection\":[\"Ministerio\",\"Relaciones Laborales\",\"Vida Laboral y Sindical\"],\"inLanguage\":\"es\"},{\"@type\":\"WebPage\",\"@id\":\"https:\/\/www.mpppst.gob.ve\/mpppstweb\/index.php\/2016\/12\/09\/mpppst-continua-proceso-de-profundizacion-de-paz-laboral-en-las-empresas\/\",\"url\":\"https:\/\/www.mpppst.gob.ve\/mpppstweb\/index.php\/2016\/12\/09\/mpppst-continua-proceso-de-profundizacion-de-paz-laboral-en-las-empresas\/\",\"name\":\"MPPPST contin\u00faa proceso de profundizaci\u00f3n de paz laboral en las empresas - MPPPST\",\"isPartOf\":{\"@id\":\"https:\/\/www.mpppst.gob.ve\/mpppstweb\/#website\"},\"primaryImageOfPage\":{\"@id\":\"https:\/\/www.mpppst.gob.ve\/mpppstweb\/index.php\/2016\/12\/09\/mpppst-continua-proceso-de-profundizacion-de-paz-laboral-en-las-empresas\/#primaryimage\"},\"image\":{\"@id\":\"https:\/\/www.mpppst.gob.ve\/mpppstweb\/index.php\/2016\/12\/09\/mpppst-continua-proceso-de-profundizacion-de-paz-laboral-en-las-empresas\/#primaryimage\"},\"thumbnailUrl\":\"https:\/\/www.mpppst.gob.ve\/mpppstweb\/wp-content\/uploads\/2016\/12\/VICES-OVALLES-Y-LENNINA.jpg\",\"datePublished\":\"2016-12-09T19:32:42+00:00\",\"dateModified\":\"2016-12-09T19:33:36+00:00\",\"breadcrumb\":{\"@id\":\"https:\/\/www.mpppst.gob.ve\/mpppstweb\/index.php\/2016\/12\/09\/mpppst-continua-proceso-de-profundizacion-de-paz-laboral-en-las-empresas\/#breadcrumb\"},\"inLanguage\":\"es\",\"potentialAction\":[{\"@type\":\"ReadAction\",\"target\":[\"https:\/\/www.mpppst.gob.ve\/mpppstweb\/index.php\/2016\/12\/09\/mpppst-continua-proceso-de-profundizacion-de-paz-laboral-en-las-empresas\/\"]}]},{\"@type\":\"ImageObject\",\"inLanguage\":\"es\",\"@id\":\"https:\/\/www.mpppst.gob.ve\/mpppstweb\/index.php\/2016\/12\/09\/mpppst-continua-proceso-de-profundizacion-de-paz-laboral-en-las-empresas\/#primaryimage\",\"url\":\"https:\/\/www.mpppst.gob.ve\/mpppstweb\/wp-content\/uploads\/2016\/12\/VICES-OVALLES-Y-LENNINA.jpg\",\"contentUrl\":\"https:\/\/www.mpppst.gob.ve\/mpppstweb\/wp-content\/uploads\/2016\/12\/VICES-OVALLES-Y-LENNINA.jpg\",\"width\":800,\"height\":445},{\"@type\":\"BreadcrumbList\",\"@id\":\"https:\/\/www.mpppst.gob.ve\/mpppstweb\/index.php\/2016\/12\/09\/mpppst-continua-proceso-de-profundizacion-de-paz-laboral-en-las-empresas\/#breadcrumb\",\"itemListElement\":[{\"@type\":\"ListItem\",\"position\":1,\"name\":\"Home\",\"item\":\"https:\/\/www.mpppst.gob.ve\/mpppstweb\/\"},{\"@type\":\"ListItem\",\"position\":2,\"name\":\"MPPPST contin\u00faa proceso de profundizaci\u00f3n de paz laboral en las empresas\"}]},{\"@type\":\"WebSite\",\"@id\":\"https:\/\/www.mpppst.gob.ve\/mpppstweb\/#website\",\"url\":\"https:\/\/www.mpppst.gob.ve\/mpppstweb\/\",\"name\":\"MPPPST\",\"description\":\"Ministerio del Poder Popular para el Proceso Social de Trabajo\",\"publisher\":{\"@id\":\"https:\/\/www.mpppst.gob.ve\/mpppstweb\/#organization\"},\"potentialAction\":[{\"@type\":\"SearchAction\",\"target\":{\"@type\":\"EntryPoint\",\"urlTemplate\":\"https:\/\/www.mpppst.gob.ve\/mpppstweb\/?s={search_term_string}\"},\"query-input\":\"required name=search_term_string\"}],\"inLanguage\":\"es\"},{\"@type\":\"Organization\",\"@id\":\"https:\/\/www.mpppst.gob.ve\/mpppstweb\/#organization\",\"name\":\"mpppst\",\"url\":\"https:\/\/www.mpppst.gob.ve\/mpppstweb\/\",\"logo\":{\"@type\":\"ImageObject\",\"inLanguage\":\"es\",\"@id\":\"https:\/\/www.mpppst.gob.ve\/mpppstweb\/#\/schema\/logo\/image\/\",\"url\":\"https:\/\/www.mpppst.gob.ve\/mpppstweb\/wp-content\/uploads\/2025\/07\/cropped-cropped-g910.png\",\"contentUrl\":\"https:\/\/www.mpppst.gob.ve\/mpppstweb\/wp-content\/uploads\/2025\/07\/cropped-cropped-g910.png\",\"width\":1080,\"height\":241,\"caption\":\"mpppst\"},\"image\":{\"@id\":\"https:\/\/www.mpppst.gob.ve\/mpppstweb\/#\/schema\/logo\/image\/\"}},{\"@type\":\"Person\",\"@id\":\"https:\/\/www.mpppst.gob.ve\/mpppstweb\/#\/schema\/person\/fc187ee8ead412bd4c9304b62f900ea4\",\"name\":\"MPPPST Prensa\",\"url\":\"https:\/\/www.mpppst.gob.ve\/mpppstweb\/index.php\/author\/prensa-mpppst\/\"}]}<\/script>\n<!-- \/ Yoast SEO plugin. -->","yoast_head_json":{"title":"MPPPST contin\u00faa proceso de profundizaci\u00f3n de paz laboral en las empresas - MPPPST","robots":{"index":"index","follow":"follow","max-snippet":"max-snippet:-1","max-image-preview":"max-image-preview:large","max-video-preview":"max-video-preview:-1"},"canonical":"https:\/\/www.mpppst.gob.ve\/mpppstweb\/index.php\/2016\/12\/09\/mpppst-continua-proceso-de-profundizacion-de-paz-laboral-en-las-empresas\/","og_locale":"es_ES","og_type":"article","og_title":"MPPPST contin\u00faa proceso de profundizaci\u00f3n de paz laboral en las empresas - MPPPST","og_description":"Prensa (MPPPST). Retomando las mesas de trabajo que el Ministerio del Proceso Social de Trabajo realiza &hellip; MPPPST contin\u00faa proceso de profundizaci\u00f3n de paz laboral en las empresasRead more","og_url":"https:\/\/www.mpppst.gob.ve\/mpppstweb\/index.php\/2016\/12\/09\/mpppst-continua-proceso-de-profundizacion-de-paz-laboral-en-las-empresas\/","og_site_name":"MPPPST","article_published_time":"2016-12-09T19:32:42+00:00","article_modified_time":"2016-12-09T19:33:36+00:00","og_image":[{"width":800,"height":445,"url":"https:\/\/www.mpppst.gob.ve\/mpppstweb\/wp-content\/uploads\/2016\/12\/VICES-OVALLES-Y-LENNINA.jpg","type":"image\/jpeg"}],"author":"MPPPST Prensa","twitter_card":"summary_large_image","twitter_misc":{"Escrito por":"MPPPST Prensa","Tiempo de lectura":"2 minutos"},"schema":{"@context":"https:\/\/schema.org","@graph":[{"@type":"Article","@id":"https:\/\/www.mpppst.gob.ve\/mpppstweb\/index.php\/2016\/12\/09\/mpppst-continua-proceso-de-profundizacion-de-paz-laboral-en-las-empresas\/#article","isPartOf":{"@id":"https:\/\/www.mpppst.gob.ve\/mpppstweb\/index.php\/2016\/12\/09\/mpppst-continua-proceso-de-profundizacion-de-paz-laboral-en-las-empresas\/"},"author":{"name":"MPPPST Prensa","@id":"https:\/\/www.mpppst.gob.ve\/mpppstweb\/#\/schema\/person\/fc187ee8ead412bd4c9304b62f900ea4"},"headline":"MPPPST contin\u00faa proceso de profundizaci\u00f3n de paz laboral en las empresas","datePublished":"2016-12-09T19:32:42+00:00","dateModified":"2016-12-09T19:33:36+00:00","mainEntityOfPage":{"@id":"https:\/\/www.mpppst.gob.ve\/mpppstweb\/index.php\/2016\/12\/09\/mpppst-continua-proceso-de-profundizacion-de-paz-laboral-en-las-empresas\/"},"wordCount":467,"publisher":{"@id":"https:\/\/www.mpppst.gob.ve\/mpppstweb\/#organization"},"image":{"@id":"https:\/\/www.mpppst.gob.ve\/mpppstweb\/index.php\/2016\/12\/09\/mpppst-continua-proceso-de-profundizacion-de-paz-laboral-en-las-empresas\/#primaryimage"},"thumbnailUrl":"https:\/\/www.mpppst.gob.ve\/mpppstweb\/wp-content\/uploads\/2016\/12\/VICES-OVALLES-Y-LENNINA.jpg","keywords":["Cadenas productivas","Defensa Integral"],"articleSection":["Ministerio","Relaciones Laborales","Vida Laboral y Sindical"],"inLanguage":"es"},{"@type":"WebPage","@id":"https:\/\/www.mpppst.gob.ve\/mpppstweb\/index.php\/2016\/12\/09\/mpppst-continua-proceso-de-profundizacion-de-paz-laboral-en-las-empresas\/","url":"https:\/\/www.mpppst.gob.ve\/mpppstweb\/index.php\/2016\/12\/09\/mpppst-continua-proceso-de-profundizacion-de-paz-laboral-en-las-empresas\/","name":"MPPPST contin\u00faa proceso de profundizaci\u00f3n de paz laboral en las empresas - MPPPST","isPartOf":{"@id":"https:\/\/www.mpppst.gob.ve\/mpppstweb\/#website"},"primaryImageOfPage":{"@id":"https:\/\/www.mpppst.gob.ve\/mpppstweb\/index.php\/2016\/12\/09\/mpppst-continua-proceso-de-profundizacion-de-paz-laboral-en-las-empresas\/#primaryimage"},"image":{"@id":"https:\/\/www.mpppst.gob.ve\/mpppstweb\/index.php\/2016\/12\/09\/mpppst-continua-proceso-de-profundizacion-de-paz-laboral-en-las-empresas\/#primaryimage"},"thumbnailUrl":"https:\/\/www.mpppst.gob.ve\/mpppstweb\/wp-content\/uploads\/2016\/12\/VICES-OVALLES-Y-LENNINA.jpg","datePublished":"2016-12-09T19:32:42+00:00","dateModified":"2016-12-09T19:33:36+00:00","breadcrumb":{"@id":"https:\/\/www.mpppst.gob.ve\/mpppstweb\/index.php\/2016\/12\/09\/mpppst-continua-proceso-de-profundizacion-de-paz-laboral-en-las-empresas\/#breadcrumb"},"inLanguage":"es","potentialAction":[{"@type":"ReadAction","target":["https:\/\/www.mpppst.gob.ve\/mpppstweb\/index.php\/2016\/12\/09\/mpppst-continua-proceso-de-profundizacion-de-paz-laboral-en-las-empresas\/"]}]},{"@type":"ImageObject","inLanguage":"es","@id":"https:\/\/www.mpppst.gob.ve\/mpppstweb\/index.php\/2016\/12\/09\/mpppst-continua-proceso-de-profundizacion-de-paz-laboral-en-las-empresas\/#primaryimage","url":"https:\/\/www.mpppst.gob.ve\/mpppstweb\/wp-content\/uploads\/2016\/12\/VICES-OVALLES-Y-LENNINA.jpg","contentUrl":"https:\/\/www.mpppst.gob.ve\/mpppstweb\/wp-content\/uploads\/2016\/12\/VICES-OVALLES-Y-LENNINA.jpg","width":800,"height":445},{"@type":"BreadcrumbList","@id":"https:\/\/www.mpppst.gob.ve\/mpppstweb\/index.php\/2016\/12\/09\/mpppst-continua-proceso-de-profundizacion-de-paz-laboral-en-las-empresas\/#breadcrumb","itemListElement":[{"@type":"ListItem","position":1,"name":"Home","item":"https:\/\/www.mpppst.gob.ve\/mpppstweb\/"},{"@type":"ListItem","position":2,"name":"MPPPST contin\u00faa proceso de profundizaci\u00f3n de paz laboral en las empresas"}]},{"@type":"WebSite","@id":"https:\/\/www.mpppst.gob.ve\/mpppstweb\/#website","url":"https:\/\/www.mpppst.gob.ve\/mpppstweb\/","name":"MPPPST","description":"Ministerio del Poder Popular para el Proceso Social de Trabajo","publisher":{"@id":"https:\/\/www.mpppst.gob.ve\/mpppstweb\/#organization"},"potentialAction":[{"@type":"SearchAction","target":{"@type":"EntryPoint","urlTemplate":"https:\/\/www.mpppst.gob.ve\/mpppstweb\/?s={search_term_string}"},"query-input":"required name=search_term_string"}],"inLanguage":"es"},{"@type":"Organization","@id":"https:\/\/www.mpppst.gob.ve\/mpppstweb\/#organization","name":"mpppst","url":"https:\/\/www.mpppst.gob.ve\/mpppstweb\/","logo":{"@type":"ImageObject","inLanguage":"es","@id":"https:\/\/www.mpppst.gob.ve\/mpppstweb\/#\/schema\/logo\/image\/","url":"https:\/\/www.mpppst.gob.ve\/mpppstweb\/wp-content\/uploads\/2025\/07\/cropped-cropped-g910.png","contentUrl":"https:\/\/www.mpppst.gob.ve\/mpppstweb\/wp-content\/uploads\/2025\/07\/cropped-cropped-g910.png","width":1080,"height":241,"caption":"mpppst"},"image":{"@id":"https:\/\/www.mpppst.gob.ve\/mpppstweb\/#\/schema\/logo\/image\/"}},{"@type":"Person","@id":"https:\/\/www.mpppst.gob.ve\/mpppstweb\/#\/schema\/person\/fc187ee8ead412bd4c9304b62f900ea4","name":"MPPPST Prensa","url":"https:\/\/www.mpppst.gob.ve\/mpppstweb\/index.php\/author\/prensa-mpppst\/"}]}},"_links":{"self":[{"href":"https:\/\/www.mpppst.gob.ve\/mpppstweb\/index.php\/wp-json\/wp\/v2\/posts\/9653"}],"collection":[{"href":"https:\/\/www.mpppst.gob.ve\/mpppstweb\/index.php\/wp-json\/wp\/v2\/posts"}],"about":[{"href":"https:\/\/www.mpppst.gob.ve\/mpppstweb\/index.php\/wp-json\/wp\/v2\/types\/post"}],"author":[{"embeddable":true,"href":"https:\/\/www.mpppst.gob.ve\/mpppstweb\/index.php\/wp-json\/wp\/v2\/users\/25"}],"replies":[{"embeddable":true,"href":"https:\/\/www.mpppst.gob.ve\/mpppstweb\/index.php\/wp-json\/wp\/v2\/comments?post=9653"}],"version-history":[{"count":1,"href":"https:\/\/www.mpppst.gob.ve\/mpppstweb\/index.php\/wp-json\/wp\/v2\/posts\/9653\/revisions"}],"predecessor-version":[{"id":9655,"href":"https:\/\/www.mpppst.gob.ve\/mpppstweb\/index.php\/wp-json\/wp\/v2\/posts\/9653\/revisions\/9655"}],"wp:featuredmedia":[{"embeddable":true,"href":"https:\/\/www.mpppst.gob.ve\/mpppstweb\/index.php\/wp-json\/wp\/v2\/media\/9654"}],"wp:attachment":[{"href":"https:\/\/www.mpppst.gob.ve\/mpppstweb\/index.php\/wp-json\/wp\/v2\/media?parent=9653"}],"wp:term":[{"taxonomy":"category","embeddable":true,"href":"https:\/\/www.mpppst.gob.ve\/mpppstweb\/index.php\/wp-json\/wp\/v2\/categories?post=9653"},{"taxonomy":"post_tag","embeddable":true,"href":"https:\/\/www.mpppst.gob.ve\/mpppstweb\/index.php\/wp-json\/wp\/v2\/tags?post=9653"}],"curies":[{"name":"wp","href":"https:\/\/api.w.org\/{rel}","templated":true}]}}