{"id":9656,"date":"2016-12-10T13:18:16","date_gmt":"2016-12-10T13:18:16","guid":{"rendered":"http:\/\/www.mpppst.gob.ve\/mpppstweb\/?p=9656"},"modified":"2016-12-10T13:18:16","modified_gmt":"2016-12-10T13:18:16","slug":"central-socialista-lo-del-mercosur-es-un-golpe-contra-la-integracion","status":"publish","type":"post","link":"https:\/\/www.mpppst.gob.ve\/mpppstweb\/index.php\/2016\/12\/10\/central-socialista-lo-del-mercosur-es-un-golpe-contra-la-integracion\/","title":{"rendered":"Central Socialista: \u201c\u00bbLo del Mercosur es un golpe contra la integraci\u00f3n\u00bb"},"content":{"rendered":"<p dir=\"ltr\">(Caracas, diciembre 08, 2016- Prensa\/CBST).- \u00a0La Coordinaci\u00f3n Internacional de la Central Bolivariana Socialista de Trabajadores (CBST) celebr\u00f3 una sesi\u00f3n especial para evaluar el intento de golpe de Estado contra Venezuela en el Mercosur y en ese escenario aprovech\u00f3 para suscribir las palabras de la canciller Delcy Rodr\u00edguez, en el sentido de que esta maniobra \u201cno es m\u00e1s que un golpe contra la integraci\u00f3n\u201d.<\/p>\n<p dir=\"ltr\">As\u00ed lo se\u00f1al\u00f3 Jacobo Torres, coordinador internacional de la Central Socialista, en declaraciones a los medios que se hicieron presentes para cubrir dicha reuni\u00f3n. \u201cLa triple alianza Brasil, Argentina y Paraguay con la lamentable omisi\u00f3n de Uruguay, cuyo gobierno entend\u00edamos era progresista y nacionalista y descart\u00e1bamos que se iba a prestar para estos intentos de restauraci\u00f3n neoliberal, no tiene, en lo absoluto, ning\u00fan argumento ni legal ni pol\u00edtico que justifique la sanci\u00f3n que pretenden hacer contra Venezuela\u201d, a\u00f1adi\u00f3.<\/p>\n<p dir=\"ltr\">Asimismo, Torres destac\u00f3 la posici\u00f3n de solidaridad y respaldo de los movimientos sociales y la clase trabajadora de los pa\u00edses signatarios del Mercosur y del resto del continente, al tiempo que a\u00f1adi\u00f3 que la Central Socialista apoya plenamente las declaraciones de la canciller Delcy Rodr\u00edguez en el sentido de que no hay ninguna raz\u00f3n valedera que obligue a Venezuela a abandonar la presidencia pro tempore del Mercosur ni su membres\u00eda en esta instancia de integraci\u00f3n regional.<\/p>\n<p dir=\"ltr\">\u201cM\u00e1s all\u00e1 de un intento de golpe contra Venezuela, un intento de aislar a la Revoluci\u00f3n Bolivariana en el contexto del sur, esto es un golpe artero y certero contra la integraci\u00f3n de nuestros pueblos\u201d insisti\u00f3 el dirigente de la clase obrera, Jacobo Torres.\u00a0 Tambi\u00e9n record\u00f3 que gracias a la visi\u00f3n del Presidente Ch\u00e1vez y la entrada de Venezuela al bloque regional, \u00e9ste pas\u00f3 de ser un mecanismo de mero intercambio comercial y financiero a convertirse en un espacio de articulaci\u00f3n social entre los pueblos signatarios.<\/p>\n<p dir=\"ltr\">\u201cEllos acusan a Venezuela de no haber suscrito los principales acuerdos del Mercosur, aun habiendo asumido la presidencia pro tempore hace tres a\u00f1os, cuando es de todos conocidos que ninguno de los pa\u00edses que son miembros del Mercosur cumplen con toda la normativa; Venezuela ha cumplido con el 95% de todos los acuerdos y convenios previstos, incluyendo el pasaporte com\u00fan, lo cual se hizo en tiempo record\u201d, insisti\u00f3 Torres.<\/p>\n<p dir=\"ltr\">\u00a0El coordinador internacional de la CBST, Jacobo Torres, igualmente, indic\u00f3 que Michel Temer en Brasil representa un gobierno ilegitimo, producto de un golpe de Estado mientras que el se\u00f1or Horacio Cartes es hijo del golpe de Estado contra Fernando Lugo e hijo del irrespeto a los derechos humanos y la masacre contra el pueblo paraguayo; por lo cual \u00a0no tienen ninguna autoridad moral ni \u00e9tica para sancionar a Venezuela.<\/p>\n<p dir=\"ltr\">Para finalizar, Torres anunci\u00f3 que la clase obrera venezolana ya se encuentra definiendo la agenda de trabajo internacional para el pr\u00f3ximo 2017, para cuyo primer trimestre est\u00e1 previsto un gran encuentro de trabajadores para fijar posici\u00f3n frente a estos temas y adelantar una agenda de movilizaci\u00f3n en el marco de la contraofensiva popular frente a los intentos de restauraci\u00f3n del neoliberalismo.<\/p>\n<p dir=\"ltr\">Prensa CBST: Alejansra Milano<\/p>\n","protected":false},"excerpt":{"rendered":"<p>(Caracas, diciembre 08, 2016- Prensa\/CBST).- \u00a0La Coordinaci\u00f3n Internacional de la Central Bolivariana Socialista de Trabajadores (CBST) &hellip; <a title=\"Central Socialista: \u201c\u00bbLo del Mercosur es un golpe contra la integraci\u00f3n\u00bb\" class=\"hm-read-more\" href=\"https:\/\/www.mpppst.gob.ve\/mpppstweb\/index.php\/2016\/12\/10\/central-socialista-lo-del-mercosur-es-un-golpe-contra-la-integracion\/\"><span class=\"screen-reader-text\">Central Socialista: \u201c\u00bbLo del Mercosur es un golpe contra la integraci\u00f3n\u00bb<\/span>Read more<\/a><\/p>\n","protected":false},"author":25,"featured_media":9657,"comment_status":"closed","ping_status":"closed","sticky":false,"template":"","format":"standard","meta":{"footnotes":""},"categories":[8,260,166],"tags":[261,229,245],"yoast_head":"<!-- This site is optimized with the Yoast SEO plugin v22.5 - https:\/\/yoast.com\/wordpress\/plugins\/seo\/ -->\n<title>Central Socialista: \u201c&quot;Lo del Mercosur es un golpe contra la integraci\u00f3n&quot; - MPPPST<\/title>\n<meta name=\"robots\" content=\"index, follow, max-snippet:-1, max-image-preview:large, max-video-preview:-1\" \/>\n<link rel=\"canonical\" href=\"https:\/\/www.mpppst.gob.ve\/mpppstweb\/index.php\/2016\/12\/10\/central-socialista-lo-del-mercosur-es-un-golpe-contra-la-integracion\/\" \/>\n<meta property=\"og:locale\" content=\"es_ES\" \/>\n<meta property=\"og:type\" content=\"article\" \/>\n<meta property=\"og:title\" content=\"Central Socialista: \u201c&quot;Lo del Mercosur es un golpe contra la integraci\u00f3n&quot; - MPPPST\" \/>\n<meta property=\"og:description\" content=\"(Caracas, diciembre 08, 2016- Prensa\/CBST).- \u00a0La Coordinaci\u00f3n Internacional de la Central Bolivariana Socialista de Trabajadores (CBST) &hellip; Central Socialista: \u201c\u00bbLo del Mercosur es un golpe contra la integraci\u00f3n\u00bbRead more\" \/>\n<meta property=\"og:url\" content=\"https:\/\/www.mpppst.gob.ve\/mpppstweb\/index.php\/2016\/12\/10\/central-socialista-lo-del-mercosur-es-un-golpe-contra-la-integracion\/\" \/>\n<meta property=\"og:site_name\" content=\"MPPPST\" \/>\n<meta property=\"article:published_time\" content=\"2016-12-10T13:18:16+00:00\" \/>\n<meta property=\"og:image\" content=\"https:\/\/www.mpppst.gob.ve\/mpppstweb\/wp-content\/uploads\/2016\/12\/cbst-sobre-el-MERCOSUR.jpg\" \/>\n\t<meta property=\"og:image:width\" content=\"800\" \/>\n\t<meta property=\"og:image:height\" content=\"445\" \/>\n\t<meta property=\"og:image:type\" content=\"image\/jpeg\" \/>\n<meta name=\"author\" content=\"MPPPST Prensa\" \/>\n<meta name=\"twitter:card\" content=\"summary_large_image\" \/>\n<meta name=\"twitter:label1\" content=\"Escrito por\" \/>\n\t<meta name=\"twitter:data1\" content=\"MPPPST Prensa\" \/>\n\t<meta name=\"twitter:label2\" content=\"Tiempo de lectura\" \/>\n\t<meta name=\"twitter:data2\" content=\"3 minutos\" \/>\n<script type=\"application\/ld+json\" class=\"yoast-schema-graph\">{\"@context\":\"https:\/\/schema.org\",\"@graph\":[{\"@type\":\"Article\",\"@id\":\"https:\/\/www.mpppst.gob.ve\/mpppstweb\/index.php\/2016\/12\/10\/central-socialista-lo-del-mercosur-es-un-golpe-contra-la-integracion\/#article\",\"isPartOf\":{\"@id\":\"https:\/\/www.mpppst.gob.ve\/mpppstweb\/index.php\/2016\/12\/10\/central-socialista-lo-del-mercosur-es-un-golpe-contra-la-integracion\/\"},\"author\":{\"name\":\"MPPPST Prensa\",\"@id\":\"https:\/\/www.mpppst.gob.ve\/mpppstweb\/#\/schema\/person\/fc187ee8ead412bd4c9304b62f900ea4\"},\"headline\":\"Central Socialista: \u201c\u00bbLo del Mercosur es un golpe contra la integraci\u00f3n\u00bb\",\"datePublished\":\"2016-12-10T13:18:16+00:00\",\"dateModified\":\"2016-12-10T13:18:16+00:00\",\"mainEntityOfPage\":{\"@id\":\"https:\/\/www.mpppst.gob.ve\/mpppstweb\/index.php\/2016\/12\/10\/central-socialista-lo-del-mercosur-es-un-golpe-contra-la-integracion\/\"},\"wordCount\":554,\"publisher\":{\"@id\":\"https:\/\/www.mpppst.gob.ve\/mpppstweb\/#organization\"},\"image\":{\"@id\":\"https:\/\/www.mpppst.gob.ve\/mpppstweb\/index.php\/2016\/12\/10\/central-socialista-lo-del-mercosur-es-un-golpe-contra-la-integracion\/#primaryimage\"},\"thumbnailUrl\":\"https:\/\/www.mpppst.gob.ve\/mpppstweb\/wp-content\/uploads\/2016\/12\/cbst-sobre-el-MERCOSUR.jpg\",\"keywords\":[\"CBST\",\"Defensa Integral\",\"internacionales\"],\"articleSection\":[\"Internacionales\",\"Internacionales\",\"Venezuela y el Mundo\"],\"inLanguage\":\"es\"},{\"@type\":\"WebPage\",\"@id\":\"https:\/\/www.mpppst.gob.ve\/mpppstweb\/index.php\/2016\/12\/10\/central-socialista-lo-del-mercosur-es-un-golpe-contra-la-integracion\/\",\"url\":\"https:\/\/www.mpppst.gob.ve\/mpppstweb\/index.php\/2016\/12\/10\/central-socialista-lo-del-mercosur-es-un-golpe-contra-la-integracion\/\",\"name\":\"Central Socialista: \u201c\\\"Lo del Mercosur es un golpe contra la integraci\u00f3n\\\" - MPPPST\",\"isPartOf\":{\"@id\":\"https:\/\/www.mpppst.gob.ve\/mpppstweb\/#website\"},\"primaryImageOfPage\":{\"@id\":\"https:\/\/www.mpppst.gob.ve\/mpppstweb\/index.php\/2016\/12\/10\/central-socialista-lo-del-mercosur-es-un-golpe-contra-la-integracion\/#primaryimage\"},\"image\":{\"@id\":\"https:\/\/www.mpppst.gob.ve\/mpppstweb\/index.php\/2016\/12\/10\/central-socialista-lo-del-mercosur-es-un-golpe-contra-la-integracion\/#primaryimage\"},\"thumbnailUrl\":\"https:\/\/www.mpppst.gob.ve\/mpppstweb\/wp-content\/uploads\/2016\/12\/cbst-sobre-el-MERCOSUR.jpg\",\"datePublished\":\"2016-12-10T13:18:16+00:00\",\"dateModified\":\"2016-12-10T13:18:16+00:00\",\"breadcrumb\":{\"@id\":\"https:\/\/www.mpppst.gob.ve\/mpppstweb\/index.php\/2016\/12\/10\/central-socialista-lo-del-mercosur-es-un-golpe-contra-la-integracion\/#breadcrumb\"},\"inLanguage\":\"es\",\"potentialAction\":[{\"@type\":\"ReadAction\",\"target\":[\"https:\/\/www.mpppst.gob.ve\/mpppstweb\/index.php\/2016\/12\/10\/central-socialista-lo-del-mercosur-es-un-golpe-contra-la-integracion\/\"]}]},{\"@type\":\"ImageObject\",\"inLanguage\":\"es\",\"@id\":\"https:\/\/www.mpppst.gob.ve\/mpppstweb\/index.php\/2016\/12\/10\/central-socialista-lo-del-mercosur-es-un-golpe-contra-la-integracion\/#primaryimage\",\"url\":\"https:\/\/www.mpppst.gob.ve\/mpppstweb\/wp-content\/uploads\/2016\/12\/cbst-sobre-el-MERCOSUR.jpg\",\"contentUrl\":\"https:\/\/www.mpppst.gob.ve\/mpppstweb\/wp-content\/uploads\/2016\/12\/cbst-sobre-el-MERCOSUR.jpg\",\"width\":800,\"height\":445},{\"@type\":\"BreadcrumbList\",\"@id\":\"https:\/\/www.mpppst.gob.ve\/mpppstweb\/index.php\/2016\/12\/10\/central-socialista-lo-del-mercosur-es-un-golpe-contra-la-integracion\/#breadcrumb\",\"itemListElement\":[{\"@type\":\"ListItem\",\"position\":1,\"name\":\"Home\",\"item\":\"https:\/\/www.mpppst.gob.ve\/mpppstweb\/\"},{\"@type\":\"ListItem\",\"position\":2,\"name\":\"Central Socialista: \u201c\u00bbLo del Mercosur es un golpe contra la integraci\u00f3n\u00bb\"}]},{\"@type\":\"WebSite\",\"@id\":\"https:\/\/www.mpppst.gob.ve\/mpppstweb\/#website\",\"url\":\"https:\/\/www.mpppst.gob.ve\/mpppstweb\/\",\"name\":\"MPPPST\",\"description\":\"Ministerio del Poder Popular para el Proceso Social de Trabajo\",\"publisher\":{\"@id\":\"https:\/\/www.mpppst.gob.ve\/mpppstweb\/#organization\"},\"potentialAction\":[{\"@type\":\"SearchAction\",\"target\":{\"@type\":\"EntryPoint\",\"urlTemplate\":\"https:\/\/www.mpppst.gob.ve\/mpppstweb\/?s={search_term_string}\"},\"query-input\":\"required name=search_term_string\"}],\"inLanguage\":\"es\"},{\"@type\":\"Organization\",\"@id\":\"https:\/\/www.mpppst.gob.ve\/mpppstweb\/#organization\",\"name\":\"mpppst\",\"url\":\"https:\/\/www.mpppst.gob.ve\/mpppstweb\/\",\"logo\":{\"@type\":\"ImageObject\",\"inLanguage\":\"es\",\"@id\":\"https:\/\/www.mpppst.gob.ve\/mpppstweb\/#\/schema\/logo\/image\/\",\"url\":\"https:\/\/www.mpppst.gob.ve\/mpppstweb\/wp-content\/uploads\/2025\/07\/cropped-cropped-g910.png\",\"contentUrl\":\"https:\/\/www.mpppst.gob.ve\/mpppstweb\/wp-content\/uploads\/2025\/07\/cropped-cropped-g910.png\",\"width\":1080,\"height\":241,\"caption\":\"mpppst\"},\"image\":{\"@id\":\"https:\/\/www.mpppst.gob.ve\/mpppstweb\/#\/schema\/logo\/image\/\"}},{\"@type\":\"Person\",\"@id\":\"https:\/\/www.mpppst.gob.ve\/mpppstweb\/#\/schema\/person\/fc187ee8ead412bd4c9304b62f900ea4\",\"name\":\"MPPPST Prensa\",\"url\":\"https:\/\/www.mpppst.gob.ve\/mpppstweb\/index.php\/author\/prensa-mpppst\/\"}]}<\/script>\n<!-- \/ Yoast SEO plugin. -->","yoast_head_json":{"title":"Central Socialista: \u201c\"Lo del Mercosur es un golpe contra la integraci\u00f3n\" - MPPPST","robots":{"index":"index","follow":"follow","max-snippet":"max-snippet:-1","max-image-preview":"max-image-preview:large","max-video-preview":"max-video-preview:-1"},"canonical":"https:\/\/www.mpppst.gob.ve\/mpppstweb\/index.php\/2016\/12\/10\/central-socialista-lo-del-mercosur-es-un-golpe-contra-la-integracion\/","og_locale":"es_ES","og_type":"article","og_title":"Central Socialista: \u201c\"Lo del Mercosur es un golpe contra la integraci\u00f3n\" - MPPPST","og_description":"(Caracas, diciembre 08, 2016- Prensa\/CBST).- \u00a0La Coordinaci\u00f3n Internacional de la Central Bolivariana Socialista de Trabajadores (CBST) &hellip; Central Socialista: \u201c\u00bbLo del Mercosur es un golpe contra la integraci\u00f3n\u00bbRead more","og_url":"https:\/\/www.mpppst.gob.ve\/mpppstweb\/index.php\/2016\/12\/10\/central-socialista-lo-del-mercosur-es-un-golpe-contra-la-integracion\/","og_site_name":"MPPPST","article_published_time":"2016-12-10T13:18:16+00:00","og_image":[{"width":800,"height":445,"url":"https:\/\/www.mpppst.gob.ve\/mpppstweb\/wp-content\/uploads\/2016\/12\/cbst-sobre-el-MERCOSUR.jpg","type":"image\/jpeg"}],"author":"MPPPST Prensa","twitter_card":"summary_large_image","twitter_misc":{"Escrito por":"MPPPST Prensa","Tiempo de lectura":"3 minutos"},"schema":{"@context":"https:\/\/schema.org","@graph":[{"@type":"Article","@id":"https:\/\/www.mpppst.gob.ve\/mpppstweb\/index.php\/2016\/12\/10\/central-socialista-lo-del-mercosur-es-un-golpe-contra-la-integracion\/#article","isPartOf":{"@id":"https:\/\/www.mpppst.gob.ve\/mpppstweb\/index.php\/2016\/12\/10\/central-socialista-lo-del-mercosur-es-un-golpe-contra-la-integracion\/"},"author":{"name":"MPPPST Prensa","@id":"https:\/\/www.mpppst.gob.ve\/mpppstweb\/#\/schema\/person\/fc187ee8ead412bd4c9304b62f900ea4"},"headline":"Central Socialista: \u201c\u00bbLo del Mercosur es un golpe contra la integraci\u00f3n\u00bb","datePublished":"2016-12-10T13:18:16+00:00","dateModified":"2016-12-10T13:18:16+00:00","mainEntityOfPage":{"@id":"https:\/\/www.mpppst.gob.ve\/mpppstweb\/index.php\/2016\/12\/10\/central-socialista-lo-del-mercosur-es-un-golpe-contra-la-integracion\/"},"wordCount":554,"publisher":{"@id":"https:\/\/www.mpppst.gob.ve\/mpppstweb\/#organization"},"image":{"@id":"https:\/\/www.mpppst.gob.ve\/mpppstweb\/index.php\/2016\/12\/10\/central-socialista-lo-del-mercosur-es-un-golpe-contra-la-integracion\/#primaryimage"},"thumbnailUrl":"https:\/\/www.mpppst.gob.ve\/mpppstweb\/wp-content\/uploads\/2016\/12\/cbst-sobre-el-MERCOSUR.jpg","keywords":["CBST","Defensa Integral","internacionales"],"articleSection":["Internacionales","Internacionales","Venezuela y el Mundo"],"inLanguage":"es"},{"@type":"WebPage","@id":"https:\/\/www.mpppst.gob.ve\/mpppstweb\/index.php\/2016\/12\/10\/central-socialista-lo-del-mercosur-es-un-golpe-contra-la-integracion\/","url":"https:\/\/www.mpppst.gob.ve\/mpppstweb\/index.php\/2016\/12\/10\/central-socialista-lo-del-mercosur-es-un-golpe-contra-la-integracion\/","name":"Central Socialista: \u201c\"Lo del Mercosur es un golpe contra la integraci\u00f3n\" - MPPPST","isPartOf":{"@id":"https:\/\/www.mpppst.gob.ve\/mpppstweb\/#website"},"primaryImageOfPage":{"@id":"https:\/\/www.mpppst.gob.ve\/mpppstweb\/index.php\/2016\/12\/10\/central-socialista-lo-del-mercosur-es-un-golpe-contra-la-integracion\/#primaryimage"},"image":{"@id":"https:\/\/www.mpppst.gob.ve\/mpppstweb\/index.php\/2016\/12\/10\/central-socialista-lo-del-mercosur-es-un-golpe-contra-la-integracion\/#primaryimage"},"thumbnailUrl":"https:\/\/www.mpppst.gob.ve\/mpppstweb\/wp-content\/uploads\/2016\/12\/cbst-sobre-el-MERCOSUR.jpg","datePublished":"2016-12-10T13:18:16+00:00","dateModified":"2016-12-10T13:18:16+00:00","breadcrumb":{"@id":"https:\/\/www.mpppst.gob.ve\/mpppstweb\/index.php\/2016\/12\/10\/central-socialista-lo-del-mercosur-es-un-golpe-contra-la-integracion\/#breadcrumb"},"inLanguage":"es","potentialAction":[{"@type":"ReadAction","target":["https:\/\/www.mpppst.gob.ve\/mpppstweb\/index.php\/2016\/12\/10\/central-socialista-lo-del-mercosur-es-un-golpe-contra-la-integracion\/"]}]},{"@type":"ImageObject","inLanguage":"es","@id":"https:\/\/www.mpppst.gob.ve\/mpppstweb\/index.php\/2016\/12\/10\/central-socialista-lo-del-mercosur-es-un-golpe-contra-la-integracion\/#primaryimage","url":"https:\/\/www.mpppst.gob.ve\/mpppstweb\/wp-content\/uploads\/2016\/12\/cbst-sobre-el-MERCOSUR.jpg","contentUrl":"https:\/\/www.mpppst.gob.ve\/mpppstweb\/wp-content\/uploads\/2016\/12\/cbst-sobre-el-MERCOSUR.jpg","width":800,"height":445},{"@type":"BreadcrumbList","@id":"https:\/\/www.mpppst.gob.ve\/mpppstweb\/index.php\/2016\/12\/10\/central-socialista-lo-del-mercosur-es-un-golpe-contra-la-integracion\/#breadcrumb","itemListElement":[{"@type":"ListItem","position":1,"name":"Home","item":"https:\/\/www.mpppst.gob.ve\/mpppstweb\/"},{"@type":"ListItem","position":2,"name":"Central Socialista: \u201c\u00bbLo del Mercosur es un golpe contra la integraci\u00f3n\u00bb"}]},{"@type":"WebSite","@id":"https:\/\/www.mpppst.gob.ve\/mpppstweb\/#website","url":"https:\/\/www.mpppst.gob.ve\/mpppstweb\/","name":"MPPPST","description":"Ministerio del Poder Popular para el Proceso Social de Trabajo","publisher":{"@id":"https:\/\/www.mpppst.gob.ve\/mpppstweb\/#organization"},"potentialAction":[{"@type":"SearchAction","target":{"@type":"EntryPoint","urlTemplate":"https:\/\/www.mpppst.gob.ve\/mpppstweb\/?s={search_term_string}"},"query-input":"required name=search_term_string"}],"inLanguage":"es"},{"@type":"Organization","@id":"https:\/\/www.mpppst.gob.ve\/mpppstweb\/#organization","name":"mpppst","url":"https:\/\/www.mpppst.gob.ve\/mpppstweb\/","logo":{"@type":"ImageObject","inLanguage":"es","@id":"https:\/\/www.mpppst.gob.ve\/mpppstweb\/#\/schema\/logo\/image\/","url":"https:\/\/www.mpppst.gob.ve\/mpppstweb\/wp-content\/uploads\/2025\/07\/cropped-cropped-g910.png","contentUrl":"https:\/\/www.mpppst.gob.ve\/mpppstweb\/wp-content\/uploads\/2025\/07\/cropped-cropped-g910.png","width":1080,"height":241,"caption":"mpppst"},"image":{"@id":"https:\/\/www.mpppst.gob.ve\/mpppstweb\/#\/schema\/logo\/image\/"}},{"@type":"Person","@id":"https:\/\/www.mpppst.gob.ve\/mpppstweb\/#\/schema\/person\/fc187ee8ead412bd4c9304b62f900ea4","name":"MPPPST Prensa","url":"https:\/\/www.mpppst.gob.ve\/mpppstweb\/index.php\/author\/prensa-mpppst\/"}]}},"_links":{"self":[{"href":"https:\/\/www.mpppst.gob.ve\/mpppstweb\/index.php\/wp-json\/wp\/v2\/posts\/9656"}],"collection":[{"href":"https:\/\/www.mpppst.gob.ve\/mpppstweb\/index.php\/wp-json\/wp\/v2\/posts"}],"about":[{"href":"https:\/\/www.mpppst.gob.ve\/mpppstweb\/index.php\/wp-json\/wp\/v2\/types\/post"}],"author":[{"embeddable":true,"href":"https:\/\/www.mpppst.gob.ve\/mpppstweb\/index.php\/wp-json\/wp\/v2\/users\/25"}],"replies":[{"embeddable":true,"href":"https:\/\/www.mpppst.gob.ve\/mpppstweb\/index.php\/wp-json\/wp\/v2\/comments?post=9656"}],"version-history":[{"count":1,"href":"https:\/\/www.mpppst.gob.ve\/mpppstweb\/index.php\/wp-json\/wp\/v2\/posts\/9656\/revisions"}],"predecessor-version":[{"id":9658,"href":"https:\/\/www.mpppst.gob.ve\/mpppstweb\/index.php\/wp-json\/wp\/v2\/posts\/9656\/revisions\/9658"}],"wp:featuredmedia":[{"embeddable":true,"href":"https:\/\/www.mpppst.gob.ve\/mpppstweb\/index.php\/wp-json\/wp\/v2\/media\/9657"}],"wp:attachment":[{"href":"https:\/\/www.mpppst.gob.ve\/mpppstweb\/index.php\/wp-json\/wp\/v2\/media?parent=9656"}],"wp:term":[{"taxonomy":"category","embeddable":true,"href":"https:\/\/www.mpppst.gob.ve\/mpppstweb\/index.php\/wp-json\/wp\/v2\/categories?post=9656"},{"taxonomy":"post_tag","embeddable":true,"href":"https:\/\/www.mpppst.gob.ve\/mpppstweb\/index.php\/wp-json\/wp\/v2\/tags?post=9656"}],"curies":[{"name":"wp","href":"https:\/\/api.w.org\/{rel}","templated":true}]}}