{"id":9732,"date":"2016-12-15T13:05:08","date_gmt":"2016-12-15T13:05:08","guid":{"rendered":"http:\/\/www.mpppst.gob.ve\/mpppstweb\/?p=9732"},"modified":"2016-12-15T13:05:08","modified_gmt":"2016-12-15T13:05:08","slug":"presidente-maduro-el-desarrollo-economico-es-tarea-prioritaria-del-alba-en-pro-de-los-pueblos","status":"publish","type":"post","link":"https:\/\/www.mpppst.gob.ve\/mpppstweb\/index.php\/2016\/12\/15\/presidente-maduro-el-desarrollo-economico-es-tarea-prioritaria-del-alba-en-pro-de-los-pueblos\/","title":{"rendered":"Presidente Maduro: El desarrollo econ\u00f3mico es tarea prioritaria del Alba en pro de los pueblos"},"content":{"rendered":"<p>AVN.- Los pa\u00edses que integran la Alianza Bolivariana para los Pueblos de Nuestra Am\u00e9rica Tratado de Comercio de los Pueblos (Alba-TCP), que este 14 de diciembre cumple 12 a\u00f1os de fundada, tienen como tarea fundamental de avanzar hacia el desarrollo econ\u00f3mico en funci\u00f3n del bienestar de los pueblos, insisti\u00f3 este mi\u00e9rcoles el presidente de la Rep\u00fablica Bolivariana de Venezuela, Nicol\u00e1s Maduro.<\/p>\n<p>\u00abLa independencia hoy tiene un s\u00f3lo nombre: desarrollo econ\u00f3mico, independencia econ\u00f3mica, nuevo modelo econ\u00f3mico sustentable. Esa es la independencia hoy, esa es la justicia hoy, ese es el socialismo el futuro: nuestro propio desarrollo econ\u00f3mico\u00bb, reiter\u00f3 el Mandatario nacional desde La Habana, Cuba, donde se celebr\u00f3 el duod\u00e9cimo aniversario de este mecanismo de integraci\u00f3n.<\/p>\n<p>En ese sentido, el Jefe de Estado venezolano mencion\u00f3 que para ello el Alba cuenta con todas las condiciones, y que adem\u00e1s sus bases fundamentales, como la cooperaci\u00f3n, unidad y las relaciones de hermandas, permiten abonar el camino en ese sentido. A ello se le suma las relaciones basadas sobre los principios de respeto con la Rep\u00fablica Popular China y la Rep\u00fablica Federativa de Rusia.<\/p>\n<p>\u00abEl Alba tiene toda la facilidad de la confianza y de la hermandad para trabajar\u00bb en funci\u00f3n de esa tarea, subray\u00f3 el Presidente Maduro, y mencion\u00f3 que de lograr dar pasos agigantados en ese sentido permitir\u00e1 hacer invencible la regi\u00f3n ante los ataques imperiales que pretende imponer su sistema neoliberal.<\/p>\n<p>El Alba, que ratifica los lazos de uni\u00f3n por la independencia y soberan\u00eda de los pueblos de la regi\u00f3n, fue creada por iniciativa del l\u00edder de la Revoluci\u00f3n Bolivariana, Hugo Ch\u00e1cez, y de la Revoluci\u00f3n Cubana, Fidel Castro, el 14 de diciembre de 2004 en la capital cubana, La Habana.<\/p>\n<p>Este bloque naci\u00f3 como contraparte del \u00c1rea Libre de Comercio para las Am\u00e9ricas (Alca), promovida por Estados Unidos para instaurar un libre mercado en detrimento de las econom\u00edas emergentes del sur del continente americano.<\/p>\n<p>En los siguientes a\u00f1os, al Alba se sumaron Nicaragua, Ecuador, Bolivia, Dominica, Santa Luc\u00eda, Granada, San Vicente y las Granadinas, Antigua y Barbuda y San Crist\u00f3bal y Nieves, Surinam, Santa Luc\u00eda.<\/p>\n<p>Entre los principales proyectos del Alba se encuentran el Tra\u00adtado de Comercio de los Pueblos (TCP), para un comercio justo y complementario entre los pa\u00edses el Banco del Alba, el Sistema \u00danico de Compensaci\u00f3n Regional (Sucre), para sustituir al d\u00f3lar en los intercambios comerciales del bloque; las empresas Grannacionales; programas de cultura, alfabetizaci\u00f3n, salud y cooperaci\u00f3n energ\u00e9tica.<\/p>\n","protected":false},"excerpt":{"rendered":"<p>AVN.- Los pa\u00edses que integran la Alianza Bolivariana para los Pueblos de Nuestra Am\u00e9rica Tratado de &hellip; <a title=\"Presidente Maduro: El desarrollo econ\u00f3mico es tarea prioritaria del Alba en pro de los pueblos\" class=\"hm-read-more\" href=\"https:\/\/www.mpppst.gob.ve\/mpppstweb\/index.php\/2016\/12\/15\/presidente-maduro-el-desarrollo-economico-es-tarea-prioritaria-del-alba-en-pro-de-los-pueblos\/\"><span class=\"screen-reader-text\">Presidente Maduro: El desarrollo econ\u00f3mico es tarea prioritaria del Alba en pro de los pueblos<\/span>Read more<\/a><\/p>\n","protected":false},"author":25,"featured_media":9733,"comment_status":"closed","ping_status":"closed","sticky":false,"template":"","format":"standard","meta":{"footnotes":""},"categories":[82,8,163],"tags":[222,245],"yoast_head":"<!-- This site is optimized with the Yoast SEO plugin v22.5 - https:\/\/yoast.com\/wordpress\/plugins\/seo\/ -->\n<title>Presidente Maduro: El desarrollo econ\u00f3mico es tarea prioritaria del Alba en pro de los pueblos - MPPPST<\/title>\n<meta name=\"robots\" content=\"index, follow, max-snippet:-1, max-image-preview:large, max-video-preview:-1\" \/>\n<link rel=\"canonical\" href=\"https:\/\/www.mpppst.gob.ve\/mpppstweb\/index.php\/2016\/12\/15\/presidente-maduro-el-desarrollo-economico-es-tarea-prioritaria-del-alba-en-pro-de-los-pueblos\/\" \/>\n<meta property=\"og:locale\" content=\"es_ES\" \/>\n<meta property=\"og:type\" content=\"article\" \/>\n<meta property=\"og:title\" content=\"Presidente Maduro: El desarrollo econ\u00f3mico es tarea prioritaria del Alba en pro de los pueblos - MPPPST\" \/>\n<meta property=\"og:description\" content=\"AVN.- Los pa\u00edses que integran la Alianza Bolivariana para los Pueblos de Nuestra Am\u00e9rica Tratado de &hellip; Presidente Maduro: El desarrollo econ\u00f3mico es tarea prioritaria del Alba en pro de los pueblosRead more\" \/>\n<meta property=\"og:url\" content=\"https:\/\/www.mpppst.gob.ve\/mpppstweb\/index.php\/2016\/12\/15\/presidente-maduro-el-desarrollo-economico-es-tarea-prioritaria-del-alba-en-pro-de-los-pueblos\/\" \/>\n<meta property=\"og:site_name\" content=\"MPPPST\" \/>\n<meta property=\"article:published_time\" content=\"2016-12-15T13:05:08+00:00\" \/>\n<meta property=\"og:image\" content=\"https:\/\/www.mpppst.gob.ve\/mpppstweb\/wp-content\/uploads\/2016\/12\/MAduro.jpg\" \/>\n\t<meta property=\"og:image:width\" content=\"800\" \/>\n\t<meta property=\"og:image:height\" content=\"445\" \/>\n\t<meta property=\"og:image:type\" content=\"image\/jpeg\" \/>\n<meta name=\"author\" content=\"MPPPST Prensa\" \/>\n<meta name=\"twitter:card\" content=\"summary_large_image\" \/>\n<meta name=\"twitter:label1\" content=\"Escrito por\" \/>\n\t<meta name=\"twitter:data1\" content=\"MPPPST Prensa\" \/>\n\t<meta name=\"twitter:label2\" content=\"Tiempo de lectura\" \/>\n\t<meta name=\"twitter:data2\" content=\"2 minutos\" \/>\n<script type=\"application\/ld+json\" class=\"yoast-schema-graph\">{\"@context\":\"https:\/\/schema.org\",\"@graph\":[{\"@type\":\"Article\",\"@id\":\"https:\/\/www.mpppst.gob.ve\/mpppstweb\/index.php\/2016\/12\/15\/presidente-maduro-el-desarrollo-economico-es-tarea-prioritaria-del-alba-en-pro-de-los-pueblos\/#article\",\"isPartOf\":{\"@id\":\"https:\/\/www.mpppst.gob.ve\/mpppstweb\/index.php\/2016\/12\/15\/presidente-maduro-el-desarrollo-economico-es-tarea-prioritaria-del-alba-en-pro-de-los-pueblos\/\"},\"author\":{\"name\":\"MPPPST Prensa\",\"@id\":\"https:\/\/www.mpppst.gob.ve\/mpppstweb\/#\/schema\/person\/fc187ee8ead412bd4c9304b62f900ea4\"},\"headline\":\"Presidente Maduro: El desarrollo econ\u00f3mico es tarea prioritaria del Alba en pro de los pueblos\",\"datePublished\":\"2016-12-15T13:05:08+00:00\",\"dateModified\":\"2016-12-15T13:05:08+00:00\",\"mainEntityOfPage\":{\"@id\":\"https:\/\/www.mpppst.gob.ve\/mpppstweb\/index.php\/2016\/12\/15\/presidente-maduro-el-desarrollo-economico-es-tarea-prioritaria-del-alba-en-pro-de-los-pueblos\/\"},\"wordCount\":456,\"publisher\":{\"@id\":\"https:\/\/www.mpppst.gob.ve\/mpppstweb\/#organization\"},\"image\":{\"@id\":\"https:\/\/www.mpppst.gob.ve\/mpppstweb\/index.php\/2016\/12\/15\/presidente-maduro-el-desarrollo-economico-es-tarea-prioritaria-del-alba-en-pro-de-los-pueblos\/#primaryimage\"},\"thumbnailUrl\":\"https:\/\/www.mpppst.gob.ve\/mpppstweb\/wp-content\/uploads\/2016\/12\/MAduro.jpg\",\"keywords\":[\"Gobierno Bolivariano\",\"internacionales\"],\"articleSection\":[\"Gobierno Nacional\",\"Internacionales\",\"Noticias\"],\"inLanguage\":\"es\"},{\"@type\":\"WebPage\",\"@id\":\"https:\/\/www.mpppst.gob.ve\/mpppstweb\/index.php\/2016\/12\/15\/presidente-maduro-el-desarrollo-economico-es-tarea-prioritaria-del-alba-en-pro-de-los-pueblos\/\",\"url\":\"https:\/\/www.mpppst.gob.ve\/mpppstweb\/index.php\/2016\/12\/15\/presidente-maduro-el-desarrollo-economico-es-tarea-prioritaria-del-alba-en-pro-de-los-pueblos\/\",\"name\":\"Presidente Maduro: El desarrollo econ\u00f3mico es tarea prioritaria del Alba en pro de los pueblos - MPPPST\",\"isPartOf\":{\"@id\":\"https:\/\/www.mpppst.gob.ve\/mpppstweb\/#website\"},\"primaryImageOfPage\":{\"@id\":\"https:\/\/www.mpppst.gob.ve\/mpppstweb\/index.php\/2016\/12\/15\/presidente-maduro-el-desarrollo-economico-es-tarea-prioritaria-del-alba-en-pro-de-los-pueblos\/#primaryimage\"},\"image\":{\"@id\":\"https:\/\/www.mpppst.gob.ve\/mpppstweb\/index.php\/2016\/12\/15\/presidente-maduro-el-desarrollo-economico-es-tarea-prioritaria-del-alba-en-pro-de-los-pueblos\/#primaryimage\"},\"thumbnailUrl\":\"https:\/\/www.mpppst.gob.ve\/mpppstweb\/wp-content\/uploads\/2016\/12\/MAduro.jpg\",\"datePublished\":\"2016-12-15T13:05:08+00:00\",\"dateModified\":\"2016-12-15T13:05:08+00:00\",\"breadcrumb\":{\"@id\":\"https:\/\/www.mpppst.gob.ve\/mpppstweb\/index.php\/2016\/12\/15\/presidente-maduro-el-desarrollo-economico-es-tarea-prioritaria-del-alba-en-pro-de-los-pueblos\/#breadcrumb\"},\"inLanguage\":\"es\",\"potentialAction\":[{\"@type\":\"ReadAction\",\"target\":[\"https:\/\/www.mpppst.gob.ve\/mpppstweb\/index.php\/2016\/12\/15\/presidente-maduro-el-desarrollo-economico-es-tarea-prioritaria-del-alba-en-pro-de-los-pueblos\/\"]}]},{\"@type\":\"ImageObject\",\"inLanguage\":\"es\",\"@id\":\"https:\/\/www.mpppst.gob.ve\/mpppstweb\/index.php\/2016\/12\/15\/presidente-maduro-el-desarrollo-economico-es-tarea-prioritaria-del-alba-en-pro-de-los-pueblos\/#primaryimage\",\"url\":\"https:\/\/www.mpppst.gob.ve\/mpppstweb\/wp-content\/uploads\/2016\/12\/MAduro.jpg\",\"contentUrl\":\"https:\/\/www.mpppst.gob.ve\/mpppstweb\/wp-content\/uploads\/2016\/12\/MAduro.jpg\",\"width\":800,\"height\":445},{\"@type\":\"BreadcrumbList\",\"@id\":\"https:\/\/www.mpppst.gob.ve\/mpppstweb\/index.php\/2016\/12\/15\/presidente-maduro-el-desarrollo-economico-es-tarea-prioritaria-del-alba-en-pro-de-los-pueblos\/#breadcrumb\",\"itemListElement\":[{\"@type\":\"ListItem\",\"position\":1,\"name\":\"Home\",\"item\":\"https:\/\/www.mpppst.gob.ve\/mpppstweb\/\"},{\"@type\":\"ListItem\",\"position\":2,\"name\":\"Presidente Maduro: El desarrollo econ\u00f3mico es tarea prioritaria del Alba en pro de los pueblos\"}]},{\"@type\":\"WebSite\",\"@id\":\"https:\/\/www.mpppst.gob.ve\/mpppstweb\/#website\",\"url\":\"https:\/\/www.mpppst.gob.ve\/mpppstweb\/\",\"name\":\"MPPPST\",\"description\":\"Ministerio del Poder Popular para el Proceso Social de Trabajo\",\"publisher\":{\"@id\":\"https:\/\/www.mpppst.gob.ve\/mpppstweb\/#organization\"},\"potentialAction\":[{\"@type\":\"SearchAction\",\"target\":{\"@type\":\"EntryPoint\",\"urlTemplate\":\"https:\/\/www.mpppst.gob.ve\/mpppstweb\/?s={search_term_string}\"},\"query-input\":\"required name=search_term_string\"}],\"inLanguage\":\"es\"},{\"@type\":\"Organization\",\"@id\":\"https:\/\/www.mpppst.gob.ve\/mpppstweb\/#organization\",\"name\":\"mpppst\",\"url\":\"https:\/\/www.mpppst.gob.ve\/mpppstweb\/\",\"logo\":{\"@type\":\"ImageObject\",\"inLanguage\":\"es\",\"@id\":\"https:\/\/www.mpppst.gob.ve\/mpppstweb\/#\/schema\/logo\/image\/\",\"url\":\"https:\/\/www.mpppst.gob.ve\/mpppstweb\/wp-content\/uploads\/2025\/07\/cropped-cropped-g910.png\",\"contentUrl\":\"https:\/\/www.mpppst.gob.ve\/mpppstweb\/wp-content\/uploads\/2025\/07\/cropped-cropped-g910.png\",\"width\":1080,\"height\":241,\"caption\":\"mpppst\"},\"image\":{\"@id\":\"https:\/\/www.mpppst.gob.ve\/mpppstweb\/#\/schema\/logo\/image\/\"}},{\"@type\":\"Person\",\"@id\":\"https:\/\/www.mpppst.gob.ve\/mpppstweb\/#\/schema\/person\/fc187ee8ead412bd4c9304b62f900ea4\",\"name\":\"MPPPST Prensa\",\"url\":\"https:\/\/www.mpppst.gob.ve\/mpppstweb\/index.php\/author\/prensa-mpppst\/\"}]}<\/script>\n<!-- \/ Yoast SEO plugin. -->","yoast_head_json":{"title":"Presidente Maduro: El desarrollo econ\u00f3mico es tarea prioritaria del Alba en pro de los pueblos - MPPPST","robots":{"index":"index","follow":"follow","max-snippet":"max-snippet:-1","max-image-preview":"max-image-preview:large","max-video-preview":"max-video-preview:-1"},"canonical":"https:\/\/www.mpppst.gob.ve\/mpppstweb\/index.php\/2016\/12\/15\/presidente-maduro-el-desarrollo-economico-es-tarea-prioritaria-del-alba-en-pro-de-los-pueblos\/","og_locale":"es_ES","og_type":"article","og_title":"Presidente Maduro: El desarrollo econ\u00f3mico es tarea prioritaria del Alba en pro de los pueblos - MPPPST","og_description":"AVN.- Los pa\u00edses que integran la Alianza Bolivariana para los Pueblos de Nuestra Am\u00e9rica Tratado de &hellip; Presidente Maduro: El desarrollo econ\u00f3mico es tarea prioritaria del Alba en pro de los pueblosRead more","og_url":"https:\/\/www.mpppst.gob.ve\/mpppstweb\/index.php\/2016\/12\/15\/presidente-maduro-el-desarrollo-economico-es-tarea-prioritaria-del-alba-en-pro-de-los-pueblos\/","og_site_name":"MPPPST","article_published_time":"2016-12-15T13:05:08+00:00","og_image":[{"width":800,"height":445,"url":"https:\/\/www.mpppst.gob.ve\/mpppstweb\/wp-content\/uploads\/2016\/12\/MAduro.jpg","type":"image\/jpeg"}],"author":"MPPPST Prensa","twitter_card":"summary_large_image","twitter_misc":{"Escrito por":"MPPPST Prensa","Tiempo de lectura":"2 minutos"},"schema":{"@context":"https:\/\/schema.org","@graph":[{"@type":"Article","@id":"https:\/\/www.mpppst.gob.ve\/mpppstweb\/index.php\/2016\/12\/15\/presidente-maduro-el-desarrollo-economico-es-tarea-prioritaria-del-alba-en-pro-de-los-pueblos\/#article","isPartOf":{"@id":"https:\/\/www.mpppst.gob.ve\/mpppstweb\/index.php\/2016\/12\/15\/presidente-maduro-el-desarrollo-economico-es-tarea-prioritaria-del-alba-en-pro-de-los-pueblos\/"},"author":{"name":"MPPPST Prensa","@id":"https:\/\/www.mpppst.gob.ve\/mpppstweb\/#\/schema\/person\/fc187ee8ead412bd4c9304b62f900ea4"},"headline":"Presidente Maduro: El desarrollo econ\u00f3mico es tarea prioritaria del Alba en pro de los pueblos","datePublished":"2016-12-15T13:05:08+00:00","dateModified":"2016-12-15T13:05:08+00:00","mainEntityOfPage":{"@id":"https:\/\/www.mpppst.gob.ve\/mpppstweb\/index.php\/2016\/12\/15\/presidente-maduro-el-desarrollo-economico-es-tarea-prioritaria-del-alba-en-pro-de-los-pueblos\/"},"wordCount":456,"publisher":{"@id":"https:\/\/www.mpppst.gob.ve\/mpppstweb\/#organization"},"image":{"@id":"https:\/\/www.mpppst.gob.ve\/mpppstweb\/index.php\/2016\/12\/15\/presidente-maduro-el-desarrollo-economico-es-tarea-prioritaria-del-alba-en-pro-de-los-pueblos\/#primaryimage"},"thumbnailUrl":"https:\/\/www.mpppst.gob.ve\/mpppstweb\/wp-content\/uploads\/2016\/12\/MAduro.jpg","keywords":["Gobierno Bolivariano","internacionales"],"articleSection":["Gobierno Nacional","Internacionales","Noticias"],"inLanguage":"es"},{"@type":"WebPage","@id":"https:\/\/www.mpppst.gob.ve\/mpppstweb\/index.php\/2016\/12\/15\/presidente-maduro-el-desarrollo-economico-es-tarea-prioritaria-del-alba-en-pro-de-los-pueblos\/","url":"https:\/\/www.mpppst.gob.ve\/mpppstweb\/index.php\/2016\/12\/15\/presidente-maduro-el-desarrollo-economico-es-tarea-prioritaria-del-alba-en-pro-de-los-pueblos\/","name":"Presidente Maduro: El desarrollo econ\u00f3mico es tarea prioritaria del Alba en pro de los pueblos - MPPPST","isPartOf":{"@id":"https:\/\/www.mpppst.gob.ve\/mpppstweb\/#website"},"primaryImageOfPage":{"@id":"https:\/\/www.mpppst.gob.ve\/mpppstweb\/index.php\/2016\/12\/15\/presidente-maduro-el-desarrollo-economico-es-tarea-prioritaria-del-alba-en-pro-de-los-pueblos\/#primaryimage"},"image":{"@id":"https:\/\/www.mpppst.gob.ve\/mpppstweb\/index.php\/2016\/12\/15\/presidente-maduro-el-desarrollo-economico-es-tarea-prioritaria-del-alba-en-pro-de-los-pueblos\/#primaryimage"},"thumbnailUrl":"https:\/\/www.mpppst.gob.ve\/mpppstweb\/wp-content\/uploads\/2016\/12\/MAduro.jpg","datePublished":"2016-12-15T13:05:08+00:00","dateModified":"2016-12-15T13:05:08+00:00","breadcrumb":{"@id":"https:\/\/www.mpppst.gob.ve\/mpppstweb\/index.php\/2016\/12\/15\/presidente-maduro-el-desarrollo-economico-es-tarea-prioritaria-del-alba-en-pro-de-los-pueblos\/#breadcrumb"},"inLanguage":"es","potentialAction":[{"@type":"ReadAction","target":["https:\/\/www.mpppst.gob.ve\/mpppstweb\/index.php\/2016\/12\/15\/presidente-maduro-el-desarrollo-economico-es-tarea-prioritaria-del-alba-en-pro-de-los-pueblos\/"]}]},{"@type":"ImageObject","inLanguage":"es","@id":"https:\/\/www.mpppst.gob.ve\/mpppstweb\/index.php\/2016\/12\/15\/presidente-maduro-el-desarrollo-economico-es-tarea-prioritaria-del-alba-en-pro-de-los-pueblos\/#primaryimage","url":"https:\/\/www.mpppst.gob.ve\/mpppstweb\/wp-content\/uploads\/2016\/12\/MAduro.jpg","contentUrl":"https:\/\/www.mpppst.gob.ve\/mpppstweb\/wp-content\/uploads\/2016\/12\/MAduro.jpg","width":800,"height":445},{"@type":"BreadcrumbList","@id":"https:\/\/www.mpppst.gob.ve\/mpppstweb\/index.php\/2016\/12\/15\/presidente-maduro-el-desarrollo-economico-es-tarea-prioritaria-del-alba-en-pro-de-los-pueblos\/#breadcrumb","itemListElement":[{"@type":"ListItem","position":1,"name":"Home","item":"https:\/\/www.mpppst.gob.ve\/mpppstweb\/"},{"@type":"ListItem","position":2,"name":"Presidente Maduro: El desarrollo econ\u00f3mico es tarea prioritaria del Alba en pro de los pueblos"}]},{"@type":"WebSite","@id":"https:\/\/www.mpppst.gob.ve\/mpppstweb\/#website","url":"https:\/\/www.mpppst.gob.ve\/mpppstweb\/","name":"MPPPST","description":"Ministerio del Poder Popular para el Proceso Social de Trabajo","publisher":{"@id":"https:\/\/www.mpppst.gob.ve\/mpppstweb\/#organization"},"potentialAction":[{"@type":"SearchAction","target":{"@type":"EntryPoint","urlTemplate":"https:\/\/www.mpppst.gob.ve\/mpppstweb\/?s={search_term_string}"},"query-input":"required name=search_term_string"}],"inLanguage":"es"},{"@type":"Organization","@id":"https:\/\/www.mpppst.gob.ve\/mpppstweb\/#organization","name":"mpppst","url":"https:\/\/www.mpppst.gob.ve\/mpppstweb\/","logo":{"@type":"ImageObject","inLanguage":"es","@id":"https:\/\/www.mpppst.gob.ve\/mpppstweb\/#\/schema\/logo\/image\/","url":"https:\/\/www.mpppst.gob.ve\/mpppstweb\/wp-content\/uploads\/2025\/07\/cropped-cropped-g910.png","contentUrl":"https:\/\/www.mpppst.gob.ve\/mpppstweb\/wp-content\/uploads\/2025\/07\/cropped-cropped-g910.png","width":1080,"height":241,"caption":"mpppst"},"image":{"@id":"https:\/\/www.mpppst.gob.ve\/mpppstweb\/#\/schema\/logo\/image\/"}},{"@type":"Person","@id":"https:\/\/www.mpppst.gob.ve\/mpppstweb\/#\/schema\/person\/fc187ee8ead412bd4c9304b62f900ea4","name":"MPPPST Prensa","url":"https:\/\/www.mpppst.gob.ve\/mpppstweb\/index.php\/author\/prensa-mpppst\/"}]}},"_links":{"self":[{"href":"https:\/\/www.mpppst.gob.ve\/mpppstweb\/index.php\/wp-json\/wp\/v2\/posts\/9732"}],"collection":[{"href":"https:\/\/www.mpppst.gob.ve\/mpppstweb\/index.php\/wp-json\/wp\/v2\/posts"}],"about":[{"href":"https:\/\/www.mpppst.gob.ve\/mpppstweb\/index.php\/wp-json\/wp\/v2\/types\/post"}],"author":[{"embeddable":true,"href":"https:\/\/www.mpppst.gob.ve\/mpppstweb\/index.php\/wp-json\/wp\/v2\/users\/25"}],"replies":[{"embeddable":true,"href":"https:\/\/www.mpppst.gob.ve\/mpppstweb\/index.php\/wp-json\/wp\/v2\/comments?post=9732"}],"version-history":[{"count":1,"href":"https:\/\/www.mpppst.gob.ve\/mpppstweb\/index.php\/wp-json\/wp\/v2\/posts\/9732\/revisions"}],"predecessor-version":[{"id":9734,"href":"https:\/\/www.mpppst.gob.ve\/mpppstweb\/index.php\/wp-json\/wp\/v2\/posts\/9732\/revisions\/9734"}],"wp:featuredmedia":[{"embeddable":true,"href":"https:\/\/www.mpppst.gob.ve\/mpppstweb\/index.php\/wp-json\/wp\/v2\/media\/9733"}],"wp:attachment":[{"href":"https:\/\/www.mpppst.gob.ve\/mpppstweb\/index.php\/wp-json\/wp\/v2\/media?parent=9732"}],"wp:term":[{"taxonomy":"category","embeddable":true,"href":"https:\/\/www.mpppst.gob.ve\/mpppstweb\/index.php\/wp-json\/wp\/v2\/categories?post=9732"},{"taxonomy":"post_tag","embeddable":true,"href":"https:\/\/www.mpppst.gob.ve\/mpppstweb\/index.php\/wp-json\/wp\/v2\/tags?post=9732"}],"curies":[{"name":"wp","href":"https:\/\/api.w.org\/{rel}","templated":true}]}}