{"id":9749,"date":"2016-12-16T14:15:35","date_gmt":"2016-12-16T14:15:35","guid":{"rendered":"http:\/\/www.mpppst.gob.ve\/mpppstweb\/?p=9749"},"modified":"2016-12-16T14:15:35","modified_gmt":"2016-12-16T14:15:35","slug":"constitucion-bolivariana-es-la-mas-democratica-de-la-historia-venezolana","status":"publish","type":"post","link":"https:\/\/www.mpppst.gob.ve\/mpppstweb\/index.php\/2016\/12\/16\/constitucion-bolivariana-es-la-mas-democratica-de-la-historia-venezolana\/","title":{"rendered":"Constituci\u00f3n Bolivariana es la m\u00e1s democr\u00e1tica de la historia venezolana"},"content":{"rendered":"<div class=\"field field-name-field-cr-dito-de-la-noticia field-type-text field-label-hidden\">\n<div class=\"field-items\">\n<div class=\"field-item even\">YVKE Mundial<\/div>\n<\/div>\n<\/div>\n<div class=\"field field-name-body field-type-text-with-summary field-label-hidden\">\n<div class=\"field-items\">\n<div class=\"field-item even\">\n<p class=\"rtejustify\">El vicepresidente de la Rep\u00fablica, <strong>Arist\u00f3bulo Ist\u00fariz<\/strong>, destac\u00f3 este jueves que <strong>Venezuela<\/strong> cuenta con la constituci\u00f3n m\u00e1s democr\u00e1tica que se ha conocido en todo su historia, tanto por el contenido de la misma, como por la forma en la que se elabor\u00f3.<\/p>\n<p class=\"rtejustify\">Desde la <strong>plaza Bol\u00edvar, en Caraca<\/strong>s, donde se desarrollaron los actos conmemorativos de los 17 aniversarios de la Constituci\u00f3n impulsada por el presidente Hugo Ch\u00e1vez y el pueblo venezolano en el a\u00f1o 1999, el Vicepresidente rememor\u00f3 los deseos del comandante Ch\u00e1vez en desarrollar una<strong>Asamblea Nacional Constituyente para lograr cambiar el modelo neoliberal instaurado por la IV Rep\u00fablica.<\/strong><\/p>\n<p class=\"rtejustify\">Detallando el fervor que pose\u00eda el pueblo venezolano al respecto, \u201c<strong>Se utilizaron los m\u00e9todos de consulta m\u00e1s sofisticados para que el pueblo diera su opini\u00f3n (\u2026) todos los debates se transmitieron por televisi\u00f3n y por radio, el pueblo estaba inmerso dentro de los debates de la constituyente\u201d.<\/strong><\/p>\n<p class=\"rtejustify\">Ist\u00fariz manifest\u00f3 que la Carta Magna representa un programa de pa\u00eds, instando en ese sentido a su defensa, \u201c<strong>no se debe permitir que se convierta en letra muerta (\u2026) es el proyecto pol\u00edtico de Venezuela, es la regla del juego para vivir en coexistencia\u201d,<\/strong> a\u00f1adi\u00f3.<\/p>\n<p class=\"rtejustify\">Del mismo modo, expres\u00f3 su dicha y honra por la ministra de Relaciones Exteriores, <strong>Delcy Rodr\u00edguez<\/strong>al enfrentar los actos fascistas que se desarrollaron este mi\u00e9rcoles en la Rep\u00fablica de Argentina, \u00a0<strong>\u201ces un orgullo tenerla como Canciller\u201d,<\/strong>\u00a0agreg\u00f3.<\/p>\n<\/div>\n<\/div>\n<\/div>\n","protected":false},"excerpt":{"rendered":"<p>YVKE Mundial El vicepresidente de la Rep\u00fablica, Arist\u00f3bulo Ist\u00fariz, destac\u00f3 este jueves que Venezuela cuenta con &hellip; <a title=\"Constituci\u00f3n Bolivariana es la m\u00e1s democr\u00e1tica de la historia venezolana\" class=\"hm-read-more\" href=\"https:\/\/www.mpppst.gob.ve\/mpppstweb\/index.php\/2016\/12\/16\/constitucion-bolivariana-es-la-mas-democratica-de-la-historia-venezolana\/\"><span class=\"screen-reader-text\">Constituci\u00f3n Bolivariana es la m\u00e1s democr\u00e1tica de la historia venezolana<\/span>Read more<\/a><\/p>\n","protected":false},"author":25,"featured_media":9750,"comment_status":"closed","ping_status":"closed","sticky":false,"template":"","format":"standard","meta":{"footnotes":""},"categories":[82,163],"tags":[222],"yoast_head":"<!-- This site is optimized with the Yoast SEO plugin v22.5 - https:\/\/yoast.com\/wordpress\/plugins\/seo\/ -->\n<title>Constituci\u00f3n Bolivariana es la m\u00e1s democr\u00e1tica de la historia venezolana - MPPPST<\/title>\n<meta name=\"robots\" content=\"index, follow, max-snippet:-1, max-image-preview:large, max-video-preview:-1\" \/>\n<link rel=\"canonical\" href=\"https:\/\/www.mpppst.gob.ve\/mpppstweb\/index.php\/2016\/12\/16\/constitucion-bolivariana-es-la-mas-democratica-de-la-historia-venezolana\/\" \/>\n<meta property=\"og:locale\" content=\"es_ES\" \/>\n<meta property=\"og:type\" content=\"article\" \/>\n<meta property=\"og:title\" content=\"Constituci\u00f3n Bolivariana es la m\u00e1s democr\u00e1tica de la historia venezolana - MPPPST\" \/>\n<meta property=\"og:description\" content=\"YVKE Mundial El vicepresidente de la Rep\u00fablica, Arist\u00f3bulo Ist\u00fariz, destac\u00f3 este jueves que Venezuela cuenta con &hellip; Constituci\u00f3n Bolivariana es la m\u00e1s democr\u00e1tica de la historia venezolanaRead more\" \/>\n<meta property=\"og:url\" content=\"https:\/\/www.mpppst.gob.ve\/mpppstweb\/index.php\/2016\/12\/16\/constitucion-bolivariana-es-la-mas-democratica-de-la-historia-venezolana\/\" \/>\n<meta property=\"og:site_name\" content=\"MPPPST\" \/>\n<meta property=\"article:published_time\" content=\"2016-12-16T14:15:35+00:00\" \/>\n<meta property=\"og:image\" content=\"https:\/\/www.mpppst.gob.ve\/mpppstweb\/wp-content\/uploads\/2016\/12\/Aristobulo.jpg\" \/>\n\t<meta property=\"og:image:width\" content=\"800\" \/>\n\t<meta property=\"og:image:height\" content=\"445\" \/>\n\t<meta property=\"og:image:type\" content=\"image\/jpeg\" \/>\n<meta name=\"author\" content=\"MPPPST Prensa\" \/>\n<meta name=\"twitter:card\" content=\"summary_large_image\" \/>\n<meta name=\"twitter:label1\" content=\"Escrito por\" \/>\n\t<meta name=\"twitter:data1\" content=\"MPPPST Prensa\" \/>\n\t<meta name=\"twitter:label2\" content=\"Tiempo de lectura\" \/>\n\t<meta name=\"twitter:data2\" content=\"1 minuto\" \/>\n<script type=\"application\/ld+json\" class=\"yoast-schema-graph\">{\"@context\":\"https:\/\/schema.org\",\"@graph\":[{\"@type\":\"Article\",\"@id\":\"https:\/\/www.mpppst.gob.ve\/mpppstweb\/index.php\/2016\/12\/16\/constitucion-bolivariana-es-la-mas-democratica-de-la-historia-venezolana\/#article\",\"isPartOf\":{\"@id\":\"https:\/\/www.mpppst.gob.ve\/mpppstweb\/index.php\/2016\/12\/16\/constitucion-bolivariana-es-la-mas-democratica-de-la-historia-venezolana\/\"},\"author\":{\"name\":\"MPPPST Prensa\",\"@id\":\"https:\/\/www.mpppst.gob.ve\/mpppstweb\/#\/schema\/person\/fc187ee8ead412bd4c9304b62f900ea4\"},\"headline\":\"Constituci\u00f3n Bolivariana es la m\u00e1s democr\u00e1tica de la historia venezolana\",\"datePublished\":\"2016-12-16T14:15:35+00:00\",\"dateModified\":\"2016-12-16T14:15:35+00:00\",\"mainEntityOfPage\":{\"@id\":\"https:\/\/www.mpppst.gob.ve\/mpppstweb\/index.php\/2016\/12\/16\/constitucion-bolivariana-es-la-mas-democratica-de-la-historia-venezolana\/\"},\"wordCount\":263,\"publisher\":{\"@id\":\"https:\/\/www.mpppst.gob.ve\/mpppstweb\/#organization\"},\"image\":{\"@id\":\"https:\/\/www.mpppst.gob.ve\/mpppstweb\/index.php\/2016\/12\/16\/constitucion-bolivariana-es-la-mas-democratica-de-la-historia-venezolana\/#primaryimage\"},\"thumbnailUrl\":\"https:\/\/www.mpppst.gob.ve\/mpppstweb\/wp-content\/uploads\/2016\/12\/Aristobulo.jpg\",\"keywords\":[\"Gobierno Bolivariano\"],\"articleSection\":[\"Gobierno Nacional\",\"Noticias\"],\"inLanguage\":\"es\"},{\"@type\":\"WebPage\",\"@id\":\"https:\/\/www.mpppst.gob.ve\/mpppstweb\/index.php\/2016\/12\/16\/constitucion-bolivariana-es-la-mas-democratica-de-la-historia-venezolana\/\",\"url\":\"https:\/\/www.mpppst.gob.ve\/mpppstweb\/index.php\/2016\/12\/16\/constitucion-bolivariana-es-la-mas-democratica-de-la-historia-venezolana\/\",\"name\":\"Constituci\u00f3n Bolivariana es la m\u00e1s democr\u00e1tica de la historia venezolana - MPPPST\",\"isPartOf\":{\"@id\":\"https:\/\/www.mpppst.gob.ve\/mpppstweb\/#website\"},\"primaryImageOfPage\":{\"@id\":\"https:\/\/www.mpppst.gob.ve\/mpppstweb\/index.php\/2016\/12\/16\/constitucion-bolivariana-es-la-mas-democratica-de-la-historia-venezolana\/#primaryimage\"},\"image\":{\"@id\":\"https:\/\/www.mpppst.gob.ve\/mpppstweb\/index.php\/2016\/12\/16\/constitucion-bolivariana-es-la-mas-democratica-de-la-historia-venezolana\/#primaryimage\"},\"thumbnailUrl\":\"https:\/\/www.mpppst.gob.ve\/mpppstweb\/wp-content\/uploads\/2016\/12\/Aristobulo.jpg\",\"datePublished\":\"2016-12-16T14:15:35+00:00\",\"dateModified\":\"2016-12-16T14:15:35+00:00\",\"breadcrumb\":{\"@id\":\"https:\/\/www.mpppst.gob.ve\/mpppstweb\/index.php\/2016\/12\/16\/constitucion-bolivariana-es-la-mas-democratica-de-la-historia-venezolana\/#breadcrumb\"},\"inLanguage\":\"es\",\"potentialAction\":[{\"@type\":\"ReadAction\",\"target\":[\"https:\/\/www.mpppst.gob.ve\/mpppstweb\/index.php\/2016\/12\/16\/constitucion-bolivariana-es-la-mas-democratica-de-la-historia-venezolana\/\"]}]},{\"@type\":\"ImageObject\",\"inLanguage\":\"es\",\"@id\":\"https:\/\/www.mpppst.gob.ve\/mpppstweb\/index.php\/2016\/12\/16\/constitucion-bolivariana-es-la-mas-democratica-de-la-historia-venezolana\/#primaryimage\",\"url\":\"https:\/\/www.mpppst.gob.ve\/mpppstweb\/wp-content\/uploads\/2016\/12\/Aristobulo.jpg\",\"contentUrl\":\"https:\/\/www.mpppst.gob.ve\/mpppstweb\/wp-content\/uploads\/2016\/12\/Aristobulo.jpg\",\"width\":800,\"height\":445},{\"@type\":\"BreadcrumbList\",\"@id\":\"https:\/\/www.mpppst.gob.ve\/mpppstweb\/index.php\/2016\/12\/16\/constitucion-bolivariana-es-la-mas-democratica-de-la-historia-venezolana\/#breadcrumb\",\"itemListElement\":[{\"@type\":\"ListItem\",\"position\":1,\"name\":\"Home\",\"item\":\"https:\/\/www.mpppst.gob.ve\/mpppstweb\/\"},{\"@type\":\"ListItem\",\"position\":2,\"name\":\"Constituci\u00f3n Bolivariana es la m\u00e1s democr\u00e1tica de la historia venezolana\"}]},{\"@type\":\"WebSite\",\"@id\":\"https:\/\/www.mpppst.gob.ve\/mpppstweb\/#website\",\"url\":\"https:\/\/www.mpppst.gob.ve\/mpppstweb\/\",\"name\":\"MPPPST\",\"description\":\"Ministerio del Poder Popular para el Proceso Social de Trabajo\",\"publisher\":{\"@id\":\"https:\/\/www.mpppst.gob.ve\/mpppstweb\/#organization\"},\"potentialAction\":[{\"@type\":\"SearchAction\",\"target\":{\"@type\":\"EntryPoint\",\"urlTemplate\":\"https:\/\/www.mpppst.gob.ve\/mpppstweb\/?s={search_term_string}\"},\"query-input\":\"required name=search_term_string\"}],\"inLanguage\":\"es\"},{\"@type\":\"Organization\",\"@id\":\"https:\/\/www.mpppst.gob.ve\/mpppstweb\/#organization\",\"name\":\"mpppst\",\"url\":\"https:\/\/www.mpppst.gob.ve\/mpppstweb\/\",\"logo\":{\"@type\":\"ImageObject\",\"inLanguage\":\"es\",\"@id\":\"https:\/\/www.mpppst.gob.ve\/mpppstweb\/#\/schema\/logo\/image\/\",\"url\":\"https:\/\/www.mpppst.gob.ve\/mpppstweb\/wp-content\/uploads\/2025\/07\/cropped-cropped-g910.png\",\"contentUrl\":\"https:\/\/www.mpppst.gob.ve\/mpppstweb\/wp-content\/uploads\/2025\/07\/cropped-cropped-g910.png\",\"width\":1080,\"height\":241,\"caption\":\"mpppst\"},\"image\":{\"@id\":\"https:\/\/www.mpppst.gob.ve\/mpppstweb\/#\/schema\/logo\/image\/\"}},{\"@type\":\"Person\",\"@id\":\"https:\/\/www.mpppst.gob.ve\/mpppstweb\/#\/schema\/person\/fc187ee8ead412bd4c9304b62f900ea4\",\"name\":\"MPPPST Prensa\",\"url\":\"https:\/\/www.mpppst.gob.ve\/mpppstweb\/index.php\/author\/prensa-mpppst\/\"}]}<\/script>\n<!-- \/ Yoast SEO plugin. -->","yoast_head_json":{"title":"Constituci\u00f3n Bolivariana es la m\u00e1s democr\u00e1tica de la historia venezolana - MPPPST","robots":{"index":"index","follow":"follow","max-snippet":"max-snippet:-1","max-image-preview":"max-image-preview:large","max-video-preview":"max-video-preview:-1"},"canonical":"https:\/\/www.mpppst.gob.ve\/mpppstweb\/index.php\/2016\/12\/16\/constitucion-bolivariana-es-la-mas-democratica-de-la-historia-venezolana\/","og_locale":"es_ES","og_type":"article","og_title":"Constituci\u00f3n Bolivariana es la m\u00e1s democr\u00e1tica de la historia venezolana - MPPPST","og_description":"YVKE Mundial El vicepresidente de la Rep\u00fablica, Arist\u00f3bulo Ist\u00fariz, destac\u00f3 este jueves que Venezuela cuenta con &hellip; Constituci\u00f3n Bolivariana es la m\u00e1s democr\u00e1tica de la historia venezolanaRead more","og_url":"https:\/\/www.mpppst.gob.ve\/mpppstweb\/index.php\/2016\/12\/16\/constitucion-bolivariana-es-la-mas-democratica-de-la-historia-venezolana\/","og_site_name":"MPPPST","article_published_time":"2016-12-16T14:15:35+00:00","og_image":[{"width":800,"height":445,"url":"https:\/\/www.mpppst.gob.ve\/mpppstweb\/wp-content\/uploads\/2016\/12\/Aristobulo.jpg","type":"image\/jpeg"}],"author":"MPPPST Prensa","twitter_card":"summary_large_image","twitter_misc":{"Escrito por":"MPPPST Prensa","Tiempo de lectura":"1 minuto"},"schema":{"@context":"https:\/\/schema.org","@graph":[{"@type":"Article","@id":"https:\/\/www.mpppst.gob.ve\/mpppstweb\/index.php\/2016\/12\/16\/constitucion-bolivariana-es-la-mas-democratica-de-la-historia-venezolana\/#article","isPartOf":{"@id":"https:\/\/www.mpppst.gob.ve\/mpppstweb\/index.php\/2016\/12\/16\/constitucion-bolivariana-es-la-mas-democratica-de-la-historia-venezolana\/"},"author":{"name":"MPPPST Prensa","@id":"https:\/\/www.mpppst.gob.ve\/mpppstweb\/#\/schema\/person\/fc187ee8ead412bd4c9304b62f900ea4"},"headline":"Constituci\u00f3n Bolivariana es la m\u00e1s democr\u00e1tica de la historia venezolana","datePublished":"2016-12-16T14:15:35+00:00","dateModified":"2016-12-16T14:15:35+00:00","mainEntityOfPage":{"@id":"https:\/\/www.mpppst.gob.ve\/mpppstweb\/index.php\/2016\/12\/16\/constitucion-bolivariana-es-la-mas-democratica-de-la-historia-venezolana\/"},"wordCount":263,"publisher":{"@id":"https:\/\/www.mpppst.gob.ve\/mpppstweb\/#organization"},"image":{"@id":"https:\/\/www.mpppst.gob.ve\/mpppstweb\/index.php\/2016\/12\/16\/constitucion-bolivariana-es-la-mas-democratica-de-la-historia-venezolana\/#primaryimage"},"thumbnailUrl":"https:\/\/www.mpppst.gob.ve\/mpppstweb\/wp-content\/uploads\/2016\/12\/Aristobulo.jpg","keywords":["Gobierno Bolivariano"],"articleSection":["Gobierno Nacional","Noticias"],"inLanguage":"es"},{"@type":"WebPage","@id":"https:\/\/www.mpppst.gob.ve\/mpppstweb\/index.php\/2016\/12\/16\/constitucion-bolivariana-es-la-mas-democratica-de-la-historia-venezolana\/","url":"https:\/\/www.mpppst.gob.ve\/mpppstweb\/index.php\/2016\/12\/16\/constitucion-bolivariana-es-la-mas-democratica-de-la-historia-venezolana\/","name":"Constituci\u00f3n Bolivariana es la m\u00e1s democr\u00e1tica de la historia venezolana - MPPPST","isPartOf":{"@id":"https:\/\/www.mpppst.gob.ve\/mpppstweb\/#website"},"primaryImageOfPage":{"@id":"https:\/\/www.mpppst.gob.ve\/mpppstweb\/index.php\/2016\/12\/16\/constitucion-bolivariana-es-la-mas-democratica-de-la-historia-venezolana\/#primaryimage"},"image":{"@id":"https:\/\/www.mpppst.gob.ve\/mpppstweb\/index.php\/2016\/12\/16\/constitucion-bolivariana-es-la-mas-democratica-de-la-historia-venezolana\/#primaryimage"},"thumbnailUrl":"https:\/\/www.mpppst.gob.ve\/mpppstweb\/wp-content\/uploads\/2016\/12\/Aristobulo.jpg","datePublished":"2016-12-16T14:15:35+00:00","dateModified":"2016-12-16T14:15:35+00:00","breadcrumb":{"@id":"https:\/\/www.mpppst.gob.ve\/mpppstweb\/index.php\/2016\/12\/16\/constitucion-bolivariana-es-la-mas-democratica-de-la-historia-venezolana\/#breadcrumb"},"inLanguage":"es","potentialAction":[{"@type":"ReadAction","target":["https:\/\/www.mpppst.gob.ve\/mpppstweb\/index.php\/2016\/12\/16\/constitucion-bolivariana-es-la-mas-democratica-de-la-historia-venezolana\/"]}]},{"@type":"ImageObject","inLanguage":"es","@id":"https:\/\/www.mpppst.gob.ve\/mpppstweb\/index.php\/2016\/12\/16\/constitucion-bolivariana-es-la-mas-democratica-de-la-historia-venezolana\/#primaryimage","url":"https:\/\/www.mpppst.gob.ve\/mpppstweb\/wp-content\/uploads\/2016\/12\/Aristobulo.jpg","contentUrl":"https:\/\/www.mpppst.gob.ve\/mpppstweb\/wp-content\/uploads\/2016\/12\/Aristobulo.jpg","width":800,"height":445},{"@type":"BreadcrumbList","@id":"https:\/\/www.mpppst.gob.ve\/mpppstweb\/index.php\/2016\/12\/16\/constitucion-bolivariana-es-la-mas-democratica-de-la-historia-venezolana\/#breadcrumb","itemListElement":[{"@type":"ListItem","position":1,"name":"Home","item":"https:\/\/www.mpppst.gob.ve\/mpppstweb\/"},{"@type":"ListItem","position":2,"name":"Constituci\u00f3n Bolivariana es la m\u00e1s democr\u00e1tica de la historia venezolana"}]},{"@type":"WebSite","@id":"https:\/\/www.mpppst.gob.ve\/mpppstweb\/#website","url":"https:\/\/www.mpppst.gob.ve\/mpppstweb\/","name":"MPPPST","description":"Ministerio del Poder Popular para el Proceso Social de Trabajo","publisher":{"@id":"https:\/\/www.mpppst.gob.ve\/mpppstweb\/#organization"},"potentialAction":[{"@type":"SearchAction","target":{"@type":"EntryPoint","urlTemplate":"https:\/\/www.mpppst.gob.ve\/mpppstweb\/?s={search_term_string}"},"query-input":"required name=search_term_string"}],"inLanguage":"es"},{"@type":"Organization","@id":"https:\/\/www.mpppst.gob.ve\/mpppstweb\/#organization","name":"mpppst","url":"https:\/\/www.mpppst.gob.ve\/mpppstweb\/","logo":{"@type":"ImageObject","inLanguage":"es","@id":"https:\/\/www.mpppst.gob.ve\/mpppstweb\/#\/schema\/logo\/image\/","url":"https:\/\/www.mpppst.gob.ve\/mpppstweb\/wp-content\/uploads\/2025\/07\/cropped-cropped-g910.png","contentUrl":"https:\/\/www.mpppst.gob.ve\/mpppstweb\/wp-content\/uploads\/2025\/07\/cropped-cropped-g910.png","width":1080,"height":241,"caption":"mpppst"},"image":{"@id":"https:\/\/www.mpppst.gob.ve\/mpppstweb\/#\/schema\/logo\/image\/"}},{"@type":"Person","@id":"https:\/\/www.mpppst.gob.ve\/mpppstweb\/#\/schema\/person\/fc187ee8ead412bd4c9304b62f900ea4","name":"MPPPST Prensa","url":"https:\/\/www.mpppst.gob.ve\/mpppstweb\/index.php\/author\/prensa-mpppst\/"}]}},"_links":{"self":[{"href":"https:\/\/www.mpppst.gob.ve\/mpppstweb\/index.php\/wp-json\/wp\/v2\/posts\/9749"}],"collection":[{"href":"https:\/\/www.mpppst.gob.ve\/mpppstweb\/index.php\/wp-json\/wp\/v2\/posts"}],"about":[{"href":"https:\/\/www.mpppst.gob.ve\/mpppstweb\/index.php\/wp-json\/wp\/v2\/types\/post"}],"author":[{"embeddable":true,"href":"https:\/\/www.mpppst.gob.ve\/mpppstweb\/index.php\/wp-json\/wp\/v2\/users\/25"}],"replies":[{"embeddable":true,"href":"https:\/\/www.mpppst.gob.ve\/mpppstweb\/index.php\/wp-json\/wp\/v2\/comments?post=9749"}],"version-history":[{"count":1,"href":"https:\/\/www.mpppst.gob.ve\/mpppstweb\/index.php\/wp-json\/wp\/v2\/posts\/9749\/revisions"}],"predecessor-version":[{"id":9751,"href":"https:\/\/www.mpppst.gob.ve\/mpppstweb\/index.php\/wp-json\/wp\/v2\/posts\/9749\/revisions\/9751"}],"wp:featuredmedia":[{"embeddable":true,"href":"https:\/\/www.mpppst.gob.ve\/mpppstweb\/index.php\/wp-json\/wp\/v2\/media\/9750"}],"wp:attachment":[{"href":"https:\/\/www.mpppst.gob.ve\/mpppstweb\/index.php\/wp-json\/wp\/v2\/media?parent=9749"}],"wp:term":[{"taxonomy":"category","embeddable":true,"href":"https:\/\/www.mpppst.gob.ve\/mpppstweb\/index.php\/wp-json\/wp\/v2\/categories?post=9749"},{"taxonomy":"post_tag","embeddable":true,"href":"https:\/\/www.mpppst.gob.ve\/mpppstweb\/index.php\/wp-json\/wp\/v2\/tags?post=9749"}],"curies":[{"name":"wp","href":"https:\/\/api.w.org\/{rel}","templated":true}]}}