{"id":9752,"date":"2016-12-16T14:22:48","date_gmt":"2016-12-16T14:22:48","guid":{"rendered":"http:\/\/www.mpppst.gob.ve\/mpppstweb\/?p=9752"},"modified":"2016-12-16T14:22:48","modified_gmt":"2016-12-16T14:22:48","slug":"motores-productivos-guiaron-acciones-formativas-del-inces-durante-el-ano-2016","status":"publish","type":"post","link":"https:\/\/www.mpppst.gob.ve\/mpppstweb\/index.php\/2016\/12\/16\/motores-productivos-guiaron-acciones-formativas-del-inces-durante-el-ano-2016\/","title":{"rendered":"Motores productivos guiaron acciones formativas del Inces durante el a\u00f1o 2016"},"content":{"rendered":"<p lang=\"es-ES\" align=\"justify\">Prensa Inces<\/p>\n<p lang=\"es-ES\" align=\"justify\"><span lang=\"es-VE\">La formaci\u00f3n productiva articulada con la Agenda Bolivariana planteada por el presidente Nicol\u00e1s Maduro para el impulso de los motores de la econom\u00eda productiva, como respuesta a la cultura rent\u00edstica petrolera, fue la l\u00ednea de acci\u00f3n desarrollada por el Instituto Nacional de Capacitaci\u00f3n y Educaci\u00f3n Socialista (Inces), Gerencia Regional Barinas, durante el a\u00f1o 2016, indic\u00f3 la jefa de Formaci\u00f3n Profesional, Alba Vielma.<\/span><\/p>\n<p lang=\"es-ES\" align=\"justify\"><span lang=\"es-VE\">Inform\u00f3 que culminaron los procesos formativos correspondientes a este a\u00f1o, cumpliendo la meta planteada de 19.317 participantes formados. Las acciones formativas estuvieron vinculadas principalmente a los motores Agroalimentario, Industrial, Construcci\u00f3n, Turismo, Econom\u00eda Comunal, Social y Socialista, farmac\u00e9utico y forestal.<\/span><\/p>\n<p lang=\"es-ES\" align=\"justify\"><span lang=\"es-VE\">Igualmente se dio cumplimiento a los convenios y alianzas que articulan a la instituci\u00f3n con los programas y pol\u00edticas nacionales, entre estos, el Ministerio del Poder Popular para la Mujer, Ministerio del Poder Popular para la Agricultura Urbana, Ministerio del Popular para los Servicios Penitenciarios, Ministerio del Poder Popular para el Turismo, Misi\u00f3n Robinson y Misi\u00f3n Barrio Adentro, entre otros; explic\u00f3 Vielma.<\/span><\/p>\n<p lang=\"es-ES\" align=\"justify\">Destac\u00f3 la Jefa de Formaci\u00f3n que tambi\u00e9n se trabaj\u00f3, de manera significativa, en el acompa\u00f1amiento de los planes de autoformaci\u00f3n colectiva integral, continua y permanente en las entidades de trabajo, elaborados de manera protag\u00f3nica por la clase trabajadora para la estabilizaci\u00f3n de los procesos productivos, como el caso de Maquinar\u00edas Barinas, Venalcasa, Caaez, Planta Procesadora de Pulpa de Fruta El Centinela, Planta Procesadora de Ma\u00edz Leander, Planta Procesadora de Ma\u00edz La Veguita y F\u00e1brica de Tractores Venemink, entre otras.<\/p>\n","protected":false},"excerpt":{"rendered":"<p>Prensa Inces La formaci\u00f3n productiva articulada con la Agenda Bolivariana planteada por el presidente Nicol\u00e1s Maduro &hellip; <a title=\"Motores productivos guiaron acciones formativas del Inces durante el a\u00f1o 2016\" class=\"hm-read-more\" href=\"https:\/\/www.mpppst.gob.ve\/mpppstweb\/index.php\/2016\/12\/16\/motores-productivos-guiaron-acciones-formativas-del-inces-durante-el-ano-2016\/\"><span class=\"screen-reader-text\">Motores productivos guiaron acciones formativas del Inces durante el a\u00f1o 2016<\/span>Read more<\/a><\/p>\n","protected":false},"author":25,"featured_media":9753,"comment_status":"closed","ping_status":"closed","sticky":false,"template":"","format":"standard","meta":{"footnotes":""},"categories":[239,255,163],"tags":[243,223],"yoast_head":"<!-- This site is optimized with the Yoast SEO plugin v22.5 - https:\/\/yoast.com\/wordpress\/plugins\/seo\/ -->\n<title>Motores productivos guiaron acciones formativas del Inces durante el a\u00f1o 2016 - MPPPST<\/title>\n<meta name=\"robots\" content=\"index, follow, max-snippet:-1, max-image-preview:large, max-video-preview:-1\" \/>\n<link rel=\"canonical\" href=\"https:\/\/www.mpppst.gob.ve\/mpppstweb\/index.php\/2016\/12\/16\/motores-productivos-guiaron-acciones-formativas-del-inces-durante-el-ano-2016\/\" \/>\n<meta property=\"og:locale\" content=\"es_ES\" \/>\n<meta property=\"og:type\" content=\"article\" \/>\n<meta property=\"og:title\" content=\"Motores productivos guiaron acciones formativas del Inces durante el a\u00f1o 2016 - MPPPST\" \/>\n<meta property=\"og:description\" content=\"Prensa Inces La formaci\u00f3n productiva articulada con la Agenda Bolivariana planteada por el presidente Nicol\u00e1s Maduro &hellip; Motores productivos guiaron acciones formativas del Inces durante el a\u00f1o 2016Read more\" \/>\n<meta property=\"og:url\" content=\"https:\/\/www.mpppst.gob.ve\/mpppstweb\/index.php\/2016\/12\/16\/motores-productivos-guiaron-acciones-formativas-del-inces-durante-el-ano-2016\/\" \/>\n<meta property=\"og:site_name\" content=\"MPPPST\" \/>\n<meta property=\"article:published_time\" content=\"2016-12-16T14:22:48+00:00\" \/>\n<meta property=\"og:image\" content=\"https:\/\/www.mpppst.gob.ve\/mpppstweb\/wp-content\/uploads\/2016\/12\/2526_1motores.png\" \/>\n\t<meta property=\"og:image:width\" content=\"800\" \/>\n\t<meta property=\"og:image:height\" content=\"445\" \/>\n\t<meta property=\"og:image:type\" content=\"image\/png\" \/>\n<meta name=\"author\" content=\"MPPPST Prensa\" \/>\n<meta name=\"twitter:card\" content=\"summary_large_image\" \/>\n<meta name=\"twitter:label1\" content=\"Escrito por\" \/>\n\t<meta name=\"twitter:data1\" content=\"MPPPST Prensa\" \/>\n\t<meta name=\"twitter:label2\" content=\"Tiempo de lectura\" \/>\n\t<meta name=\"twitter:data2\" content=\"1 minuto\" \/>\n<script type=\"application\/ld+json\" class=\"yoast-schema-graph\">{\"@context\":\"https:\/\/schema.org\",\"@graph\":[{\"@type\":\"Article\",\"@id\":\"https:\/\/www.mpppst.gob.ve\/mpppstweb\/index.php\/2016\/12\/16\/motores-productivos-guiaron-acciones-formativas-del-inces-durante-el-ano-2016\/#article\",\"isPartOf\":{\"@id\":\"https:\/\/www.mpppst.gob.ve\/mpppstweb\/index.php\/2016\/12\/16\/motores-productivos-guiaron-acciones-formativas-del-inces-durante-el-ano-2016\/\"},\"author\":{\"name\":\"MPPPST Prensa\",\"@id\":\"https:\/\/www.mpppst.gob.ve\/mpppstweb\/#\/schema\/person\/fc187ee8ead412bd4c9304b62f900ea4\"},\"headline\":\"Motores productivos guiaron acciones formativas del Inces durante el a\u00f1o 2016\",\"datePublished\":\"2016-12-16T14:22:48+00:00\",\"dateModified\":\"2016-12-16T14:22:48+00:00\",\"mainEntityOfPage\":{\"@id\":\"https:\/\/www.mpppst.gob.ve\/mpppstweb\/index.php\/2016\/12\/16\/motores-productivos-guiaron-acciones-formativas-del-inces-durante-el-ano-2016\/\"},\"wordCount\":281,\"publisher\":{\"@id\":\"https:\/\/www.mpppst.gob.ve\/mpppstweb\/#organization\"},\"image\":{\"@id\":\"https:\/\/www.mpppst.gob.ve\/mpppstweb\/index.php\/2016\/12\/16\/motores-productivos-guiaron-acciones-formativas-del-inces-durante-el-ano-2016\/#primaryimage\"},\"thumbnailUrl\":\"https:\/\/www.mpppst.gob.ve\/mpppstweb\/wp-content\/uploads\/2016\/12\/2526_1motores.png\",\"keywords\":[\"INCES\",\"MPPPST\"],\"articleSection\":[\"Entes adscritos\",\"INCES\",\"Noticias\"],\"inLanguage\":\"es\"},{\"@type\":\"WebPage\",\"@id\":\"https:\/\/www.mpppst.gob.ve\/mpppstweb\/index.php\/2016\/12\/16\/motores-productivos-guiaron-acciones-formativas-del-inces-durante-el-ano-2016\/\",\"url\":\"https:\/\/www.mpppst.gob.ve\/mpppstweb\/index.php\/2016\/12\/16\/motores-productivos-guiaron-acciones-formativas-del-inces-durante-el-ano-2016\/\",\"name\":\"Motores productivos guiaron acciones formativas del Inces durante el a\u00f1o 2016 - MPPPST\",\"isPartOf\":{\"@id\":\"https:\/\/www.mpppst.gob.ve\/mpppstweb\/#website\"},\"primaryImageOfPage\":{\"@id\":\"https:\/\/www.mpppst.gob.ve\/mpppstweb\/index.php\/2016\/12\/16\/motores-productivos-guiaron-acciones-formativas-del-inces-durante-el-ano-2016\/#primaryimage\"},\"image\":{\"@id\":\"https:\/\/www.mpppst.gob.ve\/mpppstweb\/index.php\/2016\/12\/16\/motores-productivos-guiaron-acciones-formativas-del-inces-durante-el-ano-2016\/#primaryimage\"},\"thumbnailUrl\":\"https:\/\/www.mpppst.gob.ve\/mpppstweb\/wp-content\/uploads\/2016\/12\/2526_1motores.png\",\"datePublished\":\"2016-12-16T14:22:48+00:00\",\"dateModified\":\"2016-12-16T14:22:48+00:00\",\"breadcrumb\":{\"@id\":\"https:\/\/www.mpppst.gob.ve\/mpppstweb\/index.php\/2016\/12\/16\/motores-productivos-guiaron-acciones-formativas-del-inces-durante-el-ano-2016\/#breadcrumb\"},\"inLanguage\":\"es\",\"potentialAction\":[{\"@type\":\"ReadAction\",\"target\":[\"https:\/\/www.mpppst.gob.ve\/mpppstweb\/index.php\/2016\/12\/16\/motores-productivos-guiaron-acciones-formativas-del-inces-durante-el-ano-2016\/\"]}]},{\"@type\":\"ImageObject\",\"inLanguage\":\"es\",\"@id\":\"https:\/\/www.mpppst.gob.ve\/mpppstweb\/index.php\/2016\/12\/16\/motores-productivos-guiaron-acciones-formativas-del-inces-durante-el-ano-2016\/#primaryimage\",\"url\":\"https:\/\/www.mpppst.gob.ve\/mpppstweb\/wp-content\/uploads\/2016\/12\/2526_1motores.png\",\"contentUrl\":\"https:\/\/www.mpppst.gob.ve\/mpppstweb\/wp-content\/uploads\/2016\/12\/2526_1motores.png\",\"width\":800,\"height\":445},{\"@type\":\"BreadcrumbList\",\"@id\":\"https:\/\/www.mpppst.gob.ve\/mpppstweb\/index.php\/2016\/12\/16\/motores-productivos-guiaron-acciones-formativas-del-inces-durante-el-ano-2016\/#breadcrumb\",\"itemListElement\":[{\"@type\":\"ListItem\",\"position\":1,\"name\":\"Home\",\"item\":\"https:\/\/www.mpppst.gob.ve\/mpppstweb\/\"},{\"@type\":\"ListItem\",\"position\":2,\"name\":\"Motores productivos guiaron acciones formativas del Inces durante el a\u00f1o 2016\"}]},{\"@type\":\"WebSite\",\"@id\":\"https:\/\/www.mpppst.gob.ve\/mpppstweb\/#website\",\"url\":\"https:\/\/www.mpppst.gob.ve\/mpppstweb\/\",\"name\":\"MPPPST\",\"description\":\"Ministerio del Poder Popular para el Proceso Social de Trabajo\",\"publisher\":{\"@id\":\"https:\/\/www.mpppst.gob.ve\/mpppstweb\/#organization\"},\"potentialAction\":[{\"@type\":\"SearchAction\",\"target\":{\"@type\":\"EntryPoint\",\"urlTemplate\":\"https:\/\/www.mpppst.gob.ve\/mpppstweb\/?s={search_term_string}\"},\"query-input\":\"required name=search_term_string\"}],\"inLanguage\":\"es\"},{\"@type\":\"Organization\",\"@id\":\"https:\/\/www.mpppst.gob.ve\/mpppstweb\/#organization\",\"name\":\"mpppst\",\"url\":\"https:\/\/www.mpppst.gob.ve\/mpppstweb\/\",\"logo\":{\"@type\":\"ImageObject\",\"inLanguage\":\"es\",\"@id\":\"https:\/\/www.mpppst.gob.ve\/mpppstweb\/#\/schema\/logo\/image\/\",\"url\":\"https:\/\/www.mpppst.gob.ve\/mpppstweb\/wp-content\/uploads\/2025\/07\/cropped-cropped-g910.png\",\"contentUrl\":\"https:\/\/www.mpppst.gob.ve\/mpppstweb\/wp-content\/uploads\/2025\/07\/cropped-cropped-g910.png\",\"width\":1080,\"height\":241,\"caption\":\"mpppst\"},\"image\":{\"@id\":\"https:\/\/www.mpppst.gob.ve\/mpppstweb\/#\/schema\/logo\/image\/\"}},{\"@type\":\"Person\",\"@id\":\"https:\/\/www.mpppst.gob.ve\/mpppstweb\/#\/schema\/person\/fc187ee8ead412bd4c9304b62f900ea4\",\"name\":\"MPPPST Prensa\",\"url\":\"https:\/\/www.mpppst.gob.ve\/mpppstweb\/index.php\/author\/prensa-mpppst\/\"}]}<\/script>\n<!-- \/ Yoast SEO plugin. -->","yoast_head_json":{"title":"Motores productivos guiaron acciones formativas del Inces durante el a\u00f1o 2016 - MPPPST","robots":{"index":"index","follow":"follow","max-snippet":"max-snippet:-1","max-image-preview":"max-image-preview:large","max-video-preview":"max-video-preview:-1"},"canonical":"https:\/\/www.mpppst.gob.ve\/mpppstweb\/index.php\/2016\/12\/16\/motores-productivos-guiaron-acciones-formativas-del-inces-durante-el-ano-2016\/","og_locale":"es_ES","og_type":"article","og_title":"Motores productivos guiaron acciones formativas del Inces durante el a\u00f1o 2016 - MPPPST","og_description":"Prensa Inces La formaci\u00f3n productiva articulada con la Agenda Bolivariana planteada por el presidente Nicol\u00e1s Maduro &hellip; Motores productivos guiaron acciones formativas del Inces durante el a\u00f1o 2016Read more","og_url":"https:\/\/www.mpppst.gob.ve\/mpppstweb\/index.php\/2016\/12\/16\/motores-productivos-guiaron-acciones-formativas-del-inces-durante-el-ano-2016\/","og_site_name":"MPPPST","article_published_time":"2016-12-16T14:22:48+00:00","og_image":[{"width":800,"height":445,"url":"https:\/\/www.mpppst.gob.ve\/mpppstweb\/wp-content\/uploads\/2016\/12\/2526_1motores.png","type":"image\/png"}],"author":"MPPPST Prensa","twitter_card":"summary_large_image","twitter_misc":{"Escrito por":"MPPPST Prensa","Tiempo de lectura":"1 minuto"},"schema":{"@context":"https:\/\/schema.org","@graph":[{"@type":"Article","@id":"https:\/\/www.mpppst.gob.ve\/mpppstweb\/index.php\/2016\/12\/16\/motores-productivos-guiaron-acciones-formativas-del-inces-durante-el-ano-2016\/#article","isPartOf":{"@id":"https:\/\/www.mpppst.gob.ve\/mpppstweb\/index.php\/2016\/12\/16\/motores-productivos-guiaron-acciones-formativas-del-inces-durante-el-ano-2016\/"},"author":{"name":"MPPPST Prensa","@id":"https:\/\/www.mpppst.gob.ve\/mpppstweb\/#\/schema\/person\/fc187ee8ead412bd4c9304b62f900ea4"},"headline":"Motores productivos guiaron acciones formativas del Inces durante el a\u00f1o 2016","datePublished":"2016-12-16T14:22:48+00:00","dateModified":"2016-12-16T14:22:48+00:00","mainEntityOfPage":{"@id":"https:\/\/www.mpppst.gob.ve\/mpppstweb\/index.php\/2016\/12\/16\/motores-productivos-guiaron-acciones-formativas-del-inces-durante-el-ano-2016\/"},"wordCount":281,"publisher":{"@id":"https:\/\/www.mpppst.gob.ve\/mpppstweb\/#organization"},"image":{"@id":"https:\/\/www.mpppst.gob.ve\/mpppstweb\/index.php\/2016\/12\/16\/motores-productivos-guiaron-acciones-formativas-del-inces-durante-el-ano-2016\/#primaryimage"},"thumbnailUrl":"https:\/\/www.mpppst.gob.ve\/mpppstweb\/wp-content\/uploads\/2016\/12\/2526_1motores.png","keywords":["INCES","MPPPST"],"articleSection":["Entes adscritos","INCES","Noticias"],"inLanguage":"es"},{"@type":"WebPage","@id":"https:\/\/www.mpppst.gob.ve\/mpppstweb\/index.php\/2016\/12\/16\/motores-productivos-guiaron-acciones-formativas-del-inces-durante-el-ano-2016\/","url":"https:\/\/www.mpppst.gob.ve\/mpppstweb\/index.php\/2016\/12\/16\/motores-productivos-guiaron-acciones-formativas-del-inces-durante-el-ano-2016\/","name":"Motores productivos guiaron acciones formativas del Inces durante el a\u00f1o 2016 - MPPPST","isPartOf":{"@id":"https:\/\/www.mpppst.gob.ve\/mpppstweb\/#website"},"primaryImageOfPage":{"@id":"https:\/\/www.mpppst.gob.ve\/mpppstweb\/index.php\/2016\/12\/16\/motores-productivos-guiaron-acciones-formativas-del-inces-durante-el-ano-2016\/#primaryimage"},"image":{"@id":"https:\/\/www.mpppst.gob.ve\/mpppstweb\/index.php\/2016\/12\/16\/motores-productivos-guiaron-acciones-formativas-del-inces-durante-el-ano-2016\/#primaryimage"},"thumbnailUrl":"https:\/\/www.mpppst.gob.ve\/mpppstweb\/wp-content\/uploads\/2016\/12\/2526_1motores.png","datePublished":"2016-12-16T14:22:48+00:00","dateModified":"2016-12-16T14:22:48+00:00","breadcrumb":{"@id":"https:\/\/www.mpppst.gob.ve\/mpppstweb\/index.php\/2016\/12\/16\/motores-productivos-guiaron-acciones-formativas-del-inces-durante-el-ano-2016\/#breadcrumb"},"inLanguage":"es","potentialAction":[{"@type":"ReadAction","target":["https:\/\/www.mpppst.gob.ve\/mpppstweb\/index.php\/2016\/12\/16\/motores-productivos-guiaron-acciones-formativas-del-inces-durante-el-ano-2016\/"]}]},{"@type":"ImageObject","inLanguage":"es","@id":"https:\/\/www.mpppst.gob.ve\/mpppstweb\/index.php\/2016\/12\/16\/motores-productivos-guiaron-acciones-formativas-del-inces-durante-el-ano-2016\/#primaryimage","url":"https:\/\/www.mpppst.gob.ve\/mpppstweb\/wp-content\/uploads\/2016\/12\/2526_1motores.png","contentUrl":"https:\/\/www.mpppst.gob.ve\/mpppstweb\/wp-content\/uploads\/2016\/12\/2526_1motores.png","width":800,"height":445},{"@type":"BreadcrumbList","@id":"https:\/\/www.mpppst.gob.ve\/mpppstweb\/index.php\/2016\/12\/16\/motores-productivos-guiaron-acciones-formativas-del-inces-durante-el-ano-2016\/#breadcrumb","itemListElement":[{"@type":"ListItem","position":1,"name":"Home","item":"https:\/\/www.mpppst.gob.ve\/mpppstweb\/"},{"@type":"ListItem","position":2,"name":"Motores productivos guiaron acciones formativas del Inces durante el a\u00f1o 2016"}]},{"@type":"WebSite","@id":"https:\/\/www.mpppst.gob.ve\/mpppstweb\/#website","url":"https:\/\/www.mpppst.gob.ve\/mpppstweb\/","name":"MPPPST","description":"Ministerio del Poder Popular para el Proceso Social de Trabajo","publisher":{"@id":"https:\/\/www.mpppst.gob.ve\/mpppstweb\/#organization"},"potentialAction":[{"@type":"SearchAction","target":{"@type":"EntryPoint","urlTemplate":"https:\/\/www.mpppst.gob.ve\/mpppstweb\/?s={search_term_string}"},"query-input":"required name=search_term_string"}],"inLanguage":"es"},{"@type":"Organization","@id":"https:\/\/www.mpppst.gob.ve\/mpppstweb\/#organization","name":"mpppst","url":"https:\/\/www.mpppst.gob.ve\/mpppstweb\/","logo":{"@type":"ImageObject","inLanguage":"es","@id":"https:\/\/www.mpppst.gob.ve\/mpppstweb\/#\/schema\/logo\/image\/","url":"https:\/\/www.mpppst.gob.ve\/mpppstweb\/wp-content\/uploads\/2025\/07\/cropped-cropped-g910.png","contentUrl":"https:\/\/www.mpppst.gob.ve\/mpppstweb\/wp-content\/uploads\/2025\/07\/cropped-cropped-g910.png","width":1080,"height":241,"caption":"mpppst"},"image":{"@id":"https:\/\/www.mpppst.gob.ve\/mpppstweb\/#\/schema\/logo\/image\/"}},{"@type":"Person","@id":"https:\/\/www.mpppst.gob.ve\/mpppstweb\/#\/schema\/person\/fc187ee8ead412bd4c9304b62f900ea4","name":"MPPPST Prensa","url":"https:\/\/www.mpppst.gob.ve\/mpppstweb\/index.php\/author\/prensa-mpppst\/"}]}},"_links":{"self":[{"href":"https:\/\/www.mpppst.gob.ve\/mpppstweb\/index.php\/wp-json\/wp\/v2\/posts\/9752"}],"collection":[{"href":"https:\/\/www.mpppst.gob.ve\/mpppstweb\/index.php\/wp-json\/wp\/v2\/posts"}],"about":[{"href":"https:\/\/www.mpppst.gob.ve\/mpppstweb\/index.php\/wp-json\/wp\/v2\/types\/post"}],"author":[{"embeddable":true,"href":"https:\/\/www.mpppst.gob.ve\/mpppstweb\/index.php\/wp-json\/wp\/v2\/users\/25"}],"replies":[{"embeddable":true,"href":"https:\/\/www.mpppst.gob.ve\/mpppstweb\/index.php\/wp-json\/wp\/v2\/comments?post=9752"}],"version-history":[{"count":1,"href":"https:\/\/www.mpppst.gob.ve\/mpppstweb\/index.php\/wp-json\/wp\/v2\/posts\/9752\/revisions"}],"predecessor-version":[{"id":9754,"href":"https:\/\/www.mpppst.gob.ve\/mpppstweb\/index.php\/wp-json\/wp\/v2\/posts\/9752\/revisions\/9754"}],"wp:featuredmedia":[{"embeddable":true,"href":"https:\/\/www.mpppst.gob.ve\/mpppstweb\/index.php\/wp-json\/wp\/v2\/media\/9753"}],"wp:attachment":[{"href":"https:\/\/www.mpppst.gob.ve\/mpppstweb\/index.php\/wp-json\/wp\/v2\/media?parent=9752"}],"wp:term":[{"taxonomy":"category","embeddable":true,"href":"https:\/\/www.mpppst.gob.ve\/mpppstweb\/index.php\/wp-json\/wp\/v2\/categories?post=9752"},{"taxonomy":"post_tag","embeddable":true,"href":"https:\/\/www.mpppst.gob.ve\/mpppstweb\/index.php\/wp-json\/wp\/v2\/tags?post=9752"}],"curies":[{"name":"wp","href":"https:\/\/api.w.org\/{rel}","templated":true}]}}