{"id":9755,"date":"2016-12-16T15:59:13","date_gmt":"2016-12-16T15:59:13","guid":{"rendered":"http:\/\/www.mpppst.gob.ve\/mpppstweb\/?p=9755"},"modified":"2016-12-16T15:59:13","modified_gmt":"2016-12-16T15:59:13","slug":"encuentro-de-la-tss-con-el-mpppst-y-sus-entes-adscritos","status":"publish","type":"post","link":"https:\/\/www.mpppst.gob.ve\/mpppstweb\/index.php\/2016\/12\/16\/encuentro-de-la-tss-con-el-mpppst-y-sus-entes-adscritos\/","title":{"rendered":"Encuentro de la TSS con el MPPPST y sus entes adscritos"},"content":{"rendered":"<p>Prensa Tesorer\u00eda de la Seguridad Social<\/p>\n<p>El pasado jueves 15 de diciembre se realiz\u00f3 un encuentro entre la Tesorer\u00eda de Seguridad Social, el Ministerio del Poder Popular para el Proceso Social de Trabajo y sus entes adscritos; con la finalidad de evaluar su estado de solvencia con respecto al sistema de jubilaciones y pensiones que maneja la TSS.<\/p>\n<p>El encuentro comenz\u00f3 con una resaltante intervenci\u00f3n del Tesorero del Sistema de Seguridad Social; Dr. Rafael R\u00edos, que ante todo agradeci\u00f3 la representaci\u00f3n de trabajadores y trabajadoras del ministerio y de sus entes adscritos.<\/p>\n<p>Posteriormente R\u00edos profundiz\u00f3 en algunos de los fundamentos jur\u00eddicos de la seguridad social en Venezuela; entre los que se encuentra: Declaraci\u00f3n Universal de los Derechos Humanos, Constituci\u00f3n de la Rep\u00fablica Bolivariana de Venezuela, Ley del Plan de la Patria, Ley Org\u00e1nica del Trabajo, los Trabajadores y Trabajadoras, Ley Org\u00e1nica del Sistema de Seguridad Social, entre otros.<\/p>\n<p>Asimismo; R\u00edos enfatiz\u00f3 la importancia del art\u00edculo 86 de la Constituci\u00f3n de la Rep\u00fablica Bolivariana de Venezuela como un pilar fundamental del Sistema de Seguridad Social de Venezuela:<\/p>\n<p>\u201c<em>Toda persona tiene derecho a la seguridad social como servicio p\u00fablico de car\u00e1cter no lucrativo, que garantice la salud y asegure protecci\u00f3n en contingencias de maternidad, paternidad, enfermedad, invalidez, enfermedades catastr\u00f3ficas, discapacidad, necesidades especiales, riesgos laborales, p\u00e9rdida de empleo, desempleo, vejez, viudedad, orfandad, vivienda, cargas derivadas de la vida familiar y cualquier otra circunstancia de previsi\u00f3n social. El Estado tiene la obligaci\u00f3n de asegurar la efectividad de este derecho, creando un sistema de seguridad social universal, integral, de financiamiento solidario, unitario, eficiente y participativo, de contribuciones directas o indirectas<\/em>.\u201d<\/p>\n<p>Posteriormente resalt\u00f3 la relevancia de los art\u00edculos 8, 109, 111, y 118 de la Ley Org\u00e1nica del Sistema de Seguridad Social, en donde se establecen preceptos esenciales sobre la aplicaci\u00f3n de dicho sistema en beneficio de todos los venezolanos y las venezolanas.<\/p>\n<p>Igualmente el Tesorero destac\u00f3 la gran importancia que posee el <em>Decreto con\u00a0Rango,\u00a0Valor y Fuerza de Ley sobre el R\u00e9gimen de Jubilaciones y Pensiones\u00a0de los Trabajadores y Trabajadoras de la Administraci\u00f3n P\u00fablica Nacional, Estadal y <\/em>Municipal; publicado en Gaceta Oficial de la Rep\u00fablica Bolivariana de Venezuela, N\u00b0 6.156 Extraordinario, de fecha 19 de noviembre de 2014. Cabe destacar que para R\u00edos es fundamental el conocimiento y aplicaci\u00f3n de los art\u00edculos 24, 25, 26, 27 y 28 del mencionado decreto, que establecen aspectos fundamentales en materia de seguridad social.<\/p>\n<p>Asimismo; R\u00edos explic\u00f3 a los presentes la misi\u00f3n y visi\u00f3n de la Tesorer\u00eda de Seguridad Social, estableciendo que es una instituci\u00f3n que trabaja arduamente en la implementaci\u00f3n plena del Sistema de Seguridad Social en Venezuela.<\/p>\n<p>Posteriormente destac\u00f3 la importancia del Gran Objetivo Hist\u00f3rico II del Plan de la Patria; pues el mismo enmarca la gesti\u00f3n de la Tesorer\u00eda de Seguridad Social:<\/p>\n<p><em>Continuar construyendo el socialismo bolivariano del siglo XXI, en Venezuela, como alternativa al sistema destructivo y salvaje del capitalismo y con ello asegurar \u201cla mayor suma de felicidad posible, la mayor suma de seguridad social y la mayor suma de estabilidad pol\u00edtica\u201d para nuestro pueblo. Este objetivo tiene la necesidad de acelerar el cambio del sistema econ\u00f3mico productivo para trascender el modelo rentista petrolero capitalista al modelo econ\u00f3mico productivo socialista, dando paso a una sociedad m\u00e1s igualitaria y justa que satisfaga las necesidades b\u00e1sicas de nuestro pueblo y permita transformar las relaciones esenciales del pueblo con la naturaleza, el Estado, la sociedad, el proceso de trabajo y con el pensamiento.<\/em><\/p>\n<p>Para culminar su intervenci\u00f3n el Tesorero present\u00f3 algunos indicadores de gesti\u00f3n de la instituci\u00f3n que reflejan la gran evoluci\u00f3n que ha tenido desde su entrada en funcionamiento hace 4 a\u00f1os.<\/p>\n<p>Despu\u00e9s; tom\u00f3 la palabra Hildren Angarita, apoyo profesional de la Gerencia General de Registro, Afiliaci\u00f3n y Recaudaci\u00f3n; quien mostr\u00f3 los balances que reflejan el estado de solvencia del MPPPST, Instituto Nacional de Capacitaci\u00f3n y Educaci\u00f3n Socialista, Instituto Nacional de Capacitaci\u00f3n y Recreaci\u00f3n de los Trabajadores, Instituto Nacional de Prevenci\u00f3n, Salud y Seguridad Laborales, y Farmapatria. Angarita destac\u00f3 la importancia del debido registro de las instituciones en los sistemas en l\u00ednea de la Tesorer\u00eda de Seguridad Social, destacando que el pr\u00f3ximo a\u00f1o la recaudaci\u00f3n tambi\u00e9n se realizar\u00e1 v\u00eda online.<\/p>\n<p>Para cerrar el encuentro, tuvo lugar la destacada intervenci\u00f3n de Ram\u00f3n Villareal, apoyo t\u00e9cnico de la Gerencia General de Estudios Actuariales y Econ\u00f3micos, quien explic\u00f3 de manera did\u00e1ctica y muy din\u00e1mica todos los aspectos del SIPRED (Sistema de Informaci\u00f3n de Prestaciones Dinerarias).<\/p>\n<p>La Tesorer\u00eda de Seguridad Social \u00a0sigue impulsando iniciativas que generen una mayor integraci\u00f3n del MPPPST y sus entes adscritos, que se traducir\u00e1n en una gesti\u00f3n m\u00e1s eficaz en beneficio de todo el pueblo de Venezuela.<\/p>\n","protected":false},"excerpt":{"rendered":"<p>Prensa Tesorer\u00eda de la Seguridad Social El pasado jueves 15 de diciembre se realiz\u00f3 un encuentro &hellip; <a title=\"Encuentro de la TSS con el MPPPST y sus entes adscritos\" class=\"hm-read-more\" href=\"https:\/\/www.mpppst.gob.ve\/mpppstweb\/index.php\/2016\/12\/16\/encuentro-de-la-tss-con-el-mpppst-y-sus-entes-adscritos\/\"><span class=\"screen-reader-text\">Encuentro de la TSS con el MPPPST y sus entes adscritos<\/span>Read more<\/a><\/p>\n","protected":false},"author":25,"featured_media":9756,"comment_status":"closed","ping_status":"closed","sticky":false,"template":"","format":"standard","meta":{"footnotes":""},"categories":[239,83,163],"tags":[225,223,274],"yoast_head":"<!-- This site is optimized with the Yoast SEO plugin v22.5 - https:\/\/yoast.com\/wordpress\/plugins\/seo\/ -->\n<title>Encuentro de la TSS con el MPPPST y sus entes adscritos - MPPPST<\/title>\n<meta name=\"robots\" content=\"index, follow, max-snippet:-1, max-image-preview:large, max-video-preview:-1\" \/>\n<link rel=\"canonical\" href=\"https:\/\/www.mpppst.gob.ve\/mpppstweb\/index.php\/2016\/12\/16\/encuentro-de-la-tss-con-el-mpppst-y-sus-entes-adscritos\/\" \/>\n<meta property=\"og:locale\" content=\"es_ES\" \/>\n<meta property=\"og:type\" content=\"article\" \/>\n<meta property=\"og:title\" content=\"Encuentro de la TSS con el MPPPST y sus entes adscritos - MPPPST\" \/>\n<meta property=\"og:description\" content=\"Prensa Tesorer\u00eda de la Seguridad Social El pasado jueves 15 de diciembre se realiz\u00f3 un encuentro &hellip; Encuentro de la TSS con el MPPPST y sus entes adscritosRead more\" \/>\n<meta property=\"og:url\" content=\"https:\/\/www.mpppst.gob.ve\/mpppstweb\/index.php\/2016\/12\/16\/encuentro-de-la-tss-con-el-mpppst-y-sus-entes-adscritos\/\" \/>\n<meta property=\"og:site_name\" content=\"MPPPST\" \/>\n<meta property=\"article:published_time\" content=\"2016-12-16T15:59:13+00:00\" \/>\n<meta property=\"og:image\" content=\"https:\/\/www.mpppst.gob.ve\/mpppstweb\/wp-content\/uploads\/2016\/12\/TSS.jpg\" \/>\n\t<meta property=\"og:image:width\" content=\"800\" \/>\n\t<meta property=\"og:image:height\" content=\"445\" \/>\n\t<meta property=\"og:image:type\" content=\"image\/jpeg\" \/>\n<meta name=\"author\" content=\"MPPPST Prensa\" \/>\n<meta name=\"twitter:card\" content=\"summary_large_image\" \/>\n<meta name=\"twitter:label1\" content=\"Escrito por\" \/>\n\t<meta name=\"twitter:data1\" content=\"MPPPST Prensa\" \/>\n\t<meta name=\"twitter:label2\" content=\"Tiempo de lectura\" \/>\n\t<meta name=\"twitter:data2\" content=\"4 minutos\" \/>\n<script type=\"application\/ld+json\" class=\"yoast-schema-graph\">{\"@context\":\"https:\/\/schema.org\",\"@graph\":[{\"@type\":\"Article\",\"@id\":\"https:\/\/www.mpppst.gob.ve\/mpppstweb\/index.php\/2016\/12\/16\/encuentro-de-la-tss-con-el-mpppst-y-sus-entes-adscritos\/#article\",\"isPartOf\":{\"@id\":\"https:\/\/www.mpppst.gob.ve\/mpppstweb\/index.php\/2016\/12\/16\/encuentro-de-la-tss-con-el-mpppst-y-sus-entes-adscritos\/\"},\"author\":{\"name\":\"MPPPST Prensa\",\"@id\":\"https:\/\/www.mpppst.gob.ve\/mpppstweb\/#\/schema\/person\/fc187ee8ead412bd4c9304b62f900ea4\"},\"headline\":\"Encuentro de la TSS con el MPPPST y sus entes adscritos\",\"datePublished\":\"2016-12-16T15:59:13+00:00\",\"dateModified\":\"2016-12-16T15:59:13+00:00\",\"mainEntityOfPage\":{\"@id\":\"https:\/\/www.mpppst.gob.ve\/mpppstweb\/index.php\/2016\/12\/16\/encuentro-de-la-tss-con-el-mpppst-y-sus-entes-adscritos\/\"},\"wordCount\":838,\"publisher\":{\"@id\":\"https:\/\/www.mpppst.gob.ve\/mpppstweb\/#organization\"},\"image\":{\"@id\":\"https:\/\/www.mpppst.gob.ve\/mpppstweb\/index.php\/2016\/12\/16\/encuentro-de-la-tss-con-el-mpppst-y-sus-entes-adscritos\/#primaryimage\"},\"thumbnailUrl\":\"https:\/\/www.mpppst.gob.ve\/mpppstweb\/wp-content\/uploads\/2016\/12\/TSS.jpg\",\"keywords\":[\"Fuerza Laboral\",\"MPPPST\",\"TSS\"],\"articleSection\":[\"Entes adscritos\",\"Ministerio\",\"Noticias\"],\"inLanguage\":\"es\"},{\"@type\":\"WebPage\",\"@id\":\"https:\/\/www.mpppst.gob.ve\/mpppstweb\/index.php\/2016\/12\/16\/encuentro-de-la-tss-con-el-mpppst-y-sus-entes-adscritos\/\",\"url\":\"https:\/\/www.mpppst.gob.ve\/mpppstweb\/index.php\/2016\/12\/16\/encuentro-de-la-tss-con-el-mpppst-y-sus-entes-adscritos\/\",\"name\":\"Encuentro de la TSS con el MPPPST y sus entes adscritos - MPPPST\",\"isPartOf\":{\"@id\":\"https:\/\/www.mpppst.gob.ve\/mpppstweb\/#website\"},\"primaryImageOfPage\":{\"@id\":\"https:\/\/www.mpppst.gob.ve\/mpppstweb\/index.php\/2016\/12\/16\/encuentro-de-la-tss-con-el-mpppst-y-sus-entes-adscritos\/#primaryimage\"},\"image\":{\"@id\":\"https:\/\/www.mpppst.gob.ve\/mpppstweb\/index.php\/2016\/12\/16\/encuentro-de-la-tss-con-el-mpppst-y-sus-entes-adscritos\/#primaryimage\"},\"thumbnailUrl\":\"https:\/\/www.mpppst.gob.ve\/mpppstweb\/wp-content\/uploads\/2016\/12\/TSS.jpg\",\"datePublished\":\"2016-12-16T15:59:13+00:00\",\"dateModified\":\"2016-12-16T15:59:13+00:00\",\"breadcrumb\":{\"@id\":\"https:\/\/www.mpppst.gob.ve\/mpppstweb\/index.php\/2016\/12\/16\/encuentro-de-la-tss-con-el-mpppst-y-sus-entes-adscritos\/#breadcrumb\"},\"inLanguage\":\"es\",\"potentialAction\":[{\"@type\":\"ReadAction\",\"target\":[\"https:\/\/www.mpppst.gob.ve\/mpppstweb\/index.php\/2016\/12\/16\/encuentro-de-la-tss-con-el-mpppst-y-sus-entes-adscritos\/\"]}]},{\"@type\":\"ImageObject\",\"inLanguage\":\"es\",\"@id\":\"https:\/\/www.mpppst.gob.ve\/mpppstweb\/index.php\/2016\/12\/16\/encuentro-de-la-tss-con-el-mpppst-y-sus-entes-adscritos\/#primaryimage\",\"url\":\"https:\/\/www.mpppst.gob.ve\/mpppstweb\/wp-content\/uploads\/2016\/12\/TSS.jpg\",\"contentUrl\":\"https:\/\/www.mpppst.gob.ve\/mpppstweb\/wp-content\/uploads\/2016\/12\/TSS.jpg\",\"width\":800,\"height\":445},{\"@type\":\"BreadcrumbList\",\"@id\":\"https:\/\/www.mpppst.gob.ve\/mpppstweb\/index.php\/2016\/12\/16\/encuentro-de-la-tss-con-el-mpppst-y-sus-entes-adscritos\/#breadcrumb\",\"itemListElement\":[{\"@type\":\"ListItem\",\"position\":1,\"name\":\"Home\",\"item\":\"https:\/\/www.mpppst.gob.ve\/mpppstweb\/\"},{\"@type\":\"ListItem\",\"position\":2,\"name\":\"Encuentro de la TSS con el MPPPST y sus entes adscritos\"}]},{\"@type\":\"WebSite\",\"@id\":\"https:\/\/www.mpppst.gob.ve\/mpppstweb\/#website\",\"url\":\"https:\/\/www.mpppst.gob.ve\/mpppstweb\/\",\"name\":\"MPPPST\",\"description\":\"Ministerio del Poder Popular para el Proceso Social de Trabajo\",\"publisher\":{\"@id\":\"https:\/\/www.mpppst.gob.ve\/mpppstweb\/#organization\"},\"potentialAction\":[{\"@type\":\"SearchAction\",\"target\":{\"@type\":\"EntryPoint\",\"urlTemplate\":\"https:\/\/www.mpppst.gob.ve\/mpppstweb\/?s={search_term_string}\"},\"query-input\":\"required name=search_term_string\"}],\"inLanguage\":\"es\"},{\"@type\":\"Organization\",\"@id\":\"https:\/\/www.mpppst.gob.ve\/mpppstweb\/#organization\",\"name\":\"mpppst\",\"url\":\"https:\/\/www.mpppst.gob.ve\/mpppstweb\/\",\"logo\":{\"@type\":\"ImageObject\",\"inLanguage\":\"es\",\"@id\":\"https:\/\/www.mpppst.gob.ve\/mpppstweb\/#\/schema\/logo\/image\/\",\"url\":\"https:\/\/www.mpppst.gob.ve\/mpppstweb\/wp-content\/uploads\/2025\/07\/cropped-cropped-g910.png\",\"contentUrl\":\"https:\/\/www.mpppst.gob.ve\/mpppstweb\/wp-content\/uploads\/2025\/07\/cropped-cropped-g910.png\",\"width\":1080,\"height\":241,\"caption\":\"mpppst\"},\"image\":{\"@id\":\"https:\/\/www.mpppst.gob.ve\/mpppstweb\/#\/schema\/logo\/image\/\"}},{\"@type\":\"Person\",\"@id\":\"https:\/\/www.mpppst.gob.ve\/mpppstweb\/#\/schema\/person\/fc187ee8ead412bd4c9304b62f900ea4\",\"name\":\"MPPPST Prensa\",\"url\":\"https:\/\/www.mpppst.gob.ve\/mpppstweb\/index.php\/author\/prensa-mpppst\/\"}]}<\/script>\n<!-- \/ Yoast SEO plugin. -->","yoast_head_json":{"title":"Encuentro de la TSS con el MPPPST y sus entes adscritos - MPPPST","robots":{"index":"index","follow":"follow","max-snippet":"max-snippet:-1","max-image-preview":"max-image-preview:large","max-video-preview":"max-video-preview:-1"},"canonical":"https:\/\/www.mpppst.gob.ve\/mpppstweb\/index.php\/2016\/12\/16\/encuentro-de-la-tss-con-el-mpppst-y-sus-entes-adscritos\/","og_locale":"es_ES","og_type":"article","og_title":"Encuentro de la TSS con el MPPPST y sus entes adscritos - MPPPST","og_description":"Prensa Tesorer\u00eda de la Seguridad Social El pasado jueves 15 de diciembre se realiz\u00f3 un encuentro &hellip; Encuentro de la TSS con el MPPPST y sus entes adscritosRead more","og_url":"https:\/\/www.mpppst.gob.ve\/mpppstweb\/index.php\/2016\/12\/16\/encuentro-de-la-tss-con-el-mpppst-y-sus-entes-adscritos\/","og_site_name":"MPPPST","article_published_time":"2016-12-16T15:59:13+00:00","og_image":[{"width":800,"height":445,"url":"https:\/\/www.mpppst.gob.ve\/mpppstweb\/wp-content\/uploads\/2016\/12\/TSS.jpg","type":"image\/jpeg"}],"author":"MPPPST Prensa","twitter_card":"summary_large_image","twitter_misc":{"Escrito por":"MPPPST Prensa","Tiempo de lectura":"4 minutos"},"schema":{"@context":"https:\/\/schema.org","@graph":[{"@type":"Article","@id":"https:\/\/www.mpppst.gob.ve\/mpppstweb\/index.php\/2016\/12\/16\/encuentro-de-la-tss-con-el-mpppst-y-sus-entes-adscritos\/#article","isPartOf":{"@id":"https:\/\/www.mpppst.gob.ve\/mpppstweb\/index.php\/2016\/12\/16\/encuentro-de-la-tss-con-el-mpppst-y-sus-entes-adscritos\/"},"author":{"name":"MPPPST Prensa","@id":"https:\/\/www.mpppst.gob.ve\/mpppstweb\/#\/schema\/person\/fc187ee8ead412bd4c9304b62f900ea4"},"headline":"Encuentro de la TSS con el MPPPST y sus entes adscritos","datePublished":"2016-12-16T15:59:13+00:00","dateModified":"2016-12-16T15:59:13+00:00","mainEntityOfPage":{"@id":"https:\/\/www.mpppst.gob.ve\/mpppstweb\/index.php\/2016\/12\/16\/encuentro-de-la-tss-con-el-mpppst-y-sus-entes-adscritos\/"},"wordCount":838,"publisher":{"@id":"https:\/\/www.mpppst.gob.ve\/mpppstweb\/#organization"},"image":{"@id":"https:\/\/www.mpppst.gob.ve\/mpppstweb\/index.php\/2016\/12\/16\/encuentro-de-la-tss-con-el-mpppst-y-sus-entes-adscritos\/#primaryimage"},"thumbnailUrl":"https:\/\/www.mpppst.gob.ve\/mpppstweb\/wp-content\/uploads\/2016\/12\/TSS.jpg","keywords":["Fuerza Laboral","MPPPST","TSS"],"articleSection":["Entes adscritos","Ministerio","Noticias"],"inLanguage":"es"},{"@type":"WebPage","@id":"https:\/\/www.mpppst.gob.ve\/mpppstweb\/index.php\/2016\/12\/16\/encuentro-de-la-tss-con-el-mpppst-y-sus-entes-adscritos\/","url":"https:\/\/www.mpppst.gob.ve\/mpppstweb\/index.php\/2016\/12\/16\/encuentro-de-la-tss-con-el-mpppst-y-sus-entes-adscritos\/","name":"Encuentro de la TSS con el MPPPST y sus entes adscritos - MPPPST","isPartOf":{"@id":"https:\/\/www.mpppst.gob.ve\/mpppstweb\/#website"},"primaryImageOfPage":{"@id":"https:\/\/www.mpppst.gob.ve\/mpppstweb\/index.php\/2016\/12\/16\/encuentro-de-la-tss-con-el-mpppst-y-sus-entes-adscritos\/#primaryimage"},"image":{"@id":"https:\/\/www.mpppst.gob.ve\/mpppstweb\/index.php\/2016\/12\/16\/encuentro-de-la-tss-con-el-mpppst-y-sus-entes-adscritos\/#primaryimage"},"thumbnailUrl":"https:\/\/www.mpppst.gob.ve\/mpppstweb\/wp-content\/uploads\/2016\/12\/TSS.jpg","datePublished":"2016-12-16T15:59:13+00:00","dateModified":"2016-12-16T15:59:13+00:00","breadcrumb":{"@id":"https:\/\/www.mpppst.gob.ve\/mpppstweb\/index.php\/2016\/12\/16\/encuentro-de-la-tss-con-el-mpppst-y-sus-entes-adscritos\/#breadcrumb"},"inLanguage":"es","potentialAction":[{"@type":"ReadAction","target":["https:\/\/www.mpppst.gob.ve\/mpppstweb\/index.php\/2016\/12\/16\/encuentro-de-la-tss-con-el-mpppst-y-sus-entes-adscritos\/"]}]},{"@type":"ImageObject","inLanguage":"es","@id":"https:\/\/www.mpppst.gob.ve\/mpppstweb\/index.php\/2016\/12\/16\/encuentro-de-la-tss-con-el-mpppst-y-sus-entes-adscritos\/#primaryimage","url":"https:\/\/www.mpppst.gob.ve\/mpppstweb\/wp-content\/uploads\/2016\/12\/TSS.jpg","contentUrl":"https:\/\/www.mpppst.gob.ve\/mpppstweb\/wp-content\/uploads\/2016\/12\/TSS.jpg","width":800,"height":445},{"@type":"BreadcrumbList","@id":"https:\/\/www.mpppst.gob.ve\/mpppstweb\/index.php\/2016\/12\/16\/encuentro-de-la-tss-con-el-mpppst-y-sus-entes-adscritos\/#breadcrumb","itemListElement":[{"@type":"ListItem","position":1,"name":"Home","item":"https:\/\/www.mpppst.gob.ve\/mpppstweb\/"},{"@type":"ListItem","position":2,"name":"Encuentro de la TSS con el MPPPST y sus entes adscritos"}]},{"@type":"WebSite","@id":"https:\/\/www.mpppst.gob.ve\/mpppstweb\/#website","url":"https:\/\/www.mpppst.gob.ve\/mpppstweb\/","name":"MPPPST","description":"Ministerio del Poder Popular para el Proceso Social de Trabajo","publisher":{"@id":"https:\/\/www.mpppst.gob.ve\/mpppstweb\/#organization"},"potentialAction":[{"@type":"SearchAction","target":{"@type":"EntryPoint","urlTemplate":"https:\/\/www.mpppst.gob.ve\/mpppstweb\/?s={search_term_string}"},"query-input":"required name=search_term_string"}],"inLanguage":"es"},{"@type":"Organization","@id":"https:\/\/www.mpppst.gob.ve\/mpppstweb\/#organization","name":"mpppst","url":"https:\/\/www.mpppst.gob.ve\/mpppstweb\/","logo":{"@type":"ImageObject","inLanguage":"es","@id":"https:\/\/www.mpppst.gob.ve\/mpppstweb\/#\/schema\/logo\/image\/","url":"https:\/\/www.mpppst.gob.ve\/mpppstweb\/wp-content\/uploads\/2025\/07\/cropped-cropped-g910.png","contentUrl":"https:\/\/www.mpppst.gob.ve\/mpppstweb\/wp-content\/uploads\/2025\/07\/cropped-cropped-g910.png","width":1080,"height":241,"caption":"mpppst"},"image":{"@id":"https:\/\/www.mpppst.gob.ve\/mpppstweb\/#\/schema\/logo\/image\/"}},{"@type":"Person","@id":"https:\/\/www.mpppst.gob.ve\/mpppstweb\/#\/schema\/person\/fc187ee8ead412bd4c9304b62f900ea4","name":"MPPPST Prensa","url":"https:\/\/www.mpppst.gob.ve\/mpppstweb\/index.php\/author\/prensa-mpppst\/"}]}},"_links":{"self":[{"href":"https:\/\/www.mpppst.gob.ve\/mpppstweb\/index.php\/wp-json\/wp\/v2\/posts\/9755"}],"collection":[{"href":"https:\/\/www.mpppst.gob.ve\/mpppstweb\/index.php\/wp-json\/wp\/v2\/posts"}],"about":[{"href":"https:\/\/www.mpppst.gob.ve\/mpppstweb\/index.php\/wp-json\/wp\/v2\/types\/post"}],"author":[{"embeddable":true,"href":"https:\/\/www.mpppst.gob.ve\/mpppstweb\/index.php\/wp-json\/wp\/v2\/users\/25"}],"replies":[{"embeddable":true,"href":"https:\/\/www.mpppst.gob.ve\/mpppstweb\/index.php\/wp-json\/wp\/v2\/comments?post=9755"}],"version-history":[{"count":1,"href":"https:\/\/www.mpppst.gob.ve\/mpppstweb\/index.php\/wp-json\/wp\/v2\/posts\/9755\/revisions"}],"predecessor-version":[{"id":9757,"href":"https:\/\/www.mpppst.gob.ve\/mpppstweb\/index.php\/wp-json\/wp\/v2\/posts\/9755\/revisions\/9757"}],"wp:featuredmedia":[{"embeddable":true,"href":"https:\/\/www.mpppst.gob.ve\/mpppstweb\/index.php\/wp-json\/wp\/v2\/media\/9756"}],"wp:attachment":[{"href":"https:\/\/www.mpppst.gob.ve\/mpppstweb\/index.php\/wp-json\/wp\/v2\/media?parent=9755"}],"wp:term":[{"taxonomy":"category","embeddable":true,"href":"https:\/\/www.mpppst.gob.ve\/mpppstweb\/index.php\/wp-json\/wp\/v2\/categories?post=9755"},{"taxonomy":"post_tag","embeddable":true,"href":"https:\/\/www.mpppst.gob.ve\/mpppstweb\/index.php\/wp-json\/wp\/v2\/tags?post=9755"}],"curies":[{"name":"wp","href":"https:\/\/api.w.org\/{rel}","templated":true}]}}