{"id":9762,"date":"2016-12-17T20:16:06","date_gmt":"2016-12-17T20:16:06","guid":{"rendered":"http:\/\/www.mpppst.gob.ve\/mpppstweb\/?p=9762"},"modified":"2016-12-17T20:16:23","modified_gmt":"2016-12-17T20:16:23","slug":"9762","status":"publish","type":"post","link":"https:\/\/www.mpppst.gob.ve\/mpppstweb\/index.php\/2016\/12\/17\/9762\/","title":{"rendered":"Se conmemoran 186 a\u00f1os del paso a la inmortalidad del Libertador Sim\u00f3n Bol\u00edvar"},"content":{"rendered":"<p>&nbsp;<\/p>\n<p>Prensa Presidencial.- El vicepresidente de la Rep\u00fablica Bolivariana de Venezuela, Arist\u00f3bulo Ist\u00fariz junto al Pueblo conmemoran -desde el Pante\u00f3n Nacional- los 186 a\u00f1os del paso a la inmortalidad del Padre de la Patria, el Libertador Sim\u00f3n Bol\u00edvar.<\/p>\n<p>Sim\u00f3n Jos\u00e9 Antonio de la Sant\u00edsima Trinidad Bol\u00edvar Palacios Ponte y Blanco, naci\u00f3 en Caracas, Venezuela, el 24 de julio de 1783 y fallece en Santa Marta, Colombia, el 17 de diciembre de 1830. Estuvo al frente del Ej\u00e9rcito Libertador\u00a0 y lider\u00f3 campa\u00f1as militares que independizaron a Colombia, Panam\u00e1, Per\u00fa, Bolivia, Ecuador y Venezuela.<\/p>\n<p>Es considerado el Gigante de la Humanidad y su m\u00e1ximo anhelo era la conformaci\u00f3n de una gran naci\u00f3n libre de opresiones, tal y como lo proclam\u00f3 en su juramento en el Monte Sacro, en Roma, Italia, el 15 de agosto de 1805.<\/p>\n<p>\u00abJuro delante de usted, juro por el Dios de mis padres, juro por ellos, juro por mi honor y juro por la Patria, que no dar\u00e9 descanso a mi brazo ni reposo a mi alma, hasta que haya roto las cadenas que nos oprimen por voluntad del poder espa\u00f1ol\u00bb.<\/p>\n<p>M\u00e1s temprano, en este insigne lugar, el ministro del Poder Popular para la Defensa, Vlad\u00edmir Padrino L\u00f3pez, expres\u00f3 que hoy es un d\u00eda de reflexi\u00f3n sobre el legado del Libertador Sim\u00f3n Bol\u00edvar.<\/p>\n<p>Al respecto, manifest\u00f3 la necesidad de analizar su \u00faltima proclama manifestada d\u00edas antes de su desaparici\u00f3n F\u00edsica. \u00ab(\u2026) Si mi muerte contribuye para que cesen los Partidos y se consolide la Uni\u00f3n, yo bajar\u00e9 tranquilo al sepulcro\u00bb.<\/p>\n<p>\u00abLa traici\u00f3n lo llevaba a su muerte. M\u00e1s all\u00e1 de la agon\u00eda de la enfermedad era la agon\u00eda de la traici\u00f3n\u00bb, consider\u00f3 el titular de la Defensa, Padrino L\u00f3pez.<\/p>\n<p>Los venezolanos debemos sentirnos orgullosos porque no cualquier Patria pare un hombre como Bol\u00edvar: \u00abOrgullo patrio, orgullo perenne, orgullo nacional\u00bb, enfatiz\u00f3 el ministro Padrino L\u00f3pez.<\/p>\n","protected":false},"excerpt":{"rendered":"<p>&nbsp; Prensa Presidencial.- El vicepresidente de la Rep\u00fablica Bolivariana de Venezuela, Arist\u00f3bulo Ist\u00fariz junto al Pueblo &hellip; <a title=\"Se conmemoran 186 a\u00f1os del paso a la inmortalidad del Libertador Sim\u00f3n Bol\u00edvar\" class=\"hm-read-more\" href=\"https:\/\/www.mpppst.gob.ve\/mpppstweb\/index.php\/2016\/12\/17\/9762\/\"><span class=\"screen-reader-text\">Se conmemoran 186 a\u00f1os del paso a la inmortalidad del Libertador Sim\u00f3n Bol\u00edvar<\/span>Read more<\/a><\/p>\n","protected":false},"author":25,"featured_media":9763,"comment_status":"closed","ping_status":"closed","sticky":false,"template":"","format":"standard","meta":{"footnotes":""},"categories":[163],"tags":[254],"yoast_head":"<!-- This site is optimized with the Yoast SEO plugin v22.5 - https:\/\/yoast.com\/wordpress\/plugins\/seo\/ -->\n<title>Se conmemoran 186 a\u00f1os del paso a la inmortalidad del Libertador Sim\u00f3n Bol\u00edvar - MPPPST<\/title>\n<meta name=\"robots\" content=\"index, follow, max-snippet:-1, max-image-preview:large, max-video-preview:-1\" \/>\n<link rel=\"canonical\" href=\"https:\/\/www.mpppst.gob.ve\/mpppstweb\/index.php\/2016\/12\/17\/9762\/\" \/>\n<meta property=\"og:locale\" content=\"es_ES\" \/>\n<meta property=\"og:type\" content=\"article\" \/>\n<meta property=\"og:title\" content=\"Se conmemoran 186 a\u00f1os del paso a la inmortalidad del Libertador Sim\u00f3n Bol\u00edvar - MPPPST\" \/>\n<meta property=\"og:description\" content=\"&nbsp; Prensa Presidencial.- El vicepresidente de la Rep\u00fablica Bolivariana de Venezuela, Arist\u00f3bulo Ist\u00fariz junto al Pueblo &hellip; Se conmemoran 186 a\u00f1os del paso a la inmortalidad del Libertador Sim\u00f3n Bol\u00edvarRead more\" \/>\n<meta property=\"og:url\" content=\"https:\/\/www.mpppst.gob.ve\/mpppstweb\/index.php\/2016\/12\/17\/9762\/\" \/>\n<meta property=\"og:site_name\" content=\"MPPPST\" \/>\n<meta property=\"article:published_time\" content=\"2016-12-17T20:16:06+00:00\" \/>\n<meta property=\"article:modified_time\" content=\"2016-12-17T20:16:23+00:00\" \/>\n<meta property=\"og:image\" content=\"https:\/\/www.mpppst.gob.ve\/mpppstweb\/wp-content\/uploads\/2016\/12\/17.png\" \/>\n\t<meta property=\"og:image:width\" content=\"800\" \/>\n\t<meta property=\"og:image:height\" content=\"445\" \/>\n\t<meta property=\"og:image:type\" content=\"image\/png\" \/>\n<meta name=\"author\" content=\"MPPPST Prensa\" \/>\n<meta name=\"twitter:card\" content=\"summary_large_image\" \/>\n<meta name=\"twitter:label1\" content=\"Escrito por\" \/>\n\t<meta name=\"twitter:data1\" content=\"MPPPST Prensa\" \/>\n\t<meta name=\"twitter:label2\" content=\"Tiempo de lectura\" \/>\n\t<meta name=\"twitter:data2\" content=\"2 minutos\" \/>\n<script type=\"application\/ld+json\" class=\"yoast-schema-graph\">{\"@context\":\"https:\/\/schema.org\",\"@graph\":[{\"@type\":\"Article\",\"@id\":\"https:\/\/www.mpppst.gob.ve\/mpppstweb\/index.php\/2016\/12\/17\/9762\/#article\",\"isPartOf\":{\"@id\":\"https:\/\/www.mpppst.gob.ve\/mpppstweb\/index.php\/2016\/12\/17\/9762\/\"},\"author\":{\"name\":\"MPPPST Prensa\",\"@id\":\"https:\/\/www.mpppst.gob.ve\/mpppstweb\/#\/schema\/person\/fc187ee8ead412bd4c9304b62f900ea4\"},\"headline\":\"Se conmemoran 186 a\u00f1os del paso a la inmortalidad del Libertador Sim\u00f3n Bol\u00edvar\",\"datePublished\":\"2016-12-17T20:16:06+00:00\",\"dateModified\":\"2016-12-17T20:16:23+00:00\",\"mainEntityOfPage\":{\"@id\":\"https:\/\/www.mpppst.gob.ve\/mpppstweb\/index.php\/2016\/12\/17\/9762\/\"},\"wordCount\":349,\"publisher\":{\"@id\":\"https:\/\/www.mpppst.gob.ve\/mpppstweb\/#organization\"},\"image\":{\"@id\":\"https:\/\/www.mpppst.gob.ve\/mpppstweb\/index.php\/2016\/12\/17\/9762\/#primaryimage\"},\"thumbnailUrl\":\"https:\/\/www.mpppst.gob.ve\/mpppstweb\/wp-content\/uploads\/2016\/12\/17.png\",\"keywords\":[\"Efem\u00e9rides\"],\"articleSection\":[\"Noticias\"],\"inLanguage\":\"es\"},{\"@type\":\"WebPage\",\"@id\":\"https:\/\/www.mpppst.gob.ve\/mpppstweb\/index.php\/2016\/12\/17\/9762\/\",\"url\":\"https:\/\/www.mpppst.gob.ve\/mpppstweb\/index.php\/2016\/12\/17\/9762\/\",\"name\":\"Se conmemoran 186 a\u00f1os del paso a la inmortalidad del Libertador Sim\u00f3n Bol\u00edvar - MPPPST\",\"isPartOf\":{\"@id\":\"https:\/\/www.mpppst.gob.ve\/mpppstweb\/#website\"},\"primaryImageOfPage\":{\"@id\":\"https:\/\/www.mpppst.gob.ve\/mpppstweb\/index.php\/2016\/12\/17\/9762\/#primaryimage\"},\"image\":{\"@id\":\"https:\/\/www.mpppst.gob.ve\/mpppstweb\/index.php\/2016\/12\/17\/9762\/#primaryimage\"},\"thumbnailUrl\":\"https:\/\/www.mpppst.gob.ve\/mpppstweb\/wp-content\/uploads\/2016\/12\/17.png\",\"datePublished\":\"2016-12-17T20:16:06+00:00\",\"dateModified\":\"2016-12-17T20:16:23+00:00\",\"breadcrumb\":{\"@id\":\"https:\/\/www.mpppst.gob.ve\/mpppstweb\/index.php\/2016\/12\/17\/9762\/#breadcrumb\"},\"inLanguage\":\"es\",\"potentialAction\":[{\"@type\":\"ReadAction\",\"target\":[\"https:\/\/www.mpppst.gob.ve\/mpppstweb\/index.php\/2016\/12\/17\/9762\/\"]}]},{\"@type\":\"ImageObject\",\"inLanguage\":\"es\",\"@id\":\"https:\/\/www.mpppst.gob.ve\/mpppstweb\/index.php\/2016\/12\/17\/9762\/#primaryimage\",\"url\":\"https:\/\/www.mpppst.gob.ve\/mpppstweb\/wp-content\/uploads\/2016\/12\/17.png\",\"contentUrl\":\"https:\/\/www.mpppst.gob.ve\/mpppstweb\/wp-content\/uploads\/2016\/12\/17.png\",\"width\":800,\"height\":445},{\"@type\":\"BreadcrumbList\",\"@id\":\"https:\/\/www.mpppst.gob.ve\/mpppstweb\/index.php\/2016\/12\/17\/9762\/#breadcrumb\",\"itemListElement\":[{\"@type\":\"ListItem\",\"position\":1,\"name\":\"Home\",\"item\":\"https:\/\/www.mpppst.gob.ve\/mpppstweb\/\"},{\"@type\":\"ListItem\",\"position\":2,\"name\":\"Se conmemoran 186 a\u00f1os del paso a la inmortalidad del Libertador Sim\u00f3n Bol\u00edvar\"}]},{\"@type\":\"WebSite\",\"@id\":\"https:\/\/www.mpppst.gob.ve\/mpppstweb\/#website\",\"url\":\"https:\/\/www.mpppst.gob.ve\/mpppstweb\/\",\"name\":\"MPPPST\",\"description\":\"Ministerio del Poder Popular para el Proceso Social de Trabajo\",\"publisher\":{\"@id\":\"https:\/\/www.mpppst.gob.ve\/mpppstweb\/#organization\"},\"potentialAction\":[{\"@type\":\"SearchAction\",\"target\":{\"@type\":\"EntryPoint\",\"urlTemplate\":\"https:\/\/www.mpppst.gob.ve\/mpppstweb\/?s={search_term_string}\"},\"query-input\":\"required name=search_term_string\"}],\"inLanguage\":\"es\"},{\"@type\":\"Organization\",\"@id\":\"https:\/\/www.mpppst.gob.ve\/mpppstweb\/#organization\",\"name\":\"mpppst\",\"url\":\"https:\/\/www.mpppst.gob.ve\/mpppstweb\/\",\"logo\":{\"@type\":\"ImageObject\",\"inLanguage\":\"es\",\"@id\":\"https:\/\/www.mpppst.gob.ve\/mpppstweb\/#\/schema\/logo\/image\/\",\"url\":\"https:\/\/www.mpppst.gob.ve\/mpppstweb\/wp-content\/uploads\/2025\/07\/cropped-cropped-g910.png\",\"contentUrl\":\"https:\/\/www.mpppst.gob.ve\/mpppstweb\/wp-content\/uploads\/2025\/07\/cropped-cropped-g910.png\",\"width\":1080,\"height\":241,\"caption\":\"mpppst\"},\"image\":{\"@id\":\"https:\/\/www.mpppst.gob.ve\/mpppstweb\/#\/schema\/logo\/image\/\"}},{\"@type\":\"Person\",\"@id\":\"https:\/\/www.mpppst.gob.ve\/mpppstweb\/#\/schema\/person\/fc187ee8ead412bd4c9304b62f900ea4\",\"name\":\"MPPPST Prensa\",\"url\":\"https:\/\/www.mpppst.gob.ve\/mpppstweb\/index.php\/author\/prensa-mpppst\/\"}]}<\/script>\n<!-- \/ Yoast SEO plugin. -->","yoast_head_json":{"title":"Se conmemoran 186 a\u00f1os del paso a la inmortalidad del Libertador Sim\u00f3n Bol\u00edvar - MPPPST","robots":{"index":"index","follow":"follow","max-snippet":"max-snippet:-1","max-image-preview":"max-image-preview:large","max-video-preview":"max-video-preview:-1"},"canonical":"https:\/\/www.mpppst.gob.ve\/mpppstweb\/index.php\/2016\/12\/17\/9762\/","og_locale":"es_ES","og_type":"article","og_title":"Se conmemoran 186 a\u00f1os del paso a la inmortalidad del Libertador Sim\u00f3n Bol\u00edvar - MPPPST","og_description":"&nbsp; Prensa Presidencial.- El vicepresidente de la Rep\u00fablica Bolivariana de Venezuela, Arist\u00f3bulo Ist\u00fariz junto al Pueblo &hellip; Se conmemoran 186 a\u00f1os del paso a la inmortalidad del Libertador Sim\u00f3n Bol\u00edvarRead more","og_url":"https:\/\/www.mpppst.gob.ve\/mpppstweb\/index.php\/2016\/12\/17\/9762\/","og_site_name":"MPPPST","article_published_time":"2016-12-17T20:16:06+00:00","article_modified_time":"2016-12-17T20:16:23+00:00","og_image":[{"width":800,"height":445,"url":"https:\/\/www.mpppst.gob.ve\/mpppstweb\/wp-content\/uploads\/2016\/12\/17.png","type":"image\/png"}],"author":"MPPPST Prensa","twitter_card":"summary_large_image","twitter_misc":{"Escrito por":"MPPPST Prensa","Tiempo de lectura":"2 minutos"},"schema":{"@context":"https:\/\/schema.org","@graph":[{"@type":"Article","@id":"https:\/\/www.mpppst.gob.ve\/mpppstweb\/index.php\/2016\/12\/17\/9762\/#article","isPartOf":{"@id":"https:\/\/www.mpppst.gob.ve\/mpppstweb\/index.php\/2016\/12\/17\/9762\/"},"author":{"name":"MPPPST Prensa","@id":"https:\/\/www.mpppst.gob.ve\/mpppstweb\/#\/schema\/person\/fc187ee8ead412bd4c9304b62f900ea4"},"headline":"Se conmemoran 186 a\u00f1os del paso a la inmortalidad del Libertador Sim\u00f3n Bol\u00edvar","datePublished":"2016-12-17T20:16:06+00:00","dateModified":"2016-12-17T20:16:23+00:00","mainEntityOfPage":{"@id":"https:\/\/www.mpppst.gob.ve\/mpppstweb\/index.php\/2016\/12\/17\/9762\/"},"wordCount":349,"publisher":{"@id":"https:\/\/www.mpppst.gob.ve\/mpppstweb\/#organization"},"image":{"@id":"https:\/\/www.mpppst.gob.ve\/mpppstweb\/index.php\/2016\/12\/17\/9762\/#primaryimage"},"thumbnailUrl":"https:\/\/www.mpppst.gob.ve\/mpppstweb\/wp-content\/uploads\/2016\/12\/17.png","keywords":["Efem\u00e9rides"],"articleSection":["Noticias"],"inLanguage":"es"},{"@type":"WebPage","@id":"https:\/\/www.mpppst.gob.ve\/mpppstweb\/index.php\/2016\/12\/17\/9762\/","url":"https:\/\/www.mpppst.gob.ve\/mpppstweb\/index.php\/2016\/12\/17\/9762\/","name":"Se conmemoran 186 a\u00f1os del paso a la inmortalidad del Libertador Sim\u00f3n Bol\u00edvar - MPPPST","isPartOf":{"@id":"https:\/\/www.mpppst.gob.ve\/mpppstweb\/#website"},"primaryImageOfPage":{"@id":"https:\/\/www.mpppst.gob.ve\/mpppstweb\/index.php\/2016\/12\/17\/9762\/#primaryimage"},"image":{"@id":"https:\/\/www.mpppst.gob.ve\/mpppstweb\/index.php\/2016\/12\/17\/9762\/#primaryimage"},"thumbnailUrl":"https:\/\/www.mpppst.gob.ve\/mpppstweb\/wp-content\/uploads\/2016\/12\/17.png","datePublished":"2016-12-17T20:16:06+00:00","dateModified":"2016-12-17T20:16:23+00:00","breadcrumb":{"@id":"https:\/\/www.mpppst.gob.ve\/mpppstweb\/index.php\/2016\/12\/17\/9762\/#breadcrumb"},"inLanguage":"es","potentialAction":[{"@type":"ReadAction","target":["https:\/\/www.mpppst.gob.ve\/mpppstweb\/index.php\/2016\/12\/17\/9762\/"]}]},{"@type":"ImageObject","inLanguage":"es","@id":"https:\/\/www.mpppst.gob.ve\/mpppstweb\/index.php\/2016\/12\/17\/9762\/#primaryimage","url":"https:\/\/www.mpppst.gob.ve\/mpppstweb\/wp-content\/uploads\/2016\/12\/17.png","contentUrl":"https:\/\/www.mpppst.gob.ve\/mpppstweb\/wp-content\/uploads\/2016\/12\/17.png","width":800,"height":445},{"@type":"BreadcrumbList","@id":"https:\/\/www.mpppst.gob.ve\/mpppstweb\/index.php\/2016\/12\/17\/9762\/#breadcrumb","itemListElement":[{"@type":"ListItem","position":1,"name":"Home","item":"https:\/\/www.mpppst.gob.ve\/mpppstweb\/"},{"@type":"ListItem","position":2,"name":"Se conmemoran 186 a\u00f1os del paso a la inmortalidad del Libertador Sim\u00f3n Bol\u00edvar"}]},{"@type":"WebSite","@id":"https:\/\/www.mpppst.gob.ve\/mpppstweb\/#website","url":"https:\/\/www.mpppst.gob.ve\/mpppstweb\/","name":"MPPPST","description":"Ministerio del Poder Popular para el Proceso Social de Trabajo","publisher":{"@id":"https:\/\/www.mpppst.gob.ve\/mpppstweb\/#organization"},"potentialAction":[{"@type":"SearchAction","target":{"@type":"EntryPoint","urlTemplate":"https:\/\/www.mpppst.gob.ve\/mpppstweb\/?s={search_term_string}"},"query-input":"required name=search_term_string"}],"inLanguage":"es"},{"@type":"Organization","@id":"https:\/\/www.mpppst.gob.ve\/mpppstweb\/#organization","name":"mpppst","url":"https:\/\/www.mpppst.gob.ve\/mpppstweb\/","logo":{"@type":"ImageObject","inLanguage":"es","@id":"https:\/\/www.mpppst.gob.ve\/mpppstweb\/#\/schema\/logo\/image\/","url":"https:\/\/www.mpppst.gob.ve\/mpppstweb\/wp-content\/uploads\/2025\/07\/cropped-cropped-g910.png","contentUrl":"https:\/\/www.mpppst.gob.ve\/mpppstweb\/wp-content\/uploads\/2025\/07\/cropped-cropped-g910.png","width":1080,"height":241,"caption":"mpppst"},"image":{"@id":"https:\/\/www.mpppst.gob.ve\/mpppstweb\/#\/schema\/logo\/image\/"}},{"@type":"Person","@id":"https:\/\/www.mpppst.gob.ve\/mpppstweb\/#\/schema\/person\/fc187ee8ead412bd4c9304b62f900ea4","name":"MPPPST Prensa","url":"https:\/\/www.mpppst.gob.ve\/mpppstweb\/index.php\/author\/prensa-mpppst\/"}]}},"_links":{"self":[{"href":"https:\/\/www.mpppst.gob.ve\/mpppstweb\/index.php\/wp-json\/wp\/v2\/posts\/9762"}],"collection":[{"href":"https:\/\/www.mpppst.gob.ve\/mpppstweb\/index.php\/wp-json\/wp\/v2\/posts"}],"about":[{"href":"https:\/\/www.mpppst.gob.ve\/mpppstweb\/index.php\/wp-json\/wp\/v2\/types\/post"}],"author":[{"embeddable":true,"href":"https:\/\/www.mpppst.gob.ve\/mpppstweb\/index.php\/wp-json\/wp\/v2\/users\/25"}],"replies":[{"embeddable":true,"href":"https:\/\/www.mpppst.gob.ve\/mpppstweb\/index.php\/wp-json\/wp\/v2\/comments?post=9762"}],"version-history":[{"count":2,"href":"https:\/\/www.mpppst.gob.ve\/mpppstweb\/index.php\/wp-json\/wp\/v2\/posts\/9762\/revisions"}],"predecessor-version":[{"id":9765,"href":"https:\/\/www.mpppst.gob.ve\/mpppstweb\/index.php\/wp-json\/wp\/v2\/posts\/9762\/revisions\/9765"}],"wp:featuredmedia":[{"embeddable":true,"href":"https:\/\/www.mpppst.gob.ve\/mpppstweb\/index.php\/wp-json\/wp\/v2\/media\/9763"}],"wp:attachment":[{"href":"https:\/\/www.mpppst.gob.ve\/mpppstweb\/index.php\/wp-json\/wp\/v2\/media?parent=9762"}],"wp:term":[{"taxonomy":"category","embeddable":true,"href":"https:\/\/www.mpppst.gob.ve\/mpppstweb\/index.php\/wp-json\/wp\/v2\/categories?post=9762"},{"taxonomy":"post_tag","embeddable":true,"href":"https:\/\/www.mpppst.gob.ve\/mpppstweb\/index.php\/wp-json\/wp\/v2\/tags?post=9762"}],"curies":[{"name":"wp","href":"https:\/\/api.w.org\/{rel}","templated":true}]}}