{"id":9767,"date":"2016-12-17T20:46:34","date_gmt":"2016-12-17T20:46:34","guid":{"rendered":"http:\/\/www.mpppst.gob.ve\/mpppstweb\/?p=9767"},"modified":"2016-12-17T20:46:34","modified_gmt":"2016-12-17T20:46:34","slug":"pueblo-apoya-contundentemente-a-maduro-y-rechaza-golpe-de-estado-de-la-derecha","status":"publish","type":"post","link":"https:\/\/www.mpppst.gob.ve\/mpppstweb\/index.php\/2016\/12\/17\/pueblo-apoya-contundentemente-a-maduro-y-rechaza-golpe-de-estado-de-la-derecha\/","title":{"rendered":"Pueblo apoya contundentemente a Maduro y rechaza Golpe de Estado de la derecha"},"content":{"rendered":"<p>El presidente de la Rep\u00fablica Bolivariana de Venezuela, Nicol\u00e1s Maduro, hace acto de presencia y se suma a la multitudinaria concentraci\u00f3n que re\u00fane a millones de Patriotas de todo el pa\u00eds en la avenida Bol\u00edvar de la ciudad de Caracas, para rechazar contundentemente el Golpe de Estado que la ultra derecha venezolana pretende instaurar en el pa\u00eds.<\/p>\n<p>Esta congregaci\u00f3n que abarrot\u00f3 la capital de la Rep\u00fablica ha contado con la participaci\u00f3n, el entusiasmo y la alegr\u00eda de mujeres y hombres que apoyan de forma irrestricta, absoluta y plena al proceso revolucionario que instal\u00f3 y lider\u00f3 el Comandante Supremo, Hugo Rafael Ch\u00e1vez Fr\u00edas; y adem\u00e1s defienden la Patria, la Soberan\u00eda Nacional y al presidente Constitucional de la Rep\u00fablica Bolivariana de Venezuela, Nicol\u00e1s Maduro Moros.<\/p>\n<p>Tal y como lo expres\u00f3 la ciudadana Gisela Dom\u00ednguez, \u201cEstamos aqu\u00ed, \u00a1presentes! Que lo sepa la derecha y que lo sepa el mundo entero, somos un pa\u00eds de Paz, pero que no se equivoquen (\u2026) No perderemos ni nos dejaremos quitar todos los logros que hemos adquiridos desde que lleg\u00f3 la Revoluci\u00f3n a Venezuela\u201d.<\/p>\n<p>Por otra parte, el se\u00f1or Julio Pern\u00eda Ramones, quien lleg\u00f3 a Caracas, desde el estado Sucre, para respaldar las medidas que ha propuesto el jefe de Estado, declar\u00f3: \u201cEl que tenga ojos que vea\u2026 \u00a1A la Revoluci\u00f3n no la para nadie!, seguiremos en defensa de nuestra Paz, de nuestra Econom\u00eda, de nuestros Alimentos, de nuestros logros.\u00a0 Nunca m\u00e1s volveremos a ser marginados por la burgues\u00eda\u2026 \u00a1Viva Ch\u00e1vez, Viva Maduro, Viva Venezuela! Las calles de este pa\u00eds son del pueblo\u201d<\/p>\n<p>Esta movilizaci\u00f3n tuvo tres puntos de concentraci\u00f3n, entre ellos, el Pante\u00f3n Nacional, transitando por la avenida Urdaneta, la avenida Vollmer, la avenida Sur 21 y \u00a0la avenida M\u00e9xico; La sede del Instituto Nacional de Capacitaci\u00f3n y Educaci\u00f3n Socialista (INCES) con rumbo hacia la avenida Nueva Granada, la subida de \u00a0los Bomberos del \u00a0Distrito Capital, la avenida Lecuna hasta llegar al Museo de Arquitectura; y la Plaza Bri\u00f3n, pasando por la avenida Francisco Solano, Plaza Venezuela, la Plaza de la Resistencia Ind\u00edgena el paseo de los Ind\u00edgenas hasta llegar a las residencias Anauco.<\/p>\n<p>Por Prensa Presidencial<\/p>\n","protected":false},"excerpt":{"rendered":"<p>El presidente de la Rep\u00fablica Bolivariana de Venezuela, Nicol\u00e1s Maduro, hace acto de presencia y se &hellip; <a title=\"Pueblo apoya contundentemente a Maduro y rechaza Golpe de Estado de la derecha\" class=\"hm-read-more\" href=\"https:\/\/www.mpppst.gob.ve\/mpppstweb\/index.php\/2016\/12\/17\/pueblo-apoya-contundentemente-a-maduro-y-rechaza-golpe-de-estado-de-la-derecha\/\"><span class=\"screen-reader-text\">Pueblo apoya contundentemente a Maduro y rechaza Golpe de Estado de la derecha<\/span>Read more<\/a><\/p>\n","protected":false},"author":25,"featured_media":9768,"comment_status":"closed","ping_status":"closed","sticky":false,"template":"","format":"standard","meta":{"footnotes":""},"categories":[82],"tags":[229,240],"yoast_head":"<!-- This site is optimized with the Yoast SEO plugin v22.5 - https:\/\/yoast.com\/wordpress\/plugins\/seo\/ -->\n<title>Pueblo apoya contundentemente a Maduro y rechaza Golpe de Estado de la derecha - MPPPST<\/title>\n<meta name=\"robots\" content=\"index, follow, max-snippet:-1, max-image-preview:large, max-video-preview:-1\" \/>\n<link rel=\"canonical\" href=\"https:\/\/www.mpppst.gob.ve\/mpppstweb\/index.php\/2016\/12\/17\/pueblo-apoya-contundentemente-a-maduro-y-rechaza-golpe-de-estado-de-la-derecha\/\" \/>\n<meta property=\"og:locale\" content=\"es_ES\" \/>\n<meta property=\"og:type\" content=\"article\" \/>\n<meta property=\"og:title\" content=\"Pueblo apoya contundentemente a Maduro y rechaza Golpe de Estado de la derecha - MPPPST\" \/>\n<meta property=\"og:description\" content=\"El presidente de la Rep\u00fablica Bolivariana de Venezuela, Nicol\u00e1s Maduro, hace acto de presencia y se &hellip; Pueblo apoya contundentemente a Maduro y rechaza Golpe de Estado de la derechaRead more\" \/>\n<meta property=\"og:url\" content=\"https:\/\/www.mpppst.gob.ve\/mpppstweb\/index.php\/2016\/12\/17\/pueblo-apoya-contundentemente-a-maduro-y-rechaza-golpe-de-estado-de-la-derecha\/\" \/>\n<meta property=\"og:site_name\" content=\"MPPPST\" \/>\n<meta property=\"article:published_time\" content=\"2016-12-17T20:46:34+00:00\" \/>\n<meta property=\"og:image\" content=\"https:\/\/www.mpppst.gob.ve\/mpppstweb\/wp-content\/uploads\/2016\/12\/MADURO-EN-LA-MARCHA-DEL-17.jpg\" \/>\n\t<meta property=\"og:image:width\" content=\"800\" \/>\n\t<meta property=\"og:image:height\" content=\"445\" \/>\n\t<meta property=\"og:image:type\" content=\"image\/jpeg\" \/>\n<meta name=\"author\" content=\"MPPPST Prensa\" \/>\n<meta name=\"twitter:card\" content=\"summary_large_image\" \/>\n<meta name=\"twitter:label1\" content=\"Escrito por\" \/>\n\t<meta name=\"twitter:data1\" content=\"MPPPST Prensa\" \/>\n\t<meta name=\"twitter:label2\" content=\"Tiempo de lectura\" \/>\n\t<meta name=\"twitter:data2\" content=\"2 minutos\" \/>\n<script type=\"application\/ld+json\" class=\"yoast-schema-graph\">{\"@context\":\"https:\/\/schema.org\",\"@graph\":[{\"@type\":\"Article\",\"@id\":\"https:\/\/www.mpppst.gob.ve\/mpppstweb\/index.php\/2016\/12\/17\/pueblo-apoya-contundentemente-a-maduro-y-rechaza-golpe-de-estado-de-la-derecha\/#article\",\"isPartOf\":{\"@id\":\"https:\/\/www.mpppst.gob.ve\/mpppstweb\/index.php\/2016\/12\/17\/pueblo-apoya-contundentemente-a-maduro-y-rechaza-golpe-de-estado-de-la-derecha\/\"},\"author\":{\"name\":\"MPPPST Prensa\",\"@id\":\"https:\/\/www.mpppst.gob.ve\/mpppstweb\/#\/schema\/person\/fc187ee8ead412bd4c9304b62f900ea4\"},\"headline\":\"Pueblo apoya contundentemente a Maduro y rechaza Golpe de Estado de la derecha\",\"datePublished\":\"2016-12-17T20:46:34+00:00\",\"dateModified\":\"2016-12-17T20:46:34+00:00\",\"mainEntityOfPage\":{\"@id\":\"https:\/\/www.mpppst.gob.ve\/mpppstweb\/index.php\/2016\/12\/17\/pueblo-apoya-contundentemente-a-maduro-y-rechaza-golpe-de-estado-de-la-derecha\/\"},\"wordCount\":399,\"publisher\":{\"@id\":\"https:\/\/www.mpppst.gob.ve\/mpppstweb\/#organization\"},\"image\":{\"@id\":\"https:\/\/www.mpppst.gob.ve\/mpppstweb\/index.php\/2016\/12\/17\/pueblo-apoya-contundentemente-a-maduro-y-rechaza-golpe-de-estado-de-la-derecha\/#primaryimage\"},\"thumbnailUrl\":\"https:\/\/www.mpppst.gob.ve\/mpppstweb\/wp-content\/uploads\/2016\/12\/MADURO-EN-LA-MARCHA-DEL-17.jpg\",\"keywords\":[\"Defensa Integral\",\"Participaci\u00f3n popular y protag\u00f3nica\"],\"articleSection\":[\"Gobierno Nacional\"],\"inLanguage\":\"es\"},{\"@type\":\"WebPage\",\"@id\":\"https:\/\/www.mpppst.gob.ve\/mpppstweb\/index.php\/2016\/12\/17\/pueblo-apoya-contundentemente-a-maduro-y-rechaza-golpe-de-estado-de-la-derecha\/\",\"url\":\"https:\/\/www.mpppst.gob.ve\/mpppstweb\/index.php\/2016\/12\/17\/pueblo-apoya-contundentemente-a-maduro-y-rechaza-golpe-de-estado-de-la-derecha\/\",\"name\":\"Pueblo apoya contundentemente a Maduro y rechaza Golpe de Estado de la derecha - MPPPST\",\"isPartOf\":{\"@id\":\"https:\/\/www.mpppst.gob.ve\/mpppstweb\/#website\"},\"primaryImageOfPage\":{\"@id\":\"https:\/\/www.mpppst.gob.ve\/mpppstweb\/index.php\/2016\/12\/17\/pueblo-apoya-contundentemente-a-maduro-y-rechaza-golpe-de-estado-de-la-derecha\/#primaryimage\"},\"image\":{\"@id\":\"https:\/\/www.mpppst.gob.ve\/mpppstweb\/index.php\/2016\/12\/17\/pueblo-apoya-contundentemente-a-maduro-y-rechaza-golpe-de-estado-de-la-derecha\/#primaryimage\"},\"thumbnailUrl\":\"https:\/\/www.mpppst.gob.ve\/mpppstweb\/wp-content\/uploads\/2016\/12\/MADURO-EN-LA-MARCHA-DEL-17.jpg\",\"datePublished\":\"2016-12-17T20:46:34+00:00\",\"dateModified\":\"2016-12-17T20:46:34+00:00\",\"breadcrumb\":{\"@id\":\"https:\/\/www.mpppst.gob.ve\/mpppstweb\/index.php\/2016\/12\/17\/pueblo-apoya-contundentemente-a-maduro-y-rechaza-golpe-de-estado-de-la-derecha\/#breadcrumb\"},\"inLanguage\":\"es\",\"potentialAction\":[{\"@type\":\"ReadAction\",\"target\":[\"https:\/\/www.mpppst.gob.ve\/mpppstweb\/index.php\/2016\/12\/17\/pueblo-apoya-contundentemente-a-maduro-y-rechaza-golpe-de-estado-de-la-derecha\/\"]}]},{\"@type\":\"ImageObject\",\"inLanguage\":\"es\",\"@id\":\"https:\/\/www.mpppst.gob.ve\/mpppstweb\/index.php\/2016\/12\/17\/pueblo-apoya-contundentemente-a-maduro-y-rechaza-golpe-de-estado-de-la-derecha\/#primaryimage\",\"url\":\"https:\/\/www.mpppst.gob.ve\/mpppstweb\/wp-content\/uploads\/2016\/12\/MADURO-EN-LA-MARCHA-DEL-17.jpg\",\"contentUrl\":\"https:\/\/www.mpppst.gob.ve\/mpppstweb\/wp-content\/uploads\/2016\/12\/MADURO-EN-LA-MARCHA-DEL-17.jpg\",\"width\":800,\"height\":445},{\"@type\":\"BreadcrumbList\",\"@id\":\"https:\/\/www.mpppst.gob.ve\/mpppstweb\/index.php\/2016\/12\/17\/pueblo-apoya-contundentemente-a-maduro-y-rechaza-golpe-de-estado-de-la-derecha\/#breadcrumb\",\"itemListElement\":[{\"@type\":\"ListItem\",\"position\":1,\"name\":\"Home\",\"item\":\"https:\/\/www.mpppst.gob.ve\/mpppstweb\/\"},{\"@type\":\"ListItem\",\"position\":2,\"name\":\"Pueblo apoya contundentemente a Maduro y rechaza Golpe de Estado de la derecha\"}]},{\"@type\":\"WebSite\",\"@id\":\"https:\/\/www.mpppst.gob.ve\/mpppstweb\/#website\",\"url\":\"https:\/\/www.mpppst.gob.ve\/mpppstweb\/\",\"name\":\"MPPPST\",\"description\":\"Ministerio del Poder Popular para el Proceso Social de Trabajo\",\"publisher\":{\"@id\":\"https:\/\/www.mpppst.gob.ve\/mpppstweb\/#organization\"},\"potentialAction\":[{\"@type\":\"SearchAction\",\"target\":{\"@type\":\"EntryPoint\",\"urlTemplate\":\"https:\/\/www.mpppst.gob.ve\/mpppstweb\/?s={search_term_string}\"},\"query-input\":\"required name=search_term_string\"}],\"inLanguage\":\"es\"},{\"@type\":\"Organization\",\"@id\":\"https:\/\/www.mpppst.gob.ve\/mpppstweb\/#organization\",\"name\":\"mpppst\",\"url\":\"https:\/\/www.mpppst.gob.ve\/mpppstweb\/\",\"logo\":{\"@type\":\"ImageObject\",\"inLanguage\":\"es\",\"@id\":\"https:\/\/www.mpppst.gob.ve\/mpppstweb\/#\/schema\/logo\/image\/\",\"url\":\"https:\/\/www.mpppst.gob.ve\/mpppstweb\/wp-content\/uploads\/2025\/07\/cropped-cropped-g910.png\",\"contentUrl\":\"https:\/\/www.mpppst.gob.ve\/mpppstweb\/wp-content\/uploads\/2025\/07\/cropped-cropped-g910.png\",\"width\":1080,\"height\":241,\"caption\":\"mpppst\"},\"image\":{\"@id\":\"https:\/\/www.mpppst.gob.ve\/mpppstweb\/#\/schema\/logo\/image\/\"}},{\"@type\":\"Person\",\"@id\":\"https:\/\/www.mpppst.gob.ve\/mpppstweb\/#\/schema\/person\/fc187ee8ead412bd4c9304b62f900ea4\",\"name\":\"MPPPST Prensa\",\"url\":\"https:\/\/www.mpppst.gob.ve\/mpppstweb\/index.php\/author\/prensa-mpppst\/\"}]}<\/script>\n<!-- \/ Yoast SEO plugin. -->","yoast_head_json":{"title":"Pueblo apoya contundentemente a Maduro y rechaza Golpe de Estado de la derecha - MPPPST","robots":{"index":"index","follow":"follow","max-snippet":"max-snippet:-1","max-image-preview":"max-image-preview:large","max-video-preview":"max-video-preview:-1"},"canonical":"https:\/\/www.mpppst.gob.ve\/mpppstweb\/index.php\/2016\/12\/17\/pueblo-apoya-contundentemente-a-maduro-y-rechaza-golpe-de-estado-de-la-derecha\/","og_locale":"es_ES","og_type":"article","og_title":"Pueblo apoya contundentemente a Maduro y rechaza Golpe de Estado de la derecha - MPPPST","og_description":"El presidente de la Rep\u00fablica Bolivariana de Venezuela, Nicol\u00e1s Maduro, hace acto de presencia y se &hellip; Pueblo apoya contundentemente a Maduro y rechaza Golpe de Estado de la derechaRead more","og_url":"https:\/\/www.mpppst.gob.ve\/mpppstweb\/index.php\/2016\/12\/17\/pueblo-apoya-contundentemente-a-maduro-y-rechaza-golpe-de-estado-de-la-derecha\/","og_site_name":"MPPPST","article_published_time":"2016-12-17T20:46:34+00:00","og_image":[{"width":800,"height":445,"url":"https:\/\/www.mpppst.gob.ve\/mpppstweb\/wp-content\/uploads\/2016\/12\/MADURO-EN-LA-MARCHA-DEL-17.jpg","type":"image\/jpeg"}],"author":"MPPPST Prensa","twitter_card":"summary_large_image","twitter_misc":{"Escrito por":"MPPPST Prensa","Tiempo de lectura":"2 minutos"},"schema":{"@context":"https:\/\/schema.org","@graph":[{"@type":"Article","@id":"https:\/\/www.mpppst.gob.ve\/mpppstweb\/index.php\/2016\/12\/17\/pueblo-apoya-contundentemente-a-maduro-y-rechaza-golpe-de-estado-de-la-derecha\/#article","isPartOf":{"@id":"https:\/\/www.mpppst.gob.ve\/mpppstweb\/index.php\/2016\/12\/17\/pueblo-apoya-contundentemente-a-maduro-y-rechaza-golpe-de-estado-de-la-derecha\/"},"author":{"name":"MPPPST Prensa","@id":"https:\/\/www.mpppst.gob.ve\/mpppstweb\/#\/schema\/person\/fc187ee8ead412bd4c9304b62f900ea4"},"headline":"Pueblo apoya contundentemente a Maduro y rechaza Golpe de Estado de la derecha","datePublished":"2016-12-17T20:46:34+00:00","dateModified":"2016-12-17T20:46:34+00:00","mainEntityOfPage":{"@id":"https:\/\/www.mpppst.gob.ve\/mpppstweb\/index.php\/2016\/12\/17\/pueblo-apoya-contundentemente-a-maduro-y-rechaza-golpe-de-estado-de-la-derecha\/"},"wordCount":399,"publisher":{"@id":"https:\/\/www.mpppst.gob.ve\/mpppstweb\/#organization"},"image":{"@id":"https:\/\/www.mpppst.gob.ve\/mpppstweb\/index.php\/2016\/12\/17\/pueblo-apoya-contundentemente-a-maduro-y-rechaza-golpe-de-estado-de-la-derecha\/#primaryimage"},"thumbnailUrl":"https:\/\/www.mpppst.gob.ve\/mpppstweb\/wp-content\/uploads\/2016\/12\/MADURO-EN-LA-MARCHA-DEL-17.jpg","keywords":["Defensa Integral","Participaci\u00f3n popular y protag\u00f3nica"],"articleSection":["Gobierno Nacional"],"inLanguage":"es"},{"@type":"WebPage","@id":"https:\/\/www.mpppst.gob.ve\/mpppstweb\/index.php\/2016\/12\/17\/pueblo-apoya-contundentemente-a-maduro-y-rechaza-golpe-de-estado-de-la-derecha\/","url":"https:\/\/www.mpppst.gob.ve\/mpppstweb\/index.php\/2016\/12\/17\/pueblo-apoya-contundentemente-a-maduro-y-rechaza-golpe-de-estado-de-la-derecha\/","name":"Pueblo apoya contundentemente a Maduro y rechaza Golpe de Estado de la derecha - MPPPST","isPartOf":{"@id":"https:\/\/www.mpppst.gob.ve\/mpppstweb\/#website"},"primaryImageOfPage":{"@id":"https:\/\/www.mpppst.gob.ve\/mpppstweb\/index.php\/2016\/12\/17\/pueblo-apoya-contundentemente-a-maduro-y-rechaza-golpe-de-estado-de-la-derecha\/#primaryimage"},"image":{"@id":"https:\/\/www.mpppst.gob.ve\/mpppstweb\/index.php\/2016\/12\/17\/pueblo-apoya-contundentemente-a-maduro-y-rechaza-golpe-de-estado-de-la-derecha\/#primaryimage"},"thumbnailUrl":"https:\/\/www.mpppst.gob.ve\/mpppstweb\/wp-content\/uploads\/2016\/12\/MADURO-EN-LA-MARCHA-DEL-17.jpg","datePublished":"2016-12-17T20:46:34+00:00","dateModified":"2016-12-17T20:46:34+00:00","breadcrumb":{"@id":"https:\/\/www.mpppst.gob.ve\/mpppstweb\/index.php\/2016\/12\/17\/pueblo-apoya-contundentemente-a-maduro-y-rechaza-golpe-de-estado-de-la-derecha\/#breadcrumb"},"inLanguage":"es","potentialAction":[{"@type":"ReadAction","target":["https:\/\/www.mpppst.gob.ve\/mpppstweb\/index.php\/2016\/12\/17\/pueblo-apoya-contundentemente-a-maduro-y-rechaza-golpe-de-estado-de-la-derecha\/"]}]},{"@type":"ImageObject","inLanguage":"es","@id":"https:\/\/www.mpppst.gob.ve\/mpppstweb\/index.php\/2016\/12\/17\/pueblo-apoya-contundentemente-a-maduro-y-rechaza-golpe-de-estado-de-la-derecha\/#primaryimage","url":"https:\/\/www.mpppst.gob.ve\/mpppstweb\/wp-content\/uploads\/2016\/12\/MADURO-EN-LA-MARCHA-DEL-17.jpg","contentUrl":"https:\/\/www.mpppst.gob.ve\/mpppstweb\/wp-content\/uploads\/2016\/12\/MADURO-EN-LA-MARCHA-DEL-17.jpg","width":800,"height":445},{"@type":"BreadcrumbList","@id":"https:\/\/www.mpppst.gob.ve\/mpppstweb\/index.php\/2016\/12\/17\/pueblo-apoya-contundentemente-a-maduro-y-rechaza-golpe-de-estado-de-la-derecha\/#breadcrumb","itemListElement":[{"@type":"ListItem","position":1,"name":"Home","item":"https:\/\/www.mpppst.gob.ve\/mpppstweb\/"},{"@type":"ListItem","position":2,"name":"Pueblo apoya contundentemente a Maduro y rechaza Golpe de Estado de la derecha"}]},{"@type":"WebSite","@id":"https:\/\/www.mpppst.gob.ve\/mpppstweb\/#website","url":"https:\/\/www.mpppst.gob.ve\/mpppstweb\/","name":"MPPPST","description":"Ministerio del Poder Popular para el Proceso Social de Trabajo","publisher":{"@id":"https:\/\/www.mpppst.gob.ve\/mpppstweb\/#organization"},"potentialAction":[{"@type":"SearchAction","target":{"@type":"EntryPoint","urlTemplate":"https:\/\/www.mpppst.gob.ve\/mpppstweb\/?s={search_term_string}"},"query-input":"required name=search_term_string"}],"inLanguage":"es"},{"@type":"Organization","@id":"https:\/\/www.mpppst.gob.ve\/mpppstweb\/#organization","name":"mpppst","url":"https:\/\/www.mpppst.gob.ve\/mpppstweb\/","logo":{"@type":"ImageObject","inLanguage":"es","@id":"https:\/\/www.mpppst.gob.ve\/mpppstweb\/#\/schema\/logo\/image\/","url":"https:\/\/www.mpppst.gob.ve\/mpppstweb\/wp-content\/uploads\/2025\/07\/cropped-cropped-g910.png","contentUrl":"https:\/\/www.mpppst.gob.ve\/mpppstweb\/wp-content\/uploads\/2025\/07\/cropped-cropped-g910.png","width":1080,"height":241,"caption":"mpppst"},"image":{"@id":"https:\/\/www.mpppst.gob.ve\/mpppstweb\/#\/schema\/logo\/image\/"}},{"@type":"Person","@id":"https:\/\/www.mpppst.gob.ve\/mpppstweb\/#\/schema\/person\/fc187ee8ead412bd4c9304b62f900ea4","name":"MPPPST Prensa","url":"https:\/\/www.mpppst.gob.ve\/mpppstweb\/index.php\/author\/prensa-mpppst\/"}]}},"_links":{"self":[{"href":"https:\/\/www.mpppst.gob.ve\/mpppstweb\/index.php\/wp-json\/wp\/v2\/posts\/9767"}],"collection":[{"href":"https:\/\/www.mpppst.gob.ve\/mpppstweb\/index.php\/wp-json\/wp\/v2\/posts"}],"about":[{"href":"https:\/\/www.mpppst.gob.ve\/mpppstweb\/index.php\/wp-json\/wp\/v2\/types\/post"}],"author":[{"embeddable":true,"href":"https:\/\/www.mpppst.gob.ve\/mpppstweb\/index.php\/wp-json\/wp\/v2\/users\/25"}],"replies":[{"embeddable":true,"href":"https:\/\/www.mpppst.gob.ve\/mpppstweb\/index.php\/wp-json\/wp\/v2\/comments?post=9767"}],"version-history":[{"count":1,"href":"https:\/\/www.mpppst.gob.ve\/mpppstweb\/index.php\/wp-json\/wp\/v2\/posts\/9767\/revisions"}],"predecessor-version":[{"id":9769,"href":"https:\/\/www.mpppst.gob.ve\/mpppstweb\/index.php\/wp-json\/wp\/v2\/posts\/9767\/revisions\/9769"}],"wp:featuredmedia":[{"embeddable":true,"href":"https:\/\/www.mpppst.gob.ve\/mpppstweb\/index.php\/wp-json\/wp\/v2\/media\/9768"}],"wp:attachment":[{"href":"https:\/\/www.mpppst.gob.ve\/mpppstweb\/index.php\/wp-json\/wp\/v2\/media?parent=9767"}],"wp:term":[{"taxonomy":"category","embeddable":true,"href":"https:\/\/www.mpppst.gob.ve\/mpppstweb\/index.php\/wp-json\/wp\/v2\/categories?post=9767"},{"taxonomy":"post_tag","embeddable":true,"href":"https:\/\/www.mpppst.gob.ve\/mpppstweb\/index.php\/wp-json\/wp\/v2\/tags?post=9767"}],"curies":[{"name":"wp","href":"https:\/\/api.w.org\/{rel}","templated":true}]}}