{"id":9770,"date":"2016-12-18T03:35:12","date_gmt":"2016-12-18T03:35:12","guid":{"rendered":"http:\/\/www.mpppst.gob.ve\/mpppstweb\/?p=9770"},"modified":"2016-12-18T03:42:22","modified_gmt":"2016-12-18T03:42:22","slug":"trabajadores-de-yaracuy-con-el-iuty-y-el-mpppst-rinden-homenaje-a-fidel","status":"publish","type":"post","link":"https:\/\/www.mpppst.gob.ve\/mpppstweb\/index.php\/2016\/12\/18\/trabajadores-de-yaracuy-con-el-iuty-y-el-mpppst-rinden-homenaje-a-fidel\/","title":{"rendered":"Trabajadores de Yaracuy con el IUTY y el MPPPST rinden homenaje a Fidel"},"content":{"rendered":"<p>San Felipe, 16 de diciembre (DGGC).- Un c\u00e1lido homenaje y postrer tributo al l\u00edder de la Revoluci\u00f3n Cubana, Fidel Castro, le rindieron los m\u00e1s de ochenta integrantes de los Consejos Productivos de \u00a0Trabajadores (CPT) que hasta el presente se han organizado en el estado Yaracuy, acompa\u00f1ados por autoridades del Instituto Universitario de Tecnolog\u00eda (IUTY) de la entidad y de la Direcci\u00f3n Estadal del Ministerio del Poder Popular para el Proceso Social de Trabajo.<\/p>\n<p>Las palabras de honor estuvieron a cargo de la Dra. Rosana Oliveros, Rectora del IUTY, quien expres\u00f3 la admiraci\u00f3n y estima hacia el estadista cubano por su obra solidaria con el mundo y su ejemplo imperecedero, y record\u00f3 que fue un extraordinario amigo del Comandante Supremo, Hugo Ch\u00e1vez, y del pueblo venezolano.<\/p>\n<p>Profesores y miembros de los movimientos sociales asistieron al acto que cont\u00f3 con la presencia de la Dra. Victorina Arteaga, integrante de la graduaci\u00f3n de abogados \u201cFidel Castro\u201d de la Universidad de Carabobo y Directora Estadal del MPPPST, as\u00ed como del profesor cubano-venezolano, invitado a disertar, Ernesto Wong Maestre, quien se refiri\u00f3 al legado del Comandante en Jefe cubano.<\/p>\n<p>\u201cFidel es un ejemplo de combatiente en la batalla de las ideas porque supo argumentar en su discurso vinculando la gran obra que se iba realizando, a los principios revolucionarios y a las circunstancias, con lo que contribuy\u00f3 a la formaci\u00f3n pol\u00edtica de su pueblo\u201d, se\u00f1al\u00f3 Wong.<\/p>\n<p>El ponente record\u00f3 que desde los primeros meses de llegar al poder la Revoluci\u00f3n, Fidel expuso la visi\u00f3n marxista del mundo, cuando ante los gobernantes latinoamericanos reunidos en Argentina aclar\u00f3 que \u201cla inestabilidad pol\u00edtica de los gobiernos y de los pueblos de Am\u00e9rica Latina en estos tiempos no es la causa del subdesarrollo, sino la consecuencia del subdesarrollo\u201d y que a diferencia de lo que com\u00fanmente se dec\u00eda, \u201cel mal no est\u00e1 en nosotros, que el mal est\u00e1, fundamentalmente, en nuestras condiciones econ\u00f3micas y sociales, que no hemos tenido la fortuna de podernos desarrollar como se han desarrollado los pa\u00edses del norte, y que las causas no est\u00e1n en el hombre latinoamericano, (\u2026) que las causas est\u00e1n en la base econ\u00f3mica, en los tremendos problemas econ\u00f3micos que desde los or\u00edgenes hemos afrontado estos pueblos de Centroam\u00e9rica y de Suram\u00e9rica\u201d.<\/p>\n<p>Record\u00f3 adem\u00e1s que Fidel lanz\u00f3 una de sus primeras cr\u00edticas p\u00fablicas a los EEUU en esa misma intervenci\u00f3n de mayo de 1959 cuando ante la mirada at\u00f3nita de los delegados estadounidenses que hab\u00edan exaltado el \u201csacrificio\u201d financiero hecho por su sociedad para poder invertir en el extranjero, el primer ministro cubano reflexion\u00f3 y dijo: \u201cNo lo ha hecho en favor de los pueblos de la Am\u00e9rica Latina, no se han dirigido hacia aqu\u00ed, hacia la familia de este hemisferio.\u00a0 Se han dirigido esos sacrificios hacia Europa, para su reconstrucci\u00f3n despu\u00e9s de la guerra, se han dirigido hacia los lejanos pa\u00edses del Medio Oriente\u201d.<\/p>\n<p>Al referirse al conflicto entre Cuba y EEUU por la pol\u00edtica de bloqueo econ\u00f3mico, financiero y comercial que sostiene la Casa Blanca contra La Habana por m\u00e1s de cincuenta a\u00f1os, Wong dijo que \u201cel pensamiento social de Fidel se ha extendido por toda la regi\u00f3n y buena parte del mundo, a pesar de la manipulaci\u00f3n medi\u00e1tica adversa, durante casi un siglo de vida y obra revolucionaria en Cuba\u201d y \u201cesa es una verdad temida por Donald Trump, y de ah\u00ed su insolencia y falta de respeto hacia la memoria de Fidel, por lo que Trump \u2013consider\u00f3 el ponente- estaba cometiendo el mismo error que los anteriores once presidentes estadounidenses que siempre fueron vencidos por el l\u00edder cubano junto a su pueblo\u201d.<\/p>\n<p>El evento concluy\u00f3 con el documental Oda por la Revoluci\u00f3n del director Roberto Chile y la proyecci\u00f3n de las palabras de deseos de Fidel sobre el legado del Che al que elogi\u00f3 por no tener \u201cninguna mancha en su conducta, ninguna mancha en su actuaci\u00f3n\u201d por lo que as\u00ed deber\u00edan ser \u201cnuestros combatientes\u201d y \u201cnuestros hijos\u201d.<\/p>\n","protected":false},"excerpt":{"rendered":"<p>San Felipe, 16 de diciembre (DGGC).- Un c\u00e1lido homenaje y postrer tributo al l\u00edder de la &hellip; <a title=\"Trabajadores de Yaracuy con el IUTY y el MPPPST rinden homenaje a Fidel\" class=\"hm-read-more\" href=\"https:\/\/www.mpppst.gob.ve\/mpppstweb\/index.php\/2016\/12\/18\/trabajadores-de-yaracuy-con-el-iuty-y-el-mpppst-rinden-homenaje-a-fidel\/\"><span class=\"screen-reader-text\">Trabajadores de Yaracuy con el IUTY y el MPPPST rinden homenaje a Fidel<\/span>Read more<\/a><\/p>\n","protected":false},"author":25,"featured_media":8209,"comment_status":"closed","ping_status":"closed","sticky":false,"template":"","format":"standard","meta":{"footnotes":""},"categories":[205,84,149],"tags":[],"yoast_head":"<!-- This site is optimized with the Yoast SEO plugin v22.5 - https:\/\/yoast.com\/wordpress\/plugins\/seo\/ -->\n<title>Trabajadores de Yaracuy con el IUTY y el MPPPST rinden homenaje a Fidel - MPPPST<\/title>\n<meta name=\"robots\" content=\"index, follow, max-snippet:-1, max-image-preview:large, max-video-preview:-1\" \/>\n<link rel=\"canonical\" href=\"https:\/\/www.mpppst.gob.ve\/mpppstweb\/index.php\/2016\/12\/18\/trabajadores-de-yaracuy-con-el-iuty-y-el-mpppst-rinden-homenaje-a-fidel\/\" \/>\n<meta property=\"og:locale\" content=\"es_ES\" \/>\n<meta property=\"og:type\" content=\"article\" \/>\n<meta property=\"og:title\" content=\"Trabajadores de Yaracuy con el IUTY y el MPPPST rinden homenaje a Fidel - MPPPST\" \/>\n<meta property=\"og:description\" content=\"San Felipe, 16 de diciembre (DGGC).- Un c\u00e1lido homenaje y postrer tributo al l\u00edder de la &hellip; Trabajadores de Yaracuy con el IUTY y el MPPPST rinden homenaje a FidelRead more\" \/>\n<meta property=\"og:url\" content=\"https:\/\/www.mpppst.gob.ve\/mpppstweb\/index.php\/2016\/12\/18\/trabajadores-de-yaracuy-con-el-iuty-y-el-mpppst-rinden-homenaje-a-fidel\/\" \/>\n<meta property=\"og:site_name\" content=\"MPPPST\" \/>\n<meta property=\"article:published_time\" content=\"2016-12-18T03:35:12+00:00\" \/>\n<meta property=\"article:modified_time\" content=\"2016-12-18T03:42:22+00:00\" \/>\n<meta property=\"og:image\" content=\"https:\/\/www.mpppst.gob.ve\/mpppstweb\/wp-content\/uploads\/2016\/08\/Caracas-celebra-cumplea\u00f1os-de-Fidel-Castro-800x445.jpg\" \/>\n\t<meta property=\"og:image:width\" content=\"800\" \/>\n\t<meta property=\"og:image:height\" content=\"445\" \/>\n\t<meta property=\"og:image:type\" content=\"image\/jpeg\" \/>\n<meta name=\"author\" content=\"MPPPST Prensa\" \/>\n<meta name=\"twitter:card\" content=\"summary_large_image\" \/>\n<meta name=\"twitter:label1\" content=\"Escrito por\" \/>\n\t<meta name=\"twitter:data1\" content=\"MPPPST Prensa\" \/>\n\t<meta name=\"twitter:label2\" content=\"Tiempo de lectura\" \/>\n\t<meta name=\"twitter:data2\" content=\"3 minutos\" \/>\n<script type=\"application\/ld+json\" class=\"yoast-schema-graph\">{\"@context\":\"https:\/\/schema.org\",\"@graph\":[{\"@type\":\"Article\",\"@id\":\"https:\/\/www.mpppst.gob.ve\/mpppstweb\/index.php\/2016\/12\/18\/trabajadores-de-yaracuy-con-el-iuty-y-el-mpppst-rinden-homenaje-a-fidel\/#article\",\"isPartOf\":{\"@id\":\"https:\/\/www.mpppst.gob.ve\/mpppstweb\/index.php\/2016\/12\/18\/trabajadores-de-yaracuy-con-el-iuty-y-el-mpppst-rinden-homenaje-a-fidel\/\"},\"author\":{\"name\":\"MPPPST Prensa\",\"@id\":\"https:\/\/www.mpppst.gob.ve\/mpppstweb\/#\/schema\/person\/fc187ee8ead412bd4c9304b62f900ea4\"},\"headline\":\"Trabajadores de Yaracuy con el IUTY y el MPPPST rinden homenaje a Fidel\",\"datePublished\":\"2016-12-18T03:35:12+00:00\",\"dateModified\":\"2016-12-18T03:42:22+00:00\",\"mainEntityOfPage\":{\"@id\":\"https:\/\/www.mpppst.gob.ve\/mpppstweb\/index.php\/2016\/12\/18\/trabajadores-de-yaracuy-con-el-iuty-y-el-mpppst-rinden-homenaje-a-fidel\/\"},\"wordCount\":711,\"publisher\":{\"@id\":\"https:\/\/www.mpppst.gob.ve\/mpppstweb\/#organization\"},\"image\":{\"@id\":\"https:\/\/www.mpppst.gob.ve\/mpppstweb\/index.php\/2016\/12\/18\/trabajadores-de-yaracuy-con-el-iuty-y-el-mpppst-rinden-homenaje-a-fidel\/#primaryimage\"},\"thumbnailUrl\":\"https:\/\/www.mpppst.gob.ve\/mpppstweb\/wp-content\/uploads\/2016\/08\/Caracas-celebra-cumplea\u00f1os-de-Fidel-Castro-800x445.jpg\",\"articleSection\":[\"Autoformacion\",\"Vida Laboral y Sindical\",\"Vida social y Pol\u00edtica\"],\"inLanguage\":\"es\"},{\"@type\":\"WebPage\",\"@id\":\"https:\/\/www.mpppst.gob.ve\/mpppstweb\/index.php\/2016\/12\/18\/trabajadores-de-yaracuy-con-el-iuty-y-el-mpppst-rinden-homenaje-a-fidel\/\",\"url\":\"https:\/\/www.mpppst.gob.ve\/mpppstweb\/index.php\/2016\/12\/18\/trabajadores-de-yaracuy-con-el-iuty-y-el-mpppst-rinden-homenaje-a-fidel\/\",\"name\":\"Trabajadores de Yaracuy con el IUTY y el MPPPST rinden homenaje a Fidel - MPPPST\",\"isPartOf\":{\"@id\":\"https:\/\/www.mpppst.gob.ve\/mpppstweb\/#website\"},\"primaryImageOfPage\":{\"@id\":\"https:\/\/www.mpppst.gob.ve\/mpppstweb\/index.php\/2016\/12\/18\/trabajadores-de-yaracuy-con-el-iuty-y-el-mpppst-rinden-homenaje-a-fidel\/#primaryimage\"},\"image\":{\"@id\":\"https:\/\/www.mpppst.gob.ve\/mpppstweb\/index.php\/2016\/12\/18\/trabajadores-de-yaracuy-con-el-iuty-y-el-mpppst-rinden-homenaje-a-fidel\/#primaryimage\"},\"thumbnailUrl\":\"https:\/\/www.mpppst.gob.ve\/mpppstweb\/wp-content\/uploads\/2016\/08\/Caracas-celebra-cumplea\u00f1os-de-Fidel-Castro-800x445.jpg\",\"datePublished\":\"2016-12-18T03:35:12+00:00\",\"dateModified\":\"2016-12-18T03:42:22+00:00\",\"breadcrumb\":{\"@id\":\"https:\/\/www.mpppst.gob.ve\/mpppstweb\/index.php\/2016\/12\/18\/trabajadores-de-yaracuy-con-el-iuty-y-el-mpppst-rinden-homenaje-a-fidel\/#breadcrumb\"},\"inLanguage\":\"es\",\"potentialAction\":[{\"@type\":\"ReadAction\",\"target\":[\"https:\/\/www.mpppst.gob.ve\/mpppstweb\/index.php\/2016\/12\/18\/trabajadores-de-yaracuy-con-el-iuty-y-el-mpppst-rinden-homenaje-a-fidel\/\"]}]},{\"@type\":\"ImageObject\",\"inLanguage\":\"es\",\"@id\":\"https:\/\/www.mpppst.gob.ve\/mpppstweb\/index.php\/2016\/12\/18\/trabajadores-de-yaracuy-con-el-iuty-y-el-mpppst-rinden-homenaje-a-fidel\/#primaryimage\",\"url\":\"https:\/\/www.mpppst.gob.ve\/mpppstweb\/wp-content\/uploads\/2016\/08\/Caracas-celebra-cumplea\u00f1os-de-Fidel-Castro-800x445.jpg\",\"contentUrl\":\"https:\/\/www.mpppst.gob.ve\/mpppstweb\/wp-content\/uploads\/2016\/08\/Caracas-celebra-cumplea\u00f1os-de-Fidel-Castro-800x445.jpg\",\"width\":800,\"height\":445},{\"@type\":\"BreadcrumbList\",\"@id\":\"https:\/\/www.mpppst.gob.ve\/mpppstweb\/index.php\/2016\/12\/18\/trabajadores-de-yaracuy-con-el-iuty-y-el-mpppst-rinden-homenaje-a-fidel\/#breadcrumb\",\"itemListElement\":[{\"@type\":\"ListItem\",\"position\":1,\"name\":\"Home\",\"item\":\"https:\/\/www.mpppst.gob.ve\/mpppstweb\/\"},{\"@type\":\"ListItem\",\"position\":2,\"name\":\"Trabajadores de Yaracuy con el IUTY y el MPPPST rinden homenaje a Fidel\"}]},{\"@type\":\"WebSite\",\"@id\":\"https:\/\/www.mpppst.gob.ve\/mpppstweb\/#website\",\"url\":\"https:\/\/www.mpppst.gob.ve\/mpppstweb\/\",\"name\":\"MPPPST\",\"description\":\"Ministerio del Poder Popular para el Proceso Social de Trabajo\",\"publisher\":{\"@id\":\"https:\/\/www.mpppst.gob.ve\/mpppstweb\/#organization\"},\"potentialAction\":[{\"@type\":\"SearchAction\",\"target\":{\"@type\":\"EntryPoint\",\"urlTemplate\":\"https:\/\/www.mpppst.gob.ve\/mpppstweb\/?s={search_term_string}\"},\"query-input\":\"required name=search_term_string\"}],\"inLanguage\":\"es\"},{\"@type\":\"Organization\",\"@id\":\"https:\/\/www.mpppst.gob.ve\/mpppstweb\/#organization\",\"name\":\"mpppst\",\"url\":\"https:\/\/www.mpppst.gob.ve\/mpppstweb\/\",\"logo\":{\"@type\":\"ImageObject\",\"inLanguage\":\"es\",\"@id\":\"https:\/\/www.mpppst.gob.ve\/mpppstweb\/#\/schema\/logo\/image\/\",\"url\":\"https:\/\/www.mpppst.gob.ve\/mpppstweb\/wp-content\/uploads\/2025\/07\/cropped-cropped-g910.png\",\"contentUrl\":\"https:\/\/www.mpppst.gob.ve\/mpppstweb\/wp-content\/uploads\/2025\/07\/cropped-cropped-g910.png\",\"width\":1080,\"height\":241,\"caption\":\"mpppst\"},\"image\":{\"@id\":\"https:\/\/www.mpppst.gob.ve\/mpppstweb\/#\/schema\/logo\/image\/\"}},{\"@type\":\"Person\",\"@id\":\"https:\/\/www.mpppst.gob.ve\/mpppstweb\/#\/schema\/person\/fc187ee8ead412bd4c9304b62f900ea4\",\"name\":\"MPPPST Prensa\",\"url\":\"https:\/\/www.mpppst.gob.ve\/mpppstweb\/index.php\/author\/prensa-mpppst\/\"}]}<\/script>\n<!-- \/ Yoast SEO plugin. -->","yoast_head_json":{"title":"Trabajadores de Yaracuy con el IUTY y el MPPPST rinden homenaje a Fidel - MPPPST","robots":{"index":"index","follow":"follow","max-snippet":"max-snippet:-1","max-image-preview":"max-image-preview:large","max-video-preview":"max-video-preview:-1"},"canonical":"https:\/\/www.mpppst.gob.ve\/mpppstweb\/index.php\/2016\/12\/18\/trabajadores-de-yaracuy-con-el-iuty-y-el-mpppst-rinden-homenaje-a-fidel\/","og_locale":"es_ES","og_type":"article","og_title":"Trabajadores de Yaracuy con el IUTY y el MPPPST rinden homenaje a Fidel - MPPPST","og_description":"San Felipe, 16 de diciembre (DGGC).- Un c\u00e1lido homenaje y postrer tributo al l\u00edder de la &hellip; Trabajadores de Yaracuy con el IUTY y el MPPPST rinden homenaje a FidelRead more","og_url":"https:\/\/www.mpppst.gob.ve\/mpppstweb\/index.php\/2016\/12\/18\/trabajadores-de-yaracuy-con-el-iuty-y-el-mpppst-rinden-homenaje-a-fidel\/","og_site_name":"MPPPST","article_published_time":"2016-12-18T03:35:12+00:00","article_modified_time":"2016-12-18T03:42:22+00:00","og_image":[{"width":800,"height":445,"url":"https:\/\/www.mpppst.gob.ve\/mpppstweb\/wp-content\/uploads\/2016\/08\/Caracas-celebra-cumplea\u00f1os-de-Fidel-Castro-800x445.jpg","type":"image\/jpeg"}],"author":"MPPPST Prensa","twitter_card":"summary_large_image","twitter_misc":{"Escrito por":"MPPPST Prensa","Tiempo de lectura":"3 minutos"},"schema":{"@context":"https:\/\/schema.org","@graph":[{"@type":"Article","@id":"https:\/\/www.mpppst.gob.ve\/mpppstweb\/index.php\/2016\/12\/18\/trabajadores-de-yaracuy-con-el-iuty-y-el-mpppst-rinden-homenaje-a-fidel\/#article","isPartOf":{"@id":"https:\/\/www.mpppst.gob.ve\/mpppstweb\/index.php\/2016\/12\/18\/trabajadores-de-yaracuy-con-el-iuty-y-el-mpppst-rinden-homenaje-a-fidel\/"},"author":{"name":"MPPPST Prensa","@id":"https:\/\/www.mpppst.gob.ve\/mpppstweb\/#\/schema\/person\/fc187ee8ead412bd4c9304b62f900ea4"},"headline":"Trabajadores de Yaracuy con el IUTY y el MPPPST rinden homenaje a Fidel","datePublished":"2016-12-18T03:35:12+00:00","dateModified":"2016-12-18T03:42:22+00:00","mainEntityOfPage":{"@id":"https:\/\/www.mpppst.gob.ve\/mpppstweb\/index.php\/2016\/12\/18\/trabajadores-de-yaracuy-con-el-iuty-y-el-mpppst-rinden-homenaje-a-fidel\/"},"wordCount":711,"publisher":{"@id":"https:\/\/www.mpppst.gob.ve\/mpppstweb\/#organization"},"image":{"@id":"https:\/\/www.mpppst.gob.ve\/mpppstweb\/index.php\/2016\/12\/18\/trabajadores-de-yaracuy-con-el-iuty-y-el-mpppst-rinden-homenaje-a-fidel\/#primaryimage"},"thumbnailUrl":"https:\/\/www.mpppst.gob.ve\/mpppstweb\/wp-content\/uploads\/2016\/08\/Caracas-celebra-cumplea\u00f1os-de-Fidel-Castro-800x445.jpg","articleSection":["Autoformacion","Vida Laboral y Sindical","Vida social y Pol\u00edtica"],"inLanguage":"es"},{"@type":"WebPage","@id":"https:\/\/www.mpppst.gob.ve\/mpppstweb\/index.php\/2016\/12\/18\/trabajadores-de-yaracuy-con-el-iuty-y-el-mpppst-rinden-homenaje-a-fidel\/","url":"https:\/\/www.mpppst.gob.ve\/mpppstweb\/index.php\/2016\/12\/18\/trabajadores-de-yaracuy-con-el-iuty-y-el-mpppst-rinden-homenaje-a-fidel\/","name":"Trabajadores de Yaracuy con el IUTY y el MPPPST rinden homenaje a Fidel - MPPPST","isPartOf":{"@id":"https:\/\/www.mpppst.gob.ve\/mpppstweb\/#website"},"primaryImageOfPage":{"@id":"https:\/\/www.mpppst.gob.ve\/mpppstweb\/index.php\/2016\/12\/18\/trabajadores-de-yaracuy-con-el-iuty-y-el-mpppst-rinden-homenaje-a-fidel\/#primaryimage"},"image":{"@id":"https:\/\/www.mpppst.gob.ve\/mpppstweb\/index.php\/2016\/12\/18\/trabajadores-de-yaracuy-con-el-iuty-y-el-mpppst-rinden-homenaje-a-fidel\/#primaryimage"},"thumbnailUrl":"https:\/\/www.mpppst.gob.ve\/mpppstweb\/wp-content\/uploads\/2016\/08\/Caracas-celebra-cumplea\u00f1os-de-Fidel-Castro-800x445.jpg","datePublished":"2016-12-18T03:35:12+00:00","dateModified":"2016-12-18T03:42:22+00:00","breadcrumb":{"@id":"https:\/\/www.mpppst.gob.ve\/mpppstweb\/index.php\/2016\/12\/18\/trabajadores-de-yaracuy-con-el-iuty-y-el-mpppst-rinden-homenaje-a-fidel\/#breadcrumb"},"inLanguage":"es","potentialAction":[{"@type":"ReadAction","target":["https:\/\/www.mpppst.gob.ve\/mpppstweb\/index.php\/2016\/12\/18\/trabajadores-de-yaracuy-con-el-iuty-y-el-mpppst-rinden-homenaje-a-fidel\/"]}]},{"@type":"ImageObject","inLanguage":"es","@id":"https:\/\/www.mpppst.gob.ve\/mpppstweb\/index.php\/2016\/12\/18\/trabajadores-de-yaracuy-con-el-iuty-y-el-mpppst-rinden-homenaje-a-fidel\/#primaryimage","url":"https:\/\/www.mpppst.gob.ve\/mpppstweb\/wp-content\/uploads\/2016\/08\/Caracas-celebra-cumplea\u00f1os-de-Fidel-Castro-800x445.jpg","contentUrl":"https:\/\/www.mpppst.gob.ve\/mpppstweb\/wp-content\/uploads\/2016\/08\/Caracas-celebra-cumplea\u00f1os-de-Fidel-Castro-800x445.jpg","width":800,"height":445},{"@type":"BreadcrumbList","@id":"https:\/\/www.mpppst.gob.ve\/mpppstweb\/index.php\/2016\/12\/18\/trabajadores-de-yaracuy-con-el-iuty-y-el-mpppst-rinden-homenaje-a-fidel\/#breadcrumb","itemListElement":[{"@type":"ListItem","position":1,"name":"Home","item":"https:\/\/www.mpppst.gob.ve\/mpppstweb\/"},{"@type":"ListItem","position":2,"name":"Trabajadores de Yaracuy con el IUTY y el MPPPST rinden homenaje a Fidel"}]},{"@type":"WebSite","@id":"https:\/\/www.mpppst.gob.ve\/mpppstweb\/#website","url":"https:\/\/www.mpppst.gob.ve\/mpppstweb\/","name":"MPPPST","description":"Ministerio del Poder Popular para el Proceso Social de Trabajo","publisher":{"@id":"https:\/\/www.mpppst.gob.ve\/mpppstweb\/#organization"},"potentialAction":[{"@type":"SearchAction","target":{"@type":"EntryPoint","urlTemplate":"https:\/\/www.mpppst.gob.ve\/mpppstweb\/?s={search_term_string}"},"query-input":"required name=search_term_string"}],"inLanguage":"es"},{"@type":"Organization","@id":"https:\/\/www.mpppst.gob.ve\/mpppstweb\/#organization","name":"mpppst","url":"https:\/\/www.mpppst.gob.ve\/mpppstweb\/","logo":{"@type":"ImageObject","inLanguage":"es","@id":"https:\/\/www.mpppst.gob.ve\/mpppstweb\/#\/schema\/logo\/image\/","url":"https:\/\/www.mpppst.gob.ve\/mpppstweb\/wp-content\/uploads\/2025\/07\/cropped-cropped-g910.png","contentUrl":"https:\/\/www.mpppst.gob.ve\/mpppstweb\/wp-content\/uploads\/2025\/07\/cropped-cropped-g910.png","width":1080,"height":241,"caption":"mpppst"},"image":{"@id":"https:\/\/www.mpppst.gob.ve\/mpppstweb\/#\/schema\/logo\/image\/"}},{"@type":"Person","@id":"https:\/\/www.mpppst.gob.ve\/mpppstweb\/#\/schema\/person\/fc187ee8ead412bd4c9304b62f900ea4","name":"MPPPST Prensa","url":"https:\/\/www.mpppst.gob.ve\/mpppstweb\/index.php\/author\/prensa-mpppst\/"}]}},"_links":{"self":[{"href":"https:\/\/www.mpppst.gob.ve\/mpppstweb\/index.php\/wp-json\/wp\/v2\/posts\/9770"}],"collection":[{"href":"https:\/\/www.mpppst.gob.ve\/mpppstweb\/index.php\/wp-json\/wp\/v2\/posts"}],"about":[{"href":"https:\/\/www.mpppst.gob.ve\/mpppstweb\/index.php\/wp-json\/wp\/v2\/types\/post"}],"author":[{"embeddable":true,"href":"https:\/\/www.mpppst.gob.ve\/mpppstweb\/index.php\/wp-json\/wp\/v2\/users\/25"}],"replies":[{"embeddable":true,"href":"https:\/\/www.mpppst.gob.ve\/mpppstweb\/index.php\/wp-json\/wp\/v2\/comments?post=9770"}],"version-history":[{"count":3,"href":"https:\/\/www.mpppst.gob.ve\/mpppstweb\/index.php\/wp-json\/wp\/v2\/posts\/9770\/revisions"}],"predecessor-version":[{"id":9773,"href":"https:\/\/www.mpppst.gob.ve\/mpppstweb\/index.php\/wp-json\/wp\/v2\/posts\/9770\/revisions\/9773"}],"wp:featuredmedia":[{"embeddable":true,"href":"https:\/\/www.mpppst.gob.ve\/mpppstweb\/index.php\/wp-json\/wp\/v2\/media\/8209"}],"wp:attachment":[{"href":"https:\/\/www.mpppst.gob.ve\/mpppstweb\/index.php\/wp-json\/wp\/v2\/media?parent=9770"}],"wp:term":[{"taxonomy":"category","embeddable":true,"href":"https:\/\/www.mpppst.gob.ve\/mpppstweb\/index.php\/wp-json\/wp\/v2\/categories?post=9770"},{"taxonomy":"post_tag","embeddable":true,"href":"https:\/\/www.mpppst.gob.ve\/mpppstweb\/index.php\/wp-json\/wp\/v2\/tags?post=9770"}],"curies":[{"name":"wp","href":"https:\/\/api.w.org\/{rel}","templated":true}]}}