{"id":9791,"date":"2016-12-20T14:08:23","date_gmt":"2016-12-20T14:08:23","guid":{"rendered":"http:\/\/www.mpppst.gob.ve\/mpppstweb\/?p=9791"},"modified":"2016-12-20T14:08:23","modified_gmt":"2016-12-20T14:08:23","slug":"venezuela-rechaza-asesinato-de-embajador-ruso-en-turquia","status":"publish","type":"post","link":"https:\/\/www.mpppst.gob.ve\/mpppstweb\/index.php\/2016\/12\/20\/venezuela-rechaza-asesinato-de-embajador-ruso-en-turquia\/","title":{"rendered":"Venezuela rechaza asesinato de embajador ruso en Turqu\u00eda"},"content":{"rendered":"<div class=\"field field-name-field-cr-dito-de-la-noticia field-type-text field-label-hidden\">\n<div class=\"field-items\">\n<div class=\"field-item even\">Yvke Mundial\/ AVN<\/div>\n<\/div>\n<\/div>\n<div class=\"field field-name-body field-type-text-with-summary field-label-hidden\">\n<div class=\"field-items\">\n<div class=\"field-item even\">\n<p class=\"rtejustify\">Venezuela rechaz\u00f3 el lunes el <strong>asesinato del embajador ruso en Turqu\u00eda, Andrei Karlov<\/strong>, quien muri\u00f3 en <strong>Ankara<\/strong>, luego de recibir disparos por parte de un hombre identificado como <strong>Mevl\u00fct Mert Altintas<\/strong> en un centro de arte de la capital turca.<\/p>\n<p class=\"rtejustify\">Mediante un comunicado, publicado en el portal web del<strong> Ministerio de Relaciones Exteriores<\/strong>, Venezuela \u00abratifica su apoyo a las acciones contundentes y abnegados esfuerzos de Rusia en defensa de la paz en la Rep\u00fablica \u00c1rabe Siria y en toda la regi\u00f3n, mediante el combate firme contra los grupos extremistas y terroristas\u00bb.<\/p>\n<p class=\"rtejustify\">Altintas, un polic\u00eda de 22 a\u00f1os, dispar\u00f3 contra el embajador mientras \u00e9ste terminaba su discurso a prop\u00f3sito de la apertura de la exposici\u00f3n de fotograf\u00eda Rusia a trav\u00e9s de los ojos de los turcos.<\/p>\n<p class=\"rtejustify\" style=\"text-align: center\"><strong>A continuaci\u00f3n el comunicado \u00edntegro:<\/strong><\/p>\n<p class=\"rtejustify\" style=\"text-align: center\"><strong>REP\u00daBLICA BOLIVARIANA DE VENEZUELA<br \/>\nMINISTERIO DEL PODER POPULAR<br \/>\nPARA RELACIONES EXTERIORES<\/strong><\/p>\n<p class=\"rtejustify\" style=\"text-align: center\"><strong>COMUNICADO<\/strong><\/p>\n<p class=\"rtejustify\">El Presidente de la Rep\u00fablica Bolivariana de Venezuela, Nicol\u00e1s Maduro Moros, en nombre del Gobierno y el pueblo venezolano, expresa su m\u00e1s profundo rechazo al asesinato del Embajador de la Federaci\u00f3n de Rusia en la Rep\u00fablica de Turqu\u00eda, Andr\u00e9i Genn\u00e1devich Karlov, en atentado terrorista ocurrido en Ankara, este lunes 19 de diciembre de 2016.<\/p>\n<p class=\"rtejustify\">El Gobierno venezolano expresa su solidaridad y consternaci\u00f3n al Presidente de la Federaci\u00f3n de Rusia, Vladimir Putin, al pueblo ruso y en especial a los familiares del Embajador Karlov, por este repudiable suceso.<\/p>\n<p class=\"rtejustify\">La Rep\u00fablica Bolivariana de Venezuela ratifica su apoyo a las acciones contundentes y abnegados esfuerzos de Rusia en defensa de la paz en la Rep\u00fablica \u00c1rabe Siria y en toda la regi\u00f3n, mediante el combate firme contra los grupos extremistas y terroristas. El Gobierno Bolivariano hace un llamado a Occidente para que cesen las campa\u00f1as de odio y de falsarias contra la hermana Naci\u00f3n rusa.<\/p>\n<p class=\"rtejustify\">Venezuela rechaza el terrorismo en todas sus expresiones, y hace votos por prevenir las causas de este fen\u00f3meno que somete a pueblos enteros al miedo y la violencia, y en este sensible momento, reitera los principios de la Diplomacia Bolivariana de Paz en estricto respeto al Derecho Internacional para la convivencia pac\u00edfica de las naciones, libre del odio y la intolerancia.<\/p>\n<p class=\"rteright\"><strong>Caracas, 19 de diciembre de 2016<\/strong><\/p>\n<\/div>\n<\/div>\n<\/div>\n","protected":false},"excerpt":{"rendered":"<p>Yvke Mundial\/ AVN Venezuela rechaz\u00f3 el lunes el asesinato del embajador ruso en Turqu\u00eda, Andrei Karlov, &hellip; <a title=\"Venezuela rechaza asesinato de embajador ruso en Turqu\u00eda\" class=\"hm-read-more\" href=\"https:\/\/www.mpppst.gob.ve\/mpppstweb\/index.php\/2016\/12\/20\/venezuela-rechaza-asesinato-de-embajador-ruso-en-turquia\/\"><span class=\"screen-reader-text\">Venezuela rechaza asesinato de embajador ruso en Turqu\u00eda<\/span>Read more<\/a><\/p>\n","protected":false},"author":25,"featured_media":9792,"comment_status":"closed","ping_status":"closed","sticky":false,"template":"","format":"standard","meta":{"footnotes":""},"categories":[82,260,163],"tags":[222,245],"yoast_head":"<!-- This site is optimized with the Yoast SEO plugin v22.5 - https:\/\/yoast.com\/wordpress\/plugins\/seo\/ -->\n<title>Venezuela rechaza asesinato de embajador ruso en Turqu\u00eda - MPPPST<\/title>\n<meta name=\"robots\" content=\"index, follow, max-snippet:-1, max-image-preview:large, max-video-preview:-1\" \/>\n<link rel=\"canonical\" href=\"https:\/\/www.mpppst.gob.ve\/mpppstweb\/index.php\/2016\/12\/20\/venezuela-rechaza-asesinato-de-embajador-ruso-en-turquia\/\" \/>\n<meta property=\"og:locale\" content=\"es_ES\" \/>\n<meta property=\"og:type\" content=\"article\" \/>\n<meta property=\"og:title\" content=\"Venezuela rechaza asesinato de embajador ruso en Turqu\u00eda - MPPPST\" \/>\n<meta property=\"og:description\" content=\"Yvke Mundial\/ AVN Venezuela rechaz\u00f3 el lunes el asesinato del embajador ruso en Turqu\u00eda, Andrei Karlov, &hellip; Venezuela rechaza asesinato de embajador ruso en Turqu\u00edaRead more\" \/>\n<meta property=\"og:url\" content=\"https:\/\/www.mpppst.gob.ve\/mpppstweb\/index.php\/2016\/12\/20\/venezuela-rechaza-asesinato-de-embajador-ruso-en-turquia\/\" \/>\n<meta property=\"og:site_name\" content=\"MPPPST\" \/>\n<meta property=\"article:published_time\" content=\"2016-12-20T14:08:23+00:00\" \/>\n<meta property=\"og:image\" content=\"https:\/\/www.mpppst.gob.ve\/mpppstweb\/wp-content\/uploads\/2016\/12\/Comunicado_1.jpg\" \/>\n\t<meta property=\"og:image:width\" content=\"800\" \/>\n\t<meta property=\"og:image:height\" content=\"445\" \/>\n\t<meta property=\"og:image:type\" content=\"image\/jpeg\" \/>\n<meta name=\"author\" content=\"MPPPST Prensa\" \/>\n<meta name=\"twitter:card\" content=\"summary_large_image\" \/>\n<meta name=\"twitter:label1\" content=\"Escrito por\" \/>\n\t<meta name=\"twitter:data1\" content=\"MPPPST Prensa\" \/>\n\t<meta name=\"twitter:label2\" content=\"Tiempo de lectura\" \/>\n\t<meta name=\"twitter:data2\" content=\"2 minutos\" \/>\n<script type=\"application\/ld+json\" class=\"yoast-schema-graph\">{\"@context\":\"https:\/\/schema.org\",\"@graph\":[{\"@type\":\"Article\",\"@id\":\"https:\/\/www.mpppst.gob.ve\/mpppstweb\/index.php\/2016\/12\/20\/venezuela-rechaza-asesinato-de-embajador-ruso-en-turquia\/#article\",\"isPartOf\":{\"@id\":\"https:\/\/www.mpppst.gob.ve\/mpppstweb\/index.php\/2016\/12\/20\/venezuela-rechaza-asesinato-de-embajador-ruso-en-turquia\/\"},\"author\":{\"name\":\"MPPPST Prensa\",\"@id\":\"https:\/\/www.mpppst.gob.ve\/mpppstweb\/#\/schema\/person\/fc187ee8ead412bd4c9304b62f900ea4\"},\"headline\":\"Venezuela rechaza asesinato de embajador ruso en Turqu\u00eda\",\"datePublished\":\"2016-12-20T14:08:23+00:00\",\"dateModified\":\"2016-12-20T14:08:23+00:00\",\"mainEntityOfPage\":{\"@id\":\"https:\/\/www.mpppst.gob.ve\/mpppstweb\/index.php\/2016\/12\/20\/venezuela-rechaza-asesinato-de-embajador-ruso-en-turquia\/\"},\"wordCount\":397,\"publisher\":{\"@id\":\"https:\/\/www.mpppst.gob.ve\/mpppstweb\/#organization\"},\"image\":{\"@id\":\"https:\/\/www.mpppst.gob.ve\/mpppstweb\/index.php\/2016\/12\/20\/venezuela-rechaza-asesinato-de-embajador-ruso-en-turquia\/#primaryimage\"},\"thumbnailUrl\":\"https:\/\/www.mpppst.gob.ve\/mpppstweb\/wp-content\/uploads\/2016\/12\/Comunicado_1.jpg\",\"keywords\":[\"Gobierno Bolivariano\",\"internacionales\"],\"articleSection\":[\"Gobierno Nacional\",\"Internacionales\",\"Noticias\"],\"inLanguage\":\"es\"},{\"@type\":\"WebPage\",\"@id\":\"https:\/\/www.mpppst.gob.ve\/mpppstweb\/index.php\/2016\/12\/20\/venezuela-rechaza-asesinato-de-embajador-ruso-en-turquia\/\",\"url\":\"https:\/\/www.mpppst.gob.ve\/mpppstweb\/index.php\/2016\/12\/20\/venezuela-rechaza-asesinato-de-embajador-ruso-en-turquia\/\",\"name\":\"Venezuela rechaza asesinato de embajador ruso en Turqu\u00eda - MPPPST\",\"isPartOf\":{\"@id\":\"https:\/\/www.mpppst.gob.ve\/mpppstweb\/#website\"},\"primaryImageOfPage\":{\"@id\":\"https:\/\/www.mpppst.gob.ve\/mpppstweb\/index.php\/2016\/12\/20\/venezuela-rechaza-asesinato-de-embajador-ruso-en-turquia\/#primaryimage\"},\"image\":{\"@id\":\"https:\/\/www.mpppst.gob.ve\/mpppstweb\/index.php\/2016\/12\/20\/venezuela-rechaza-asesinato-de-embajador-ruso-en-turquia\/#primaryimage\"},\"thumbnailUrl\":\"https:\/\/www.mpppst.gob.ve\/mpppstweb\/wp-content\/uploads\/2016\/12\/Comunicado_1.jpg\",\"datePublished\":\"2016-12-20T14:08:23+00:00\",\"dateModified\":\"2016-12-20T14:08:23+00:00\",\"breadcrumb\":{\"@id\":\"https:\/\/www.mpppst.gob.ve\/mpppstweb\/index.php\/2016\/12\/20\/venezuela-rechaza-asesinato-de-embajador-ruso-en-turquia\/#breadcrumb\"},\"inLanguage\":\"es\",\"potentialAction\":[{\"@type\":\"ReadAction\",\"target\":[\"https:\/\/www.mpppst.gob.ve\/mpppstweb\/index.php\/2016\/12\/20\/venezuela-rechaza-asesinato-de-embajador-ruso-en-turquia\/\"]}]},{\"@type\":\"ImageObject\",\"inLanguage\":\"es\",\"@id\":\"https:\/\/www.mpppst.gob.ve\/mpppstweb\/index.php\/2016\/12\/20\/venezuela-rechaza-asesinato-de-embajador-ruso-en-turquia\/#primaryimage\",\"url\":\"https:\/\/www.mpppst.gob.ve\/mpppstweb\/wp-content\/uploads\/2016\/12\/Comunicado_1.jpg\",\"contentUrl\":\"https:\/\/www.mpppst.gob.ve\/mpppstweb\/wp-content\/uploads\/2016\/12\/Comunicado_1.jpg\",\"width\":800,\"height\":445},{\"@type\":\"BreadcrumbList\",\"@id\":\"https:\/\/www.mpppst.gob.ve\/mpppstweb\/index.php\/2016\/12\/20\/venezuela-rechaza-asesinato-de-embajador-ruso-en-turquia\/#breadcrumb\",\"itemListElement\":[{\"@type\":\"ListItem\",\"position\":1,\"name\":\"Home\",\"item\":\"https:\/\/www.mpppst.gob.ve\/mpppstweb\/\"},{\"@type\":\"ListItem\",\"position\":2,\"name\":\"Venezuela rechaza asesinato de embajador ruso en Turqu\u00eda\"}]},{\"@type\":\"WebSite\",\"@id\":\"https:\/\/www.mpppst.gob.ve\/mpppstweb\/#website\",\"url\":\"https:\/\/www.mpppst.gob.ve\/mpppstweb\/\",\"name\":\"MPPPST\",\"description\":\"Ministerio del Poder Popular para el Proceso Social de Trabajo\",\"publisher\":{\"@id\":\"https:\/\/www.mpppst.gob.ve\/mpppstweb\/#organization\"},\"potentialAction\":[{\"@type\":\"SearchAction\",\"target\":{\"@type\":\"EntryPoint\",\"urlTemplate\":\"https:\/\/www.mpppst.gob.ve\/mpppstweb\/?s={search_term_string}\"},\"query-input\":\"required name=search_term_string\"}],\"inLanguage\":\"es\"},{\"@type\":\"Organization\",\"@id\":\"https:\/\/www.mpppst.gob.ve\/mpppstweb\/#organization\",\"name\":\"mpppst\",\"url\":\"https:\/\/www.mpppst.gob.ve\/mpppstweb\/\",\"logo\":{\"@type\":\"ImageObject\",\"inLanguage\":\"es\",\"@id\":\"https:\/\/www.mpppst.gob.ve\/mpppstweb\/#\/schema\/logo\/image\/\",\"url\":\"https:\/\/www.mpppst.gob.ve\/mpppstweb\/wp-content\/uploads\/2025\/07\/cropped-cropped-g910.png\",\"contentUrl\":\"https:\/\/www.mpppst.gob.ve\/mpppstweb\/wp-content\/uploads\/2025\/07\/cropped-cropped-g910.png\",\"width\":1080,\"height\":241,\"caption\":\"mpppst\"},\"image\":{\"@id\":\"https:\/\/www.mpppst.gob.ve\/mpppstweb\/#\/schema\/logo\/image\/\"}},{\"@type\":\"Person\",\"@id\":\"https:\/\/www.mpppst.gob.ve\/mpppstweb\/#\/schema\/person\/fc187ee8ead412bd4c9304b62f900ea4\",\"name\":\"MPPPST Prensa\",\"url\":\"https:\/\/www.mpppst.gob.ve\/mpppstweb\/index.php\/author\/prensa-mpppst\/\"}]}<\/script>\n<!-- \/ Yoast SEO plugin. -->","yoast_head_json":{"title":"Venezuela rechaza asesinato de embajador ruso en Turqu\u00eda - MPPPST","robots":{"index":"index","follow":"follow","max-snippet":"max-snippet:-1","max-image-preview":"max-image-preview:large","max-video-preview":"max-video-preview:-1"},"canonical":"https:\/\/www.mpppst.gob.ve\/mpppstweb\/index.php\/2016\/12\/20\/venezuela-rechaza-asesinato-de-embajador-ruso-en-turquia\/","og_locale":"es_ES","og_type":"article","og_title":"Venezuela rechaza asesinato de embajador ruso en Turqu\u00eda - MPPPST","og_description":"Yvke Mundial\/ AVN Venezuela rechaz\u00f3 el lunes el asesinato del embajador ruso en Turqu\u00eda, Andrei Karlov, &hellip; Venezuela rechaza asesinato de embajador ruso en Turqu\u00edaRead more","og_url":"https:\/\/www.mpppst.gob.ve\/mpppstweb\/index.php\/2016\/12\/20\/venezuela-rechaza-asesinato-de-embajador-ruso-en-turquia\/","og_site_name":"MPPPST","article_published_time":"2016-12-20T14:08:23+00:00","og_image":[{"width":800,"height":445,"url":"https:\/\/www.mpppst.gob.ve\/mpppstweb\/wp-content\/uploads\/2016\/12\/Comunicado_1.jpg","type":"image\/jpeg"}],"author":"MPPPST Prensa","twitter_card":"summary_large_image","twitter_misc":{"Escrito por":"MPPPST Prensa","Tiempo de lectura":"2 minutos"},"schema":{"@context":"https:\/\/schema.org","@graph":[{"@type":"Article","@id":"https:\/\/www.mpppst.gob.ve\/mpppstweb\/index.php\/2016\/12\/20\/venezuela-rechaza-asesinato-de-embajador-ruso-en-turquia\/#article","isPartOf":{"@id":"https:\/\/www.mpppst.gob.ve\/mpppstweb\/index.php\/2016\/12\/20\/venezuela-rechaza-asesinato-de-embajador-ruso-en-turquia\/"},"author":{"name":"MPPPST Prensa","@id":"https:\/\/www.mpppst.gob.ve\/mpppstweb\/#\/schema\/person\/fc187ee8ead412bd4c9304b62f900ea4"},"headline":"Venezuela rechaza asesinato de embajador ruso en Turqu\u00eda","datePublished":"2016-12-20T14:08:23+00:00","dateModified":"2016-12-20T14:08:23+00:00","mainEntityOfPage":{"@id":"https:\/\/www.mpppst.gob.ve\/mpppstweb\/index.php\/2016\/12\/20\/venezuela-rechaza-asesinato-de-embajador-ruso-en-turquia\/"},"wordCount":397,"publisher":{"@id":"https:\/\/www.mpppst.gob.ve\/mpppstweb\/#organization"},"image":{"@id":"https:\/\/www.mpppst.gob.ve\/mpppstweb\/index.php\/2016\/12\/20\/venezuela-rechaza-asesinato-de-embajador-ruso-en-turquia\/#primaryimage"},"thumbnailUrl":"https:\/\/www.mpppst.gob.ve\/mpppstweb\/wp-content\/uploads\/2016\/12\/Comunicado_1.jpg","keywords":["Gobierno Bolivariano","internacionales"],"articleSection":["Gobierno Nacional","Internacionales","Noticias"],"inLanguage":"es"},{"@type":"WebPage","@id":"https:\/\/www.mpppst.gob.ve\/mpppstweb\/index.php\/2016\/12\/20\/venezuela-rechaza-asesinato-de-embajador-ruso-en-turquia\/","url":"https:\/\/www.mpppst.gob.ve\/mpppstweb\/index.php\/2016\/12\/20\/venezuela-rechaza-asesinato-de-embajador-ruso-en-turquia\/","name":"Venezuela rechaza asesinato de embajador ruso en Turqu\u00eda - MPPPST","isPartOf":{"@id":"https:\/\/www.mpppst.gob.ve\/mpppstweb\/#website"},"primaryImageOfPage":{"@id":"https:\/\/www.mpppst.gob.ve\/mpppstweb\/index.php\/2016\/12\/20\/venezuela-rechaza-asesinato-de-embajador-ruso-en-turquia\/#primaryimage"},"image":{"@id":"https:\/\/www.mpppst.gob.ve\/mpppstweb\/index.php\/2016\/12\/20\/venezuela-rechaza-asesinato-de-embajador-ruso-en-turquia\/#primaryimage"},"thumbnailUrl":"https:\/\/www.mpppst.gob.ve\/mpppstweb\/wp-content\/uploads\/2016\/12\/Comunicado_1.jpg","datePublished":"2016-12-20T14:08:23+00:00","dateModified":"2016-12-20T14:08:23+00:00","breadcrumb":{"@id":"https:\/\/www.mpppst.gob.ve\/mpppstweb\/index.php\/2016\/12\/20\/venezuela-rechaza-asesinato-de-embajador-ruso-en-turquia\/#breadcrumb"},"inLanguage":"es","potentialAction":[{"@type":"ReadAction","target":["https:\/\/www.mpppst.gob.ve\/mpppstweb\/index.php\/2016\/12\/20\/venezuela-rechaza-asesinato-de-embajador-ruso-en-turquia\/"]}]},{"@type":"ImageObject","inLanguage":"es","@id":"https:\/\/www.mpppst.gob.ve\/mpppstweb\/index.php\/2016\/12\/20\/venezuela-rechaza-asesinato-de-embajador-ruso-en-turquia\/#primaryimage","url":"https:\/\/www.mpppst.gob.ve\/mpppstweb\/wp-content\/uploads\/2016\/12\/Comunicado_1.jpg","contentUrl":"https:\/\/www.mpppst.gob.ve\/mpppstweb\/wp-content\/uploads\/2016\/12\/Comunicado_1.jpg","width":800,"height":445},{"@type":"BreadcrumbList","@id":"https:\/\/www.mpppst.gob.ve\/mpppstweb\/index.php\/2016\/12\/20\/venezuela-rechaza-asesinato-de-embajador-ruso-en-turquia\/#breadcrumb","itemListElement":[{"@type":"ListItem","position":1,"name":"Home","item":"https:\/\/www.mpppst.gob.ve\/mpppstweb\/"},{"@type":"ListItem","position":2,"name":"Venezuela rechaza asesinato de embajador ruso en Turqu\u00eda"}]},{"@type":"WebSite","@id":"https:\/\/www.mpppst.gob.ve\/mpppstweb\/#website","url":"https:\/\/www.mpppst.gob.ve\/mpppstweb\/","name":"MPPPST","description":"Ministerio del Poder Popular para el Proceso Social de Trabajo","publisher":{"@id":"https:\/\/www.mpppst.gob.ve\/mpppstweb\/#organization"},"potentialAction":[{"@type":"SearchAction","target":{"@type":"EntryPoint","urlTemplate":"https:\/\/www.mpppst.gob.ve\/mpppstweb\/?s={search_term_string}"},"query-input":"required name=search_term_string"}],"inLanguage":"es"},{"@type":"Organization","@id":"https:\/\/www.mpppst.gob.ve\/mpppstweb\/#organization","name":"mpppst","url":"https:\/\/www.mpppst.gob.ve\/mpppstweb\/","logo":{"@type":"ImageObject","inLanguage":"es","@id":"https:\/\/www.mpppst.gob.ve\/mpppstweb\/#\/schema\/logo\/image\/","url":"https:\/\/www.mpppst.gob.ve\/mpppstweb\/wp-content\/uploads\/2025\/07\/cropped-cropped-g910.png","contentUrl":"https:\/\/www.mpppst.gob.ve\/mpppstweb\/wp-content\/uploads\/2025\/07\/cropped-cropped-g910.png","width":1080,"height":241,"caption":"mpppst"},"image":{"@id":"https:\/\/www.mpppst.gob.ve\/mpppstweb\/#\/schema\/logo\/image\/"}},{"@type":"Person","@id":"https:\/\/www.mpppst.gob.ve\/mpppstweb\/#\/schema\/person\/fc187ee8ead412bd4c9304b62f900ea4","name":"MPPPST Prensa","url":"https:\/\/www.mpppst.gob.ve\/mpppstweb\/index.php\/author\/prensa-mpppst\/"}]}},"_links":{"self":[{"href":"https:\/\/www.mpppst.gob.ve\/mpppstweb\/index.php\/wp-json\/wp\/v2\/posts\/9791"}],"collection":[{"href":"https:\/\/www.mpppst.gob.ve\/mpppstweb\/index.php\/wp-json\/wp\/v2\/posts"}],"about":[{"href":"https:\/\/www.mpppst.gob.ve\/mpppstweb\/index.php\/wp-json\/wp\/v2\/types\/post"}],"author":[{"embeddable":true,"href":"https:\/\/www.mpppst.gob.ve\/mpppstweb\/index.php\/wp-json\/wp\/v2\/users\/25"}],"replies":[{"embeddable":true,"href":"https:\/\/www.mpppst.gob.ve\/mpppstweb\/index.php\/wp-json\/wp\/v2\/comments?post=9791"}],"version-history":[{"count":1,"href":"https:\/\/www.mpppst.gob.ve\/mpppstweb\/index.php\/wp-json\/wp\/v2\/posts\/9791\/revisions"}],"predecessor-version":[{"id":9793,"href":"https:\/\/www.mpppst.gob.ve\/mpppstweb\/index.php\/wp-json\/wp\/v2\/posts\/9791\/revisions\/9793"}],"wp:featuredmedia":[{"embeddable":true,"href":"https:\/\/www.mpppst.gob.ve\/mpppstweb\/index.php\/wp-json\/wp\/v2\/media\/9792"}],"wp:attachment":[{"href":"https:\/\/www.mpppst.gob.ve\/mpppstweb\/index.php\/wp-json\/wp\/v2\/media?parent=9791"}],"wp:term":[{"taxonomy":"category","embeddable":true,"href":"https:\/\/www.mpppst.gob.ve\/mpppstweb\/index.php\/wp-json\/wp\/v2\/categories?post=9791"},{"taxonomy":"post_tag","embeddable":true,"href":"https:\/\/www.mpppst.gob.ve\/mpppstweb\/index.php\/wp-json\/wp\/v2\/tags?post=9791"}],"curies":[{"name":"wp","href":"https:\/\/api.w.org\/{rel}","templated":true}]}}