{"id":9794,"date":"2016-12-20T15:39:38","date_gmt":"2016-12-20T15:39:38","guid":{"rendered":"http:\/\/www.mpppst.gob.ve\/mpppstweb\/?p=9794"},"modified":"2016-12-20T15:39:38","modified_gmt":"2016-12-20T15:39:38","slug":"ministro-recorre-direcciones-del-mpppst-de-cara-al-concurso-de-pesebres","status":"publish","type":"post","link":"https:\/\/www.mpppst.gob.ve\/mpppstweb\/index.php\/2016\/12\/20\/ministro-recorre-direcciones-del-mpppst-de-cara-al-concurso-de-pesebres\/","title":{"rendered":"Ministro recorre direcciones del MPPPST de cara al concurso de pesebres"},"content":{"rendered":"<p>Prensa MPPPST.- El Ministro del Poder Popular para el Proceso Social del Trabajo, Oswaldo Vera, realiz\u00f3 un recorrido por todas las oficinas del Ministerio que est\u00e1n participando en el concurso de pesebres 2016, con el tema fundamental del rescate de nuestras tradiciones culturales, deportivas, gastron\u00f3micas, art\u00edsticas, tur\u00edsticas y cualquier otra modalidad en la que se destaque la idiosincrasia y la belleza del pueblo venezolano.<\/p>\n<p>Dentro de las bases del concurso destacan que el pesebre debe ser elaborado con la participaci\u00f3n de los trabajadores y trabajadoras que conforman la respectiva unidad o dependencia.\u00a0 Pod\u00eda elaborarse en el piso, tipo m\u00f3vil, en cartelera o en las puertas con \u00a0material reciclado. Asimismo, se deb\u00eda evitar el uso del musgo, en raz\u00f3n de las medidas aplicadas por el Ministerio de Ecosocialismo y Aguas para la preservaci\u00f3n del ambiente; y en cada unidad administrativa participante deb\u00eda colocarse una cartelera alusiva al proceso de elaboraci\u00f3n del pesebre con fotos, an\u00e9cdotas y otros hechos que fueron importantes para la realizaci\u00f3n.<\/p>\n<p><strong>El recorrido <\/strong><\/p>\n<p>El recorrido del ministro Vera inici\u00f3 en la Direcci\u00f3n Especial de Pensiones y otras Asignaciones Econ\u00f3micas y Empleo con un nacimiento realizado por todos los funcionarios y funcionarias bajo el concepto de vitrales, en el cual se utilizaron \u00a0palitos de \u00e1rboles, hojas secas, papeles de reciclajes, algunos juguetes, entre otros materiales.<\/p>\n<p>Posteriormente, visit\u00f3 el viceministerio para el Sistema Integrado de Inspecci\u00f3n Laboral y de la seguridad Social, donde dispusieron de un pesebre peque\u00f1o realizado con material reciclable. Luego se dirigi\u00f3 a la direcci\u00f3n de Relaciones Internacionales y Enlace con la OIT, quienes tambi\u00e9n cumpl\u00edan con algunas bases del concurso.<\/p>\n<p>El Pesebre de la Direcci\u00f3n de Procuradur\u00eda estuvo inspirado en el estado M\u00e9rida, donde resalta el Pico Bol\u00edvar y el Telef\u00e9rico Mucumbar\u00ed, as\u00ed mismo utilizaron en su elaboraci\u00f3n peri\u00f3dicos, cartones, vasos pl\u00e1sticos, entre otros materiales.<\/p>\n<p>La Direcci\u00f3n General de Organizaciones Sindicales y Negociaciones Colectivas, junto a la Direcci\u00f3n de Inspector\u00eda Nacional y otros Asuntos de Trabajo del Sector P\u00fablico, resalt\u00f3 lo gastron\u00f3mico, los juegos tradicionales, la m\u00fasica t\u00edpica del pa\u00eds; y en su elaboraci\u00f3n utilizaron mecate, papel, algod\u00f3n.<\/p>\n<p>La Direcci\u00f3n General de la Oficina de Consultor\u00eda Jur\u00eddica realiz\u00f3 un pesebre denominado \u201cEn el Llano es Navidad\u201d. Elaboraci\u00f3n que hicieron con papel peri\u00f3dico, cartones de huevos, papel reciclable, pintura; resaltando Los Llanos venezolanos, el \u00e1rbol nacional El Araguaney; con una rese\u00f1a de la regi\u00f3n y una cartelera donde explicaban el proceso de ejecuci\u00f3n del pesebre.<\/p>\n<p><strong>\u00a1Creatividad a mill\u00f3n! <\/strong><\/p>\n<p>Luego visitaron la direcci\u00f3n de contabilidad presupuestaria, donde realizaron un pesebre con envases, tela de saco, papeles, cartulinas, y una cartelera con las fotos de los participantes. Mientras que en la Direcci\u00f3n de Habilitados participan con un pesebre peque\u00f1o en el marco del ahorro energ\u00e9tico, realizado con materiales y bombillos reciclados.<\/p>\n<p>La Direcci\u00f3n General de la Oficina de Tecnolog\u00edas de la Informaci\u00f3n y la Comunicaci\u00f3n estuvo inspirada en Parques Nacionales de Venezuela, desde El Salto \u00c1ngel, los M\u00e9danos de Coro y Mochima, donde adem\u00e1s de usar material reciclado como papel y cds viejos, tambi\u00e9n usaron pintura en colaboraci\u00f3n de mano de obra de todos los integrantes de la direcci\u00f3n.<\/p>\n<p>Finalmente, el Ministro visit\u00f3 la Coordinaci\u00f3n de Registro Nacional de Entidades de Trabajo. All\u00ed mostraron un pesebre inspirado en el estado M\u00e9rida, resaltando el parque tem\u00e1tico Los Aleros, la Iglesia de Piedras v\u00eda al P\u00e1ramo, las posadas que se consiguen en todo el estado, adem\u00e1s de resaltar los juegos tradicionales como por ejemplo las metras. En su elaboraci\u00f3n usaron entre otros materiales, envases pl\u00e1sticos, pintados para dar forma a Mar\u00eda, Jos\u00e9, reyes magos y los animales del pesebre.<\/p>\n<p>Pronto se conocer\u00e1n los ganadores de esta edici\u00f3n del concurso en donde el ganador se llevar\u00e1 un fin de semana en Incret Sol o Los Caracas con dos caba\u00f1as; y el segundo premio se ganar\u00e1 un fin de semana en Incret Sol o Los Caracas con una caba\u00f1a.<\/p>\n<p>Por Elio Garc\u00eda<\/p>\n<p>Fotos Gersay Medina<\/p>\n","protected":false},"excerpt":{"rendered":"<p>Prensa MPPPST.- El Ministro del Poder Popular para el Proceso Social del Trabajo, Oswaldo Vera, realiz\u00f3 &hellip; <a title=\"Ministro recorre direcciones del MPPPST de cara al concurso de pesebres\" class=\"hm-read-more\" href=\"https:\/\/www.mpppst.gob.ve\/mpppstweb\/index.php\/2016\/12\/20\/ministro-recorre-direcciones-del-mpppst-de-cara-al-concurso-de-pesebres\/\"><span class=\"screen-reader-text\">Ministro recorre direcciones del MPPPST de cara al concurso de pesebres<\/span>Read more<\/a><\/p>\n","protected":false},"author":25,"featured_media":9795,"comment_status":"closed","ping_status":"closed","sticky":false,"template":"","format":"standard","meta":{"footnotes":""},"categories":[163,84],"tags":[223,227],"yoast_head":"<!-- This site is optimized with the Yoast SEO plugin v22.5 - https:\/\/yoast.com\/wordpress\/plugins\/seo\/ -->\n<title>Ministro recorre direcciones del MPPPST de cara al concurso de pesebres - MPPPST<\/title>\n<meta name=\"robots\" content=\"index, follow, max-snippet:-1, max-image-preview:large, max-video-preview:-1\" \/>\n<link rel=\"canonical\" href=\"https:\/\/www.mpppst.gob.ve\/mpppstweb\/index.php\/2016\/12\/20\/ministro-recorre-direcciones-del-mpppst-de-cara-al-concurso-de-pesebres\/\" \/>\n<meta property=\"og:locale\" content=\"es_ES\" \/>\n<meta property=\"og:type\" content=\"article\" \/>\n<meta property=\"og:title\" content=\"Ministro recorre direcciones del MPPPST de cara al concurso de pesebres - MPPPST\" \/>\n<meta property=\"og:description\" content=\"Prensa MPPPST.- El Ministro del Poder Popular para el Proceso Social del Trabajo, Oswaldo Vera, realiz\u00f3 &hellip; Ministro recorre direcciones del MPPPST de cara al concurso de pesebresRead more\" \/>\n<meta property=\"og:url\" content=\"https:\/\/www.mpppst.gob.ve\/mpppstweb\/index.php\/2016\/12\/20\/ministro-recorre-direcciones-del-mpppst-de-cara-al-concurso-de-pesebres\/\" \/>\n<meta property=\"og:site_name\" content=\"MPPPST\" \/>\n<meta property=\"article:published_time\" content=\"2016-12-20T15:39:38+00:00\" \/>\n<meta property=\"og:image\" content=\"https:\/\/www.mpppst.gob.ve\/mpppstweb\/wp-content\/uploads\/2016\/12\/pesebres.jpg\" \/>\n\t<meta property=\"og:image:width\" content=\"800\" \/>\n\t<meta property=\"og:image:height\" content=\"445\" \/>\n\t<meta property=\"og:image:type\" content=\"image\/jpeg\" \/>\n<meta name=\"author\" content=\"MPPPST Prensa\" \/>\n<meta name=\"twitter:card\" content=\"summary_large_image\" \/>\n<meta name=\"twitter:label1\" content=\"Escrito por\" \/>\n\t<meta name=\"twitter:data1\" content=\"MPPPST Prensa\" \/>\n\t<meta name=\"twitter:label2\" content=\"Tiempo de lectura\" \/>\n\t<meta name=\"twitter:data2\" content=\"4 minutos\" \/>\n<script type=\"application\/ld+json\" class=\"yoast-schema-graph\">{\"@context\":\"https:\/\/schema.org\",\"@graph\":[{\"@type\":\"Article\",\"@id\":\"https:\/\/www.mpppst.gob.ve\/mpppstweb\/index.php\/2016\/12\/20\/ministro-recorre-direcciones-del-mpppst-de-cara-al-concurso-de-pesebres\/#article\",\"isPartOf\":{\"@id\":\"https:\/\/www.mpppst.gob.ve\/mpppstweb\/index.php\/2016\/12\/20\/ministro-recorre-direcciones-del-mpppst-de-cara-al-concurso-de-pesebres\/\"},\"author\":{\"name\":\"MPPPST Prensa\",\"@id\":\"https:\/\/www.mpppst.gob.ve\/mpppstweb\/#\/schema\/person\/fc187ee8ead412bd4c9304b62f900ea4\"},\"headline\":\"Ministro recorre direcciones del MPPPST de cara al concurso de pesebres\",\"datePublished\":\"2016-12-20T15:39:38+00:00\",\"dateModified\":\"2016-12-20T15:39:38+00:00\",\"mainEntityOfPage\":{\"@id\":\"https:\/\/www.mpppst.gob.ve\/mpppstweb\/index.php\/2016\/12\/20\/ministro-recorre-direcciones-del-mpppst-de-cara-al-concurso-de-pesebres\/\"},\"wordCount\":728,\"publisher\":{\"@id\":\"https:\/\/www.mpppst.gob.ve\/mpppstweb\/#organization\"},\"image\":{\"@id\":\"https:\/\/www.mpppst.gob.ve\/mpppstweb\/index.php\/2016\/12\/20\/ministro-recorre-direcciones-del-mpppst-de-cara-al-concurso-de-pesebres\/#primaryimage\"},\"thumbnailUrl\":\"https:\/\/www.mpppst.gob.ve\/mpppstweb\/wp-content\/uploads\/2016\/12\/pesebres.jpg\",\"keywords\":[\"MPPPST\",\"Proceso Social\"],\"articleSection\":[\"Noticias\",\"Vida Laboral y Sindical\"],\"inLanguage\":\"es\"},{\"@type\":\"WebPage\",\"@id\":\"https:\/\/www.mpppst.gob.ve\/mpppstweb\/index.php\/2016\/12\/20\/ministro-recorre-direcciones-del-mpppst-de-cara-al-concurso-de-pesebres\/\",\"url\":\"https:\/\/www.mpppst.gob.ve\/mpppstweb\/index.php\/2016\/12\/20\/ministro-recorre-direcciones-del-mpppst-de-cara-al-concurso-de-pesebres\/\",\"name\":\"Ministro recorre direcciones del MPPPST de cara al concurso de pesebres - MPPPST\",\"isPartOf\":{\"@id\":\"https:\/\/www.mpppst.gob.ve\/mpppstweb\/#website\"},\"primaryImageOfPage\":{\"@id\":\"https:\/\/www.mpppst.gob.ve\/mpppstweb\/index.php\/2016\/12\/20\/ministro-recorre-direcciones-del-mpppst-de-cara-al-concurso-de-pesebres\/#primaryimage\"},\"image\":{\"@id\":\"https:\/\/www.mpppst.gob.ve\/mpppstweb\/index.php\/2016\/12\/20\/ministro-recorre-direcciones-del-mpppst-de-cara-al-concurso-de-pesebres\/#primaryimage\"},\"thumbnailUrl\":\"https:\/\/www.mpppst.gob.ve\/mpppstweb\/wp-content\/uploads\/2016\/12\/pesebres.jpg\",\"datePublished\":\"2016-12-20T15:39:38+00:00\",\"dateModified\":\"2016-12-20T15:39:38+00:00\",\"breadcrumb\":{\"@id\":\"https:\/\/www.mpppst.gob.ve\/mpppstweb\/index.php\/2016\/12\/20\/ministro-recorre-direcciones-del-mpppst-de-cara-al-concurso-de-pesebres\/#breadcrumb\"},\"inLanguage\":\"es\",\"potentialAction\":[{\"@type\":\"ReadAction\",\"target\":[\"https:\/\/www.mpppst.gob.ve\/mpppstweb\/index.php\/2016\/12\/20\/ministro-recorre-direcciones-del-mpppst-de-cara-al-concurso-de-pesebres\/\"]}]},{\"@type\":\"ImageObject\",\"inLanguage\":\"es\",\"@id\":\"https:\/\/www.mpppst.gob.ve\/mpppstweb\/index.php\/2016\/12\/20\/ministro-recorre-direcciones-del-mpppst-de-cara-al-concurso-de-pesebres\/#primaryimage\",\"url\":\"https:\/\/www.mpppst.gob.ve\/mpppstweb\/wp-content\/uploads\/2016\/12\/pesebres.jpg\",\"contentUrl\":\"https:\/\/www.mpppst.gob.ve\/mpppstweb\/wp-content\/uploads\/2016\/12\/pesebres.jpg\",\"width\":800,\"height\":445},{\"@type\":\"BreadcrumbList\",\"@id\":\"https:\/\/www.mpppst.gob.ve\/mpppstweb\/index.php\/2016\/12\/20\/ministro-recorre-direcciones-del-mpppst-de-cara-al-concurso-de-pesebres\/#breadcrumb\",\"itemListElement\":[{\"@type\":\"ListItem\",\"position\":1,\"name\":\"Home\",\"item\":\"https:\/\/www.mpppst.gob.ve\/mpppstweb\/\"},{\"@type\":\"ListItem\",\"position\":2,\"name\":\"Ministro recorre direcciones del MPPPST de cara al concurso de pesebres\"}]},{\"@type\":\"WebSite\",\"@id\":\"https:\/\/www.mpppst.gob.ve\/mpppstweb\/#website\",\"url\":\"https:\/\/www.mpppst.gob.ve\/mpppstweb\/\",\"name\":\"MPPPST\",\"description\":\"Ministerio del Poder Popular para el Proceso Social de Trabajo\",\"publisher\":{\"@id\":\"https:\/\/www.mpppst.gob.ve\/mpppstweb\/#organization\"},\"potentialAction\":[{\"@type\":\"SearchAction\",\"target\":{\"@type\":\"EntryPoint\",\"urlTemplate\":\"https:\/\/www.mpppst.gob.ve\/mpppstweb\/?s={search_term_string}\"},\"query-input\":\"required name=search_term_string\"}],\"inLanguage\":\"es\"},{\"@type\":\"Organization\",\"@id\":\"https:\/\/www.mpppst.gob.ve\/mpppstweb\/#organization\",\"name\":\"mpppst\",\"url\":\"https:\/\/www.mpppst.gob.ve\/mpppstweb\/\",\"logo\":{\"@type\":\"ImageObject\",\"inLanguage\":\"es\",\"@id\":\"https:\/\/www.mpppst.gob.ve\/mpppstweb\/#\/schema\/logo\/image\/\",\"url\":\"https:\/\/www.mpppst.gob.ve\/mpppstweb\/wp-content\/uploads\/2025\/07\/cropped-cropped-g910.png\",\"contentUrl\":\"https:\/\/www.mpppst.gob.ve\/mpppstweb\/wp-content\/uploads\/2025\/07\/cropped-cropped-g910.png\",\"width\":1080,\"height\":241,\"caption\":\"mpppst\"},\"image\":{\"@id\":\"https:\/\/www.mpppst.gob.ve\/mpppstweb\/#\/schema\/logo\/image\/\"}},{\"@type\":\"Person\",\"@id\":\"https:\/\/www.mpppst.gob.ve\/mpppstweb\/#\/schema\/person\/fc187ee8ead412bd4c9304b62f900ea4\",\"name\":\"MPPPST Prensa\",\"url\":\"https:\/\/www.mpppst.gob.ve\/mpppstweb\/index.php\/author\/prensa-mpppst\/\"}]}<\/script>\n<!-- \/ Yoast SEO plugin. -->","yoast_head_json":{"title":"Ministro recorre direcciones del MPPPST de cara al concurso de pesebres - MPPPST","robots":{"index":"index","follow":"follow","max-snippet":"max-snippet:-1","max-image-preview":"max-image-preview:large","max-video-preview":"max-video-preview:-1"},"canonical":"https:\/\/www.mpppst.gob.ve\/mpppstweb\/index.php\/2016\/12\/20\/ministro-recorre-direcciones-del-mpppst-de-cara-al-concurso-de-pesebres\/","og_locale":"es_ES","og_type":"article","og_title":"Ministro recorre direcciones del MPPPST de cara al concurso de pesebres - MPPPST","og_description":"Prensa MPPPST.- El Ministro del Poder Popular para el Proceso Social del Trabajo, Oswaldo Vera, realiz\u00f3 &hellip; Ministro recorre direcciones del MPPPST de cara al concurso de pesebresRead more","og_url":"https:\/\/www.mpppst.gob.ve\/mpppstweb\/index.php\/2016\/12\/20\/ministro-recorre-direcciones-del-mpppst-de-cara-al-concurso-de-pesebres\/","og_site_name":"MPPPST","article_published_time":"2016-12-20T15:39:38+00:00","og_image":[{"width":800,"height":445,"url":"https:\/\/www.mpppst.gob.ve\/mpppstweb\/wp-content\/uploads\/2016\/12\/pesebres.jpg","type":"image\/jpeg"}],"author":"MPPPST Prensa","twitter_card":"summary_large_image","twitter_misc":{"Escrito por":"MPPPST Prensa","Tiempo de lectura":"4 minutos"},"schema":{"@context":"https:\/\/schema.org","@graph":[{"@type":"Article","@id":"https:\/\/www.mpppst.gob.ve\/mpppstweb\/index.php\/2016\/12\/20\/ministro-recorre-direcciones-del-mpppst-de-cara-al-concurso-de-pesebres\/#article","isPartOf":{"@id":"https:\/\/www.mpppst.gob.ve\/mpppstweb\/index.php\/2016\/12\/20\/ministro-recorre-direcciones-del-mpppst-de-cara-al-concurso-de-pesebres\/"},"author":{"name":"MPPPST Prensa","@id":"https:\/\/www.mpppst.gob.ve\/mpppstweb\/#\/schema\/person\/fc187ee8ead412bd4c9304b62f900ea4"},"headline":"Ministro recorre direcciones del MPPPST de cara al concurso de pesebres","datePublished":"2016-12-20T15:39:38+00:00","dateModified":"2016-12-20T15:39:38+00:00","mainEntityOfPage":{"@id":"https:\/\/www.mpppst.gob.ve\/mpppstweb\/index.php\/2016\/12\/20\/ministro-recorre-direcciones-del-mpppst-de-cara-al-concurso-de-pesebres\/"},"wordCount":728,"publisher":{"@id":"https:\/\/www.mpppst.gob.ve\/mpppstweb\/#organization"},"image":{"@id":"https:\/\/www.mpppst.gob.ve\/mpppstweb\/index.php\/2016\/12\/20\/ministro-recorre-direcciones-del-mpppst-de-cara-al-concurso-de-pesebres\/#primaryimage"},"thumbnailUrl":"https:\/\/www.mpppst.gob.ve\/mpppstweb\/wp-content\/uploads\/2016\/12\/pesebres.jpg","keywords":["MPPPST","Proceso Social"],"articleSection":["Noticias","Vida Laboral y Sindical"],"inLanguage":"es"},{"@type":"WebPage","@id":"https:\/\/www.mpppst.gob.ve\/mpppstweb\/index.php\/2016\/12\/20\/ministro-recorre-direcciones-del-mpppst-de-cara-al-concurso-de-pesebres\/","url":"https:\/\/www.mpppst.gob.ve\/mpppstweb\/index.php\/2016\/12\/20\/ministro-recorre-direcciones-del-mpppst-de-cara-al-concurso-de-pesebres\/","name":"Ministro recorre direcciones del MPPPST de cara al concurso de pesebres - MPPPST","isPartOf":{"@id":"https:\/\/www.mpppst.gob.ve\/mpppstweb\/#website"},"primaryImageOfPage":{"@id":"https:\/\/www.mpppst.gob.ve\/mpppstweb\/index.php\/2016\/12\/20\/ministro-recorre-direcciones-del-mpppst-de-cara-al-concurso-de-pesebres\/#primaryimage"},"image":{"@id":"https:\/\/www.mpppst.gob.ve\/mpppstweb\/index.php\/2016\/12\/20\/ministro-recorre-direcciones-del-mpppst-de-cara-al-concurso-de-pesebres\/#primaryimage"},"thumbnailUrl":"https:\/\/www.mpppst.gob.ve\/mpppstweb\/wp-content\/uploads\/2016\/12\/pesebres.jpg","datePublished":"2016-12-20T15:39:38+00:00","dateModified":"2016-12-20T15:39:38+00:00","breadcrumb":{"@id":"https:\/\/www.mpppst.gob.ve\/mpppstweb\/index.php\/2016\/12\/20\/ministro-recorre-direcciones-del-mpppst-de-cara-al-concurso-de-pesebres\/#breadcrumb"},"inLanguage":"es","potentialAction":[{"@type":"ReadAction","target":["https:\/\/www.mpppst.gob.ve\/mpppstweb\/index.php\/2016\/12\/20\/ministro-recorre-direcciones-del-mpppst-de-cara-al-concurso-de-pesebres\/"]}]},{"@type":"ImageObject","inLanguage":"es","@id":"https:\/\/www.mpppst.gob.ve\/mpppstweb\/index.php\/2016\/12\/20\/ministro-recorre-direcciones-del-mpppst-de-cara-al-concurso-de-pesebres\/#primaryimage","url":"https:\/\/www.mpppst.gob.ve\/mpppstweb\/wp-content\/uploads\/2016\/12\/pesebres.jpg","contentUrl":"https:\/\/www.mpppst.gob.ve\/mpppstweb\/wp-content\/uploads\/2016\/12\/pesebres.jpg","width":800,"height":445},{"@type":"BreadcrumbList","@id":"https:\/\/www.mpppst.gob.ve\/mpppstweb\/index.php\/2016\/12\/20\/ministro-recorre-direcciones-del-mpppst-de-cara-al-concurso-de-pesebres\/#breadcrumb","itemListElement":[{"@type":"ListItem","position":1,"name":"Home","item":"https:\/\/www.mpppst.gob.ve\/mpppstweb\/"},{"@type":"ListItem","position":2,"name":"Ministro recorre direcciones del MPPPST de cara al concurso de pesebres"}]},{"@type":"WebSite","@id":"https:\/\/www.mpppst.gob.ve\/mpppstweb\/#website","url":"https:\/\/www.mpppst.gob.ve\/mpppstweb\/","name":"MPPPST","description":"Ministerio del Poder Popular para el Proceso Social de Trabajo","publisher":{"@id":"https:\/\/www.mpppst.gob.ve\/mpppstweb\/#organization"},"potentialAction":[{"@type":"SearchAction","target":{"@type":"EntryPoint","urlTemplate":"https:\/\/www.mpppst.gob.ve\/mpppstweb\/?s={search_term_string}"},"query-input":"required name=search_term_string"}],"inLanguage":"es"},{"@type":"Organization","@id":"https:\/\/www.mpppst.gob.ve\/mpppstweb\/#organization","name":"mpppst","url":"https:\/\/www.mpppst.gob.ve\/mpppstweb\/","logo":{"@type":"ImageObject","inLanguage":"es","@id":"https:\/\/www.mpppst.gob.ve\/mpppstweb\/#\/schema\/logo\/image\/","url":"https:\/\/www.mpppst.gob.ve\/mpppstweb\/wp-content\/uploads\/2025\/07\/cropped-cropped-g910.png","contentUrl":"https:\/\/www.mpppst.gob.ve\/mpppstweb\/wp-content\/uploads\/2025\/07\/cropped-cropped-g910.png","width":1080,"height":241,"caption":"mpppst"},"image":{"@id":"https:\/\/www.mpppst.gob.ve\/mpppstweb\/#\/schema\/logo\/image\/"}},{"@type":"Person","@id":"https:\/\/www.mpppst.gob.ve\/mpppstweb\/#\/schema\/person\/fc187ee8ead412bd4c9304b62f900ea4","name":"MPPPST Prensa","url":"https:\/\/www.mpppst.gob.ve\/mpppstweb\/index.php\/author\/prensa-mpppst\/"}]}},"_links":{"self":[{"href":"https:\/\/www.mpppst.gob.ve\/mpppstweb\/index.php\/wp-json\/wp\/v2\/posts\/9794"}],"collection":[{"href":"https:\/\/www.mpppst.gob.ve\/mpppstweb\/index.php\/wp-json\/wp\/v2\/posts"}],"about":[{"href":"https:\/\/www.mpppst.gob.ve\/mpppstweb\/index.php\/wp-json\/wp\/v2\/types\/post"}],"author":[{"embeddable":true,"href":"https:\/\/www.mpppst.gob.ve\/mpppstweb\/index.php\/wp-json\/wp\/v2\/users\/25"}],"replies":[{"embeddable":true,"href":"https:\/\/www.mpppst.gob.ve\/mpppstweb\/index.php\/wp-json\/wp\/v2\/comments?post=9794"}],"version-history":[{"count":1,"href":"https:\/\/www.mpppst.gob.ve\/mpppstweb\/index.php\/wp-json\/wp\/v2\/posts\/9794\/revisions"}],"predecessor-version":[{"id":9796,"href":"https:\/\/www.mpppst.gob.ve\/mpppstweb\/index.php\/wp-json\/wp\/v2\/posts\/9794\/revisions\/9796"}],"wp:featuredmedia":[{"embeddable":true,"href":"https:\/\/www.mpppst.gob.ve\/mpppstweb\/index.php\/wp-json\/wp\/v2\/media\/9795"}],"wp:attachment":[{"href":"https:\/\/www.mpppst.gob.ve\/mpppstweb\/index.php\/wp-json\/wp\/v2\/media?parent=9794"}],"wp:term":[{"taxonomy":"category","embeddable":true,"href":"https:\/\/www.mpppst.gob.ve\/mpppstweb\/index.php\/wp-json\/wp\/v2\/categories?post=9794"},{"taxonomy":"post_tag","embeddable":true,"href":"https:\/\/www.mpppst.gob.ve\/mpppstweb\/index.php\/wp-json\/wp\/v2\/tags?post=9794"}],"curies":[{"name":"wp","href":"https:\/\/api.w.org\/{rel}","templated":true}]}}