{"id":9800,"date":"2016-12-21T13:04:10","date_gmt":"2016-12-21T13:04:10","guid":{"rendered":"http:\/\/www.mpppst.gob.ve\/mpppstweb\/?p=9800"},"modified":"2016-12-21T13:04:10","modified_gmt":"2016-12-21T13:04:10","slug":"realizado-primer-encuentro-juvenil-de-socializacion-del-conocimiento","status":"publish","type":"post","link":"https:\/\/www.mpppst.gob.ve\/mpppstweb\/index.php\/2016\/12\/21\/realizado-primer-encuentro-juvenil-de-socializacion-del-conocimiento\/","title":{"rendered":"Realizado primer Encuentro Juvenil de Socializaci\u00f3n del Conocimiento"},"content":{"rendered":"<p>Prensa Inces Lara<\/p>\n<p>Conformar la red juvenil del conocimiento productivo para el 2017, es el prop\u00f3sito de este primer encuentro, el cual alberga, en dos categor\u00edas, a la juventud de Encadenamiento Productivo del Inces, Universidad Bolivariana de Trabajadores \u201cJes\u00fas Ribero\u201d (Ubtjr ) y Misi\u00f3n Saber y Trabajo.<\/p>\n<p>As\u00ed lo dio a conocer, desde Fundacite, el coordinador de socializaci\u00f3n para la unidad territorial del Ministerio del Poder Popular de Educaci\u00f3n Superior Ciencia y Tecnolog\u00eda, Roger Cordero, quien destac\u00f3 que las categor\u00edas son las \u00e1reas cient\u00edficas, investigaci\u00f3n, tecnolog\u00eda e innovaci\u00f3n, as\u00ed como territorial, por ocupaci\u00f3n y trabajo.<\/p>\n<p>Por otro lado, Cordero extendi\u00f3 la invitaci\u00f3n a los colectivos sociales, incluso en el \u00e1rea de las artes y empresas productivas, para fortalecer el territorio, con iniciativas que aporten en gran manera en la formaci\u00f3n productiva.<\/p>\n<p>Durante el encuentro, el Inces Lara present\u00f3 su experiencia con el proyecto Pil\u00f3n de ma\u00edz que llevan adelante los maestros t\u00e9cnico productivo Mario Vargas y Antonio Dur\u00e1n, con un grupo de participantes conscientes, quienes constantemente est\u00e1n invitando al resto de la juventud a la incorporaci\u00f3n y al intercambio de ideas como una manera de incentivar la producci\u00f3n. Por su parte, la Ubtjr comparti\u00f3 su experiencia con la producci\u00f3n Rebeld\u00eda Obrera, un proyecto de siembra de ma\u00edz, carota y hortalizas.<\/p>\n<p>Conocimientos para avanzar<\/p>\n<p>El coordinador de Encadenamiento Productivo del Inces, Israel Carrasquel dijo que desde cada centro de trabajo existe un consejo federal que agrupa en el estado sus f\u00e1bricas donde lo que se plantea, de manera constante, es la formaci\u00f3n para el trabajo de la mano con la Ley Org\u00e1nica del Trabajo, los Trabajadores y las Trabajadora.<\/p>\n<p>&nbsp;<\/p>\n","protected":false},"excerpt":{"rendered":"<p>Prensa Inces Lara Conformar la red juvenil del conocimiento productivo para el 2017, es el prop\u00f3sito &hellip; <a title=\"Realizado primer Encuentro Juvenil de Socializaci\u00f3n del Conocimiento\" class=\"hm-read-more\" href=\"https:\/\/www.mpppst.gob.ve\/mpppstweb\/index.php\/2016\/12\/21\/realizado-primer-encuentro-juvenil-de-socializacion-del-conocimiento\/\"><span class=\"screen-reader-text\">Realizado primer Encuentro Juvenil de Socializaci\u00f3n del Conocimiento<\/span>Read more<\/a><\/p>\n","protected":false},"author":25,"featured_media":9801,"comment_status":"closed","ping_status":"closed","sticky":false,"template":"","format":"standard","meta":{"footnotes":""},"categories":[239,255,163],"tags":[243],"yoast_head":"<!-- This site is optimized with the Yoast SEO plugin v22.5 - https:\/\/yoast.com\/wordpress\/plugins\/seo\/ -->\n<title>Realizado primer Encuentro Juvenil de Socializaci\u00f3n del Conocimiento - MPPPST<\/title>\n<meta name=\"robots\" content=\"index, follow, max-snippet:-1, max-image-preview:large, max-video-preview:-1\" \/>\n<link rel=\"canonical\" href=\"https:\/\/www.mpppst.gob.ve\/mpppstweb\/index.php\/2016\/12\/21\/realizado-primer-encuentro-juvenil-de-socializacion-del-conocimiento\/\" \/>\n<meta property=\"og:locale\" content=\"es_ES\" \/>\n<meta property=\"og:type\" content=\"article\" \/>\n<meta property=\"og:title\" content=\"Realizado primer Encuentro Juvenil de Socializaci\u00f3n del Conocimiento - MPPPST\" \/>\n<meta property=\"og:description\" content=\"Prensa Inces Lara Conformar la red juvenil del conocimiento productivo para el 2017, es el prop\u00f3sito &hellip; Realizado primer Encuentro Juvenil de Socializaci\u00f3n del ConocimientoRead more\" \/>\n<meta property=\"og:url\" content=\"https:\/\/www.mpppst.gob.ve\/mpppstweb\/index.php\/2016\/12\/21\/realizado-primer-encuentro-juvenil-de-socializacion-del-conocimiento\/\" \/>\n<meta property=\"og:site_name\" content=\"MPPPST\" \/>\n<meta property=\"article:published_time\" content=\"2016-12-21T13:04:10+00:00\" \/>\n<meta property=\"og:image\" content=\"https:\/\/www.mpppst.gob.ve\/mpppstweb\/wp-content\/uploads\/2016\/12\/2543_01lara.png\" \/>\n\t<meta property=\"og:image:width\" content=\"800\" \/>\n\t<meta property=\"og:image:height\" content=\"445\" \/>\n\t<meta property=\"og:image:type\" content=\"image\/png\" \/>\n<meta name=\"author\" content=\"MPPPST Prensa\" \/>\n<meta name=\"twitter:card\" content=\"summary_large_image\" \/>\n<meta name=\"twitter:label1\" content=\"Escrito por\" \/>\n\t<meta name=\"twitter:data1\" content=\"MPPPST Prensa\" \/>\n\t<meta name=\"twitter:label2\" content=\"Tiempo de lectura\" \/>\n\t<meta name=\"twitter:data2\" content=\"1 minuto\" \/>\n<script type=\"application\/ld+json\" class=\"yoast-schema-graph\">{\"@context\":\"https:\/\/schema.org\",\"@graph\":[{\"@type\":\"Article\",\"@id\":\"https:\/\/www.mpppst.gob.ve\/mpppstweb\/index.php\/2016\/12\/21\/realizado-primer-encuentro-juvenil-de-socializacion-del-conocimiento\/#article\",\"isPartOf\":{\"@id\":\"https:\/\/www.mpppst.gob.ve\/mpppstweb\/index.php\/2016\/12\/21\/realizado-primer-encuentro-juvenil-de-socializacion-del-conocimiento\/\"},\"author\":{\"name\":\"MPPPST Prensa\",\"@id\":\"https:\/\/www.mpppst.gob.ve\/mpppstweb\/#\/schema\/person\/fc187ee8ead412bd4c9304b62f900ea4\"},\"headline\":\"Realizado primer Encuentro Juvenil de Socializaci\u00f3n del Conocimiento\",\"datePublished\":\"2016-12-21T13:04:10+00:00\",\"dateModified\":\"2016-12-21T13:04:10+00:00\",\"mainEntityOfPage\":{\"@id\":\"https:\/\/www.mpppst.gob.ve\/mpppstweb\/index.php\/2016\/12\/21\/realizado-primer-encuentro-juvenil-de-socializacion-del-conocimiento\/\"},\"wordCount\":304,\"publisher\":{\"@id\":\"https:\/\/www.mpppst.gob.ve\/mpppstweb\/#organization\"},\"image\":{\"@id\":\"https:\/\/www.mpppst.gob.ve\/mpppstweb\/index.php\/2016\/12\/21\/realizado-primer-encuentro-juvenil-de-socializacion-del-conocimiento\/#primaryimage\"},\"thumbnailUrl\":\"https:\/\/www.mpppst.gob.ve\/mpppstweb\/wp-content\/uploads\/2016\/12\/2543_01lara.png\",\"keywords\":[\"INCES\"],\"articleSection\":[\"Entes adscritos\",\"INCES\",\"Noticias\"],\"inLanguage\":\"es\"},{\"@type\":\"WebPage\",\"@id\":\"https:\/\/www.mpppst.gob.ve\/mpppstweb\/index.php\/2016\/12\/21\/realizado-primer-encuentro-juvenil-de-socializacion-del-conocimiento\/\",\"url\":\"https:\/\/www.mpppst.gob.ve\/mpppstweb\/index.php\/2016\/12\/21\/realizado-primer-encuentro-juvenil-de-socializacion-del-conocimiento\/\",\"name\":\"Realizado primer Encuentro Juvenil de Socializaci\u00f3n del Conocimiento - MPPPST\",\"isPartOf\":{\"@id\":\"https:\/\/www.mpppst.gob.ve\/mpppstweb\/#website\"},\"primaryImageOfPage\":{\"@id\":\"https:\/\/www.mpppst.gob.ve\/mpppstweb\/index.php\/2016\/12\/21\/realizado-primer-encuentro-juvenil-de-socializacion-del-conocimiento\/#primaryimage\"},\"image\":{\"@id\":\"https:\/\/www.mpppst.gob.ve\/mpppstweb\/index.php\/2016\/12\/21\/realizado-primer-encuentro-juvenil-de-socializacion-del-conocimiento\/#primaryimage\"},\"thumbnailUrl\":\"https:\/\/www.mpppst.gob.ve\/mpppstweb\/wp-content\/uploads\/2016\/12\/2543_01lara.png\",\"datePublished\":\"2016-12-21T13:04:10+00:00\",\"dateModified\":\"2016-12-21T13:04:10+00:00\",\"breadcrumb\":{\"@id\":\"https:\/\/www.mpppst.gob.ve\/mpppstweb\/index.php\/2016\/12\/21\/realizado-primer-encuentro-juvenil-de-socializacion-del-conocimiento\/#breadcrumb\"},\"inLanguage\":\"es\",\"potentialAction\":[{\"@type\":\"ReadAction\",\"target\":[\"https:\/\/www.mpppst.gob.ve\/mpppstweb\/index.php\/2016\/12\/21\/realizado-primer-encuentro-juvenil-de-socializacion-del-conocimiento\/\"]}]},{\"@type\":\"ImageObject\",\"inLanguage\":\"es\",\"@id\":\"https:\/\/www.mpppst.gob.ve\/mpppstweb\/index.php\/2016\/12\/21\/realizado-primer-encuentro-juvenil-de-socializacion-del-conocimiento\/#primaryimage\",\"url\":\"https:\/\/www.mpppst.gob.ve\/mpppstweb\/wp-content\/uploads\/2016\/12\/2543_01lara.png\",\"contentUrl\":\"https:\/\/www.mpppst.gob.ve\/mpppstweb\/wp-content\/uploads\/2016\/12\/2543_01lara.png\",\"width\":800,\"height\":445},{\"@type\":\"BreadcrumbList\",\"@id\":\"https:\/\/www.mpppst.gob.ve\/mpppstweb\/index.php\/2016\/12\/21\/realizado-primer-encuentro-juvenil-de-socializacion-del-conocimiento\/#breadcrumb\",\"itemListElement\":[{\"@type\":\"ListItem\",\"position\":1,\"name\":\"Home\",\"item\":\"https:\/\/www.mpppst.gob.ve\/mpppstweb\/\"},{\"@type\":\"ListItem\",\"position\":2,\"name\":\"Realizado primer Encuentro Juvenil de Socializaci\u00f3n del Conocimiento\"}]},{\"@type\":\"WebSite\",\"@id\":\"https:\/\/www.mpppst.gob.ve\/mpppstweb\/#website\",\"url\":\"https:\/\/www.mpppst.gob.ve\/mpppstweb\/\",\"name\":\"MPPPST\",\"description\":\"Ministerio del Poder Popular para el Proceso Social de Trabajo\",\"publisher\":{\"@id\":\"https:\/\/www.mpppst.gob.ve\/mpppstweb\/#organization\"},\"potentialAction\":[{\"@type\":\"SearchAction\",\"target\":{\"@type\":\"EntryPoint\",\"urlTemplate\":\"https:\/\/www.mpppst.gob.ve\/mpppstweb\/?s={search_term_string}\"},\"query-input\":\"required name=search_term_string\"}],\"inLanguage\":\"es\"},{\"@type\":\"Organization\",\"@id\":\"https:\/\/www.mpppst.gob.ve\/mpppstweb\/#organization\",\"name\":\"mpppst\",\"url\":\"https:\/\/www.mpppst.gob.ve\/mpppstweb\/\",\"logo\":{\"@type\":\"ImageObject\",\"inLanguage\":\"es\",\"@id\":\"https:\/\/www.mpppst.gob.ve\/mpppstweb\/#\/schema\/logo\/image\/\",\"url\":\"https:\/\/www.mpppst.gob.ve\/mpppstweb\/wp-content\/uploads\/2025\/07\/cropped-cropped-g910.png\",\"contentUrl\":\"https:\/\/www.mpppst.gob.ve\/mpppstweb\/wp-content\/uploads\/2025\/07\/cropped-cropped-g910.png\",\"width\":1080,\"height\":241,\"caption\":\"mpppst\"},\"image\":{\"@id\":\"https:\/\/www.mpppst.gob.ve\/mpppstweb\/#\/schema\/logo\/image\/\"}},{\"@type\":\"Person\",\"@id\":\"https:\/\/www.mpppst.gob.ve\/mpppstweb\/#\/schema\/person\/fc187ee8ead412bd4c9304b62f900ea4\",\"name\":\"MPPPST Prensa\",\"url\":\"https:\/\/www.mpppst.gob.ve\/mpppstweb\/index.php\/author\/prensa-mpppst\/\"}]}<\/script>\n<!-- \/ Yoast SEO plugin. -->","yoast_head_json":{"title":"Realizado primer Encuentro Juvenil de Socializaci\u00f3n del Conocimiento - MPPPST","robots":{"index":"index","follow":"follow","max-snippet":"max-snippet:-1","max-image-preview":"max-image-preview:large","max-video-preview":"max-video-preview:-1"},"canonical":"https:\/\/www.mpppst.gob.ve\/mpppstweb\/index.php\/2016\/12\/21\/realizado-primer-encuentro-juvenil-de-socializacion-del-conocimiento\/","og_locale":"es_ES","og_type":"article","og_title":"Realizado primer Encuentro Juvenil de Socializaci\u00f3n del Conocimiento - MPPPST","og_description":"Prensa Inces Lara Conformar la red juvenil del conocimiento productivo para el 2017, es el prop\u00f3sito &hellip; Realizado primer Encuentro Juvenil de Socializaci\u00f3n del ConocimientoRead more","og_url":"https:\/\/www.mpppst.gob.ve\/mpppstweb\/index.php\/2016\/12\/21\/realizado-primer-encuentro-juvenil-de-socializacion-del-conocimiento\/","og_site_name":"MPPPST","article_published_time":"2016-12-21T13:04:10+00:00","og_image":[{"width":800,"height":445,"url":"https:\/\/www.mpppst.gob.ve\/mpppstweb\/wp-content\/uploads\/2016\/12\/2543_01lara.png","type":"image\/png"}],"author":"MPPPST Prensa","twitter_card":"summary_large_image","twitter_misc":{"Escrito por":"MPPPST Prensa","Tiempo de lectura":"1 minuto"},"schema":{"@context":"https:\/\/schema.org","@graph":[{"@type":"Article","@id":"https:\/\/www.mpppst.gob.ve\/mpppstweb\/index.php\/2016\/12\/21\/realizado-primer-encuentro-juvenil-de-socializacion-del-conocimiento\/#article","isPartOf":{"@id":"https:\/\/www.mpppst.gob.ve\/mpppstweb\/index.php\/2016\/12\/21\/realizado-primer-encuentro-juvenil-de-socializacion-del-conocimiento\/"},"author":{"name":"MPPPST Prensa","@id":"https:\/\/www.mpppst.gob.ve\/mpppstweb\/#\/schema\/person\/fc187ee8ead412bd4c9304b62f900ea4"},"headline":"Realizado primer Encuentro Juvenil de Socializaci\u00f3n del Conocimiento","datePublished":"2016-12-21T13:04:10+00:00","dateModified":"2016-12-21T13:04:10+00:00","mainEntityOfPage":{"@id":"https:\/\/www.mpppst.gob.ve\/mpppstweb\/index.php\/2016\/12\/21\/realizado-primer-encuentro-juvenil-de-socializacion-del-conocimiento\/"},"wordCount":304,"publisher":{"@id":"https:\/\/www.mpppst.gob.ve\/mpppstweb\/#organization"},"image":{"@id":"https:\/\/www.mpppst.gob.ve\/mpppstweb\/index.php\/2016\/12\/21\/realizado-primer-encuentro-juvenil-de-socializacion-del-conocimiento\/#primaryimage"},"thumbnailUrl":"https:\/\/www.mpppst.gob.ve\/mpppstweb\/wp-content\/uploads\/2016\/12\/2543_01lara.png","keywords":["INCES"],"articleSection":["Entes adscritos","INCES","Noticias"],"inLanguage":"es"},{"@type":"WebPage","@id":"https:\/\/www.mpppst.gob.ve\/mpppstweb\/index.php\/2016\/12\/21\/realizado-primer-encuentro-juvenil-de-socializacion-del-conocimiento\/","url":"https:\/\/www.mpppst.gob.ve\/mpppstweb\/index.php\/2016\/12\/21\/realizado-primer-encuentro-juvenil-de-socializacion-del-conocimiento\/","name":"Realizado primer Encuentro Juvenil de Socializaci\u00f3n del Conocimiento - MPPPST","isPartOf":{"@id":"https:\/\/www.mpppst.gob.ve\/mpppstweb\/#website"},"primaryImageOfPage":{"@id":"https:\/\/www.mpppst.gob.ve\/mpppstweb\/index.php\/2016\/12\/21\/realizado-primer-encuentro-juvenil-de-socializacion-del-conocimiento\/#primaryimage"},"image":{"@id":"https:\/\/www.mpppst.gob.ve\/mpppstweb\/index.php\/2016\/12\/21\/realizado-primer-encuentro-juvenil-de-socializacion-del-conocimiento\/#primaryimage"},"thumbnailUrl":"https:\/\/www.mpppst.gob.ve\/mpppstweb\/wp-content\/uploads\/2016\/12\/2543_01lara.png","datePublished":"2016-12-21T13:04:10+00:00","dateModified":"2016-12-21T13:04:10+00:00","breadcrumb":{"@id":"https:\/\/www.mpppst.gob.ve\/mpppstweb\/index.php\/2016\/12\/21\/realizado-primer-encuentro-juvenil-de-socializacion-del-conocimiento\/#breadcrumb"},"inLanguage":"es","potentialAction":[{"@type":"ReadAction","target":["https:\/\/www.mpppst.gob.ve\/mpppstweb\/index.php\/2016\/12\/21\/realizado-primer-encuentro-juvenil-de-socializacion-del-conocimiento\/"]}]},{"@type":"ImageObject","inLanguage":"es","@id":"https:\/\/www.mpppst.gob.ve\/mpppstweb\/index.php\/2016\/12\/21\/realizado-primer-encuentro-juvenil-de-socializacion-del-conocimiento\/#primaryimage","url":"https:\/\/www.mpppst.gob.ve\/mpppstweb\/wp-content\/uploads\/2016\/12\/2543_01lara.png","contentUrl":"https:\/\/www.mpppst.gob.ve\/mpppstweb\/wp-content\/uploads\/2016\/12\/2543_01lara.png","width":800,"height":445},{"@type":"BreadcrumbList","@id":"https:\/\/www.mpppst.gob.ve\/mpppstweb\/index.php\/2016\/12\/21\/realizado-primer-encuentro-juvenil-de-socializacion-del-conocimiento\/#breadcrumb","itemListElement":[{"@type":"ListItem","position":1,"name":"Home","item":"https:\/\/www.mpppst.gob.ve\/mpppstweb\/"},{"@type":"ListItem","position":2,"name":"Realizado primer Encuentro Juvenil de Socializaci\u00f3n del Conocimiento"}]},{"@type":"WebSite","@id":"https:\/\/www.mpppst.gob.ve\/mpppstweb\/#website","url":"https:\/\/www.mpppst.gob.ve\/mpppstweb\/","name":"MPPPST","description":"Ministerio del Poder Popular para el Proceso Social de Trabajo","publisher":{"@id":"https:\/\/www.mpppst.gob.ve\/mpppstweb\/#organization"},"potentialAction":[{"@type":"SearchAction","target":{"@type":"EntryPoint","urlTemplate":"https:\/\/www.mpppst.gob.ve\/mpppstweb\/?s={search_term_string}"},"query-input":"required name=search_term_string"}],"inLanguage":"es"},{"@type":"Organization","@id":"https:\/\/www.mpppst.gob.ve\/mpppstweb\/#organization","name":"mpppst","url":"https:\/\/www.mpppst.gob.ve\/mpppstweb\/","logo":{"@type":"ImageObject","inLanguage":"es","@id":"https:\/\/www.mpppst.gob.ve\/mpppstweb\/#\/schema\/logo\/image\/","url":"https:\/\/www.mpppst.gob.ve\/mpppstweb\/wp-content\/uploads\/2025\/07\/cropped-cropped-g910.png","contentUrl":"https:\/\/www.mpppst.gob.ve\/mpppstweb\/wp-content\/uploads\/2025\/07\/cropped-cropped-g910.png","width":1080,"height":241,"caption":"mpppst"},"image":{"@id":"https:\/\/www.mpppst.gob.ve\/mpppstweb\/#\/schema\/logo\/image\/"}},{"@type":"Person","@id":"https:\/\/www.mpppst.gob.ve\/mpppstweb\/#\/schema\/person\/fc187ee8ead412bd4c9304b62f900ea4","name":"MPPPST Prensa","url":"https:\/\/www.mpppst.gob.ve\/mpppstweb\/index.php\/author\/prensa-mpppst\/"}]}},"_links":{"self":[{"href":"https:\/\/www.mpppst.gob.ve\/mpppstweb\/index.php\/wp-json\/wp\/v2\/posts\/9800"}],"collection":[{"href":"https:\/\/www.mpppst.gob.ve\/mpppstweb\/index.php\/wp-json\/wp\/v2\/posts"}],"about":[{"href":"https:\/\/www.mpppst.gob.ve\/mpppstweb\/index.php\/wp-json\/wp\/v2\/types\/post"}],"author":[{"embeddable":true,"href":"https:\/\/www.mpppst.gob.ve\/mpppstweb\/index.php\/wp-json\/wp\/v2\/users\/25"}],"replies":[{"embeddable":true,"href":"https:\/\/www.mpppst.gob.ve\/mpppstweb\/index.php\/wp-json\/wp\/v2\/comments?post=9800"}],"version-history":[{"count":1,"href":"https:\/\/www.mpppst.gob.ve\/mpppstweb\/index.php\/wp-json\/wp\/v2\/posts\/9800\/revisions"}],"predecessor-version":[{"id":9802,"href":"https:\/\/www.mpppst.gob.ve\/mpppstweb\/index.php\/wp-json\/wp\/v2\/posts\/9800\/revisions\/9802"}],"wp:featuredmedia":[{"embeddable":true,"href":"https:\/\/www.mpppst.gob.ve\/mpppstweb\/index.php\/wp-json\/wp\/v2\/media\/9801"}],"wp:attachment":[{"href":"https:\/\/www.mpppst.gob.ve\/mpppstweb\/index.php\/wp-json\/wp\/v2\/media?parent=9800"}],"wp:term":[{"taxonomy":"category","embeddable":true,"href":"https:\/\/www.mpppst.gob.ve\/mpppstweb\/index.php\/wp-json\/wp\/v2\/categories?post=9800"},{"taxonomy":"post_tag","embeddable":true,"href":"https:\/\/www.mpppst.gob.ve\/mpppstweb\/index.php\/wp-json\/wp\/v2\/tags?post=9800"}],"curies":[{"name":"wp","href":"https:\/\/api.w.org\/{rel}","templated":true}]}}