{"id":9828,"date":"2016-12-26T15:19:41","date_gmt":"2016-12-26T15:19:41","guid":{"rendered":"http:\/\/www.mpppst.gob.ve\/mpppstweb\/?p=9828"},"modified":"2016-12-26T20:22:34","modified_gmt":"2016-12-26T20:22:34","slug":"venezuela-advierte-que-vinculacion-de-santos-con-la-otan-vulnera-zona-de-paz-suramericana","status":"publish","type":"post","link":"https:\/\/www.mpppst.gob.ve\/mpppstweb\/index.php\/2016\/12\/26\/venezuela-advierte-que-vinculacion-de-santos-con-la-otan-vulnera-zona-de-paz-suramericana\/","title":{"rendered":"Venezuela advierte que vinculaci\u00f3n de Santos con la OTAN vulnera zona de paz suramericana"},"content":{"rendered":"<p>La Rep\u00fablica Bolivariana de Venezuela rechaz\u00f3 este lunes que el Gobierno colombiano promueva conversaciones con la Organizaci\u00f3n del Tratado del Atl\u00e1ntico del Norte (Otan) con miras a suscribir un convenio de cooperaci\u00f3n que vulnera los acuerdos de paz de Am\u00e9rica del Sur.<\/p>\n<p>Santos anunci\u00f3 el pasado 23 de diciembre que la Otan acept\u00f3 la solicitud de su gobierno para comenzar las conversaciones previas al establecimiento de un \u00abconvenio\u00bb.<\/p>\n<p>\u00abEl Gobierno venezolano se opone firmemente ante el intento de introducir factores externos con capacidad nuclear en nuestra Regi\u00f3n, cuyas actuaciones pasadas y recientes reivindican la pol\u00edtica de la guerra, violentan acuerdos bilaterales y regionales de los cuales Colombia forma parte (Unasur, Celac), a trav\u00e9s de los cuales se declar\u00f3 a Am\u00e9rica Latina y el Caribe como Zona de Paz\u00bb, manifest\u00f3 el Gobierno de Venezuela, a trav\u00e9s de un comunicado difundido por Canciller\u00eda en su p\u00e1gina web.<\/p>\n<p><strong>Comunicado:<\/strong><\/p>\n<p>Rep\u00fablica Bolivariana De Venezuela<\/p>\n<p>Ministerio del Poder Popular<\/p>\n<p>Para Relaciones Exteriores<\/p>\n<p>Comunicado<\/p>\n<p>La Rep\u00fablica Bolivariana de Venezuela expresa su profunda preocupaci\u00f3n y rechazo por el anuncio del Presidente de la Rep\u00fablica de Colombia, Juan Manuel Santos, sobre el inicio de discusiones para concretar un acuerdo de cooperaci\u00f3n militar entre Colombia y la Organizaci\u00f3n del Tratado del Atl\u00e1ntico del Norte (Otan).<\/p>\n<p>Este anuncio quebranta la palabra empe\u00f1ada por el presidente Santos en el a\u00f1o 2010, frente al Presidente Hugo Ch\u00e1vez, de no concretar alianza militar con la OTAN.<\/p>\n<p>El Gobierno venezolano se opone firmemente ante el intento de introducir factores externos con capacidad nuclear en nuestra Regi\u00f3n, cuyas actuaciones pasadas y recientes reivindican la pol\u00edtica de la guerra, violentan acuerdos bilaterales y regionales de los cuales Colombia forma parte (Unasur, Celac), a trav\u00e9s de los cuales se declar\u00f3 a Am\u00e9rica Latina y el Caribe como Zona de Paz. Este anuncio desvirt\u00faa los principios de Bandung que dieron origen al Movimiento de Pa\u00edses No Alineados (Mnoal), que proh\u00edbe expresamente a sus Estados Miembros formar parte de alianzas militares.<\/p>\n<p>La Rep\u00fablica Bolivariana de Venezuela har\u00e1 valer todas las instancias diplom\u00e1ticas y pol\u00edticas a su alcance, para impedir que organizaciones b\u00e9licas con pernicioso expediente de guerra y violencia en el mundo perturben la paz de nuestra Regi\u00f3n.<\/p>\n<p>El Gobierno bolivariano de Venezuela, en aras de la uni\u00f3n y la integraci\u00f3n de la Patria Grande, exhorta al Gobierno de Colombia a no generar elementos de desestabilizaci\u00f3n y guerra en Suram\u00e9rica, y hace votos para que atienda el llamado hist\u00f3rico de paz y unidad de nuestros Libertadores.<\/p>\n<p>\u00a1\u00a1\u00a1NO A LA OTAN EN SURAM\u00c9RICA!!!!<\/p>\n<p>\u00a1\u00a1\u00a1NO A LA GUERRA!!!<\/p>\n<p>&nbsp;<\/p>\n<p>Por AVN<\/p>\n","protected":false},"excerpt":{"rendered":"<p>La Rep\u00fablica Bolivariana de Venezuela rechaz\u00f3 este lunes que el Gobierno colombiano promueva conversaciones con la &hellip; <a title=\"Venezuela advierte que vinculaci\u00f3n de Santos con la OTAN vulnera zona de paz suramericana\" class=\"hm-read-more\" href=\"https:\/\/www.mpppst.gob.ve\/mpppstweb\/index.php\/2016\/12\/26\/venezuela-advierte-que-vinculacion-de-santos-con-la-otan-vulnera-zona-de-paz-suramericana\/\"><span class=\"screen-reader-text\">Venezuela advierte que vinculaci\u00f3n de Santos con la OTAN vulnera zona de paz suramericana<\/span>Read more<\/a><\/p>\n","protected":false},"author":25,"featured_media":9829,"comment_status":"closed","ping_status":"closed","sticky":false,"template":"","format":"standard","meta":{"footnotes":""},"categories":[167,8,166],"tags":[229,222],"yoast_head":"<!-- This site is optimized with the Yoast SEO plugin v22.5 - https:\/\/yoast.com\/wordpress\/plugins\/seo\/ -->\n<title>Venezuela advierte que vinculaci\u00f3n de Santos con la OTAN vulnera zona de paz suramericana - MPPPST<\/title>\n<meta name=\"robots\" content=\"index, follow, max-snippet:-1, max-image-preview:large, max-video-preview:-1\" \/>\n<link rel=\"canonical\" href=\"https:\/\/www.mpppst.gob.ve\/mpppstweb\/index.php\/2016\/12\/26\/venezuela-advierte-que-vinculacion-de-santos-con-la-otan-vulnera-zona-de-paz-suramericana\/\" \/>\n<meta property=\"og:locale\" content=\"es_ES\" \/>\n<meta property=\"og:type\" content=\"article\" \/>\n<meta property=\"og:title\" content=\"Venezuela advierte que vinculaci\u00f3n de Santos con la OTAN vulnera zona de paz suramericana - MPPPST\" \/>\n<meta property=\"og:description\" content=\"La Rep\u00fablica Bolivariana de Venezuela rechaz\u00f3 este lunes que el Gobierno colombiano promueva conversaciones con la &hellip; Venezuela advierte que vinculaci\u00f3n de Santos con la OTAN vulnera zona de paz suramericanaRead more\" \/>\n<meta property=\"og:url\" content=\"https:\/\/www.mpppst.gob.ve\/mpppstweb\/index.php\/2016\/12\/26\/venezuela-advierte-que-vinculacion-de-santos-con-la-otan-vulnera-zona-de-paz-suramericana\/\" \/>\n<meta property=\"og:site_name\" content=\"MPPPST\" \/>\n<meta property=\"article:published_time\" content=\"2016-12-26T15:19:41+00:00\" \/>\n<meta property=\"article:modified_time\" content=\"2016-12-26T20:22:34+00:00\" \/>\n<meta property=\"og:image\" content=\"https:\/\/www.mpppst.gob.ve\/mpppstweb\/wp-content\/uploads\/2016\/12\/SANTOS-PELIGRO-PARA-LA-REGI\u00d3N.jpg\" \/>\n\t<meta property=\"og:image:width\" content=\"800\" \/>\n\t<meta property=\"og:image:height\" content=\"445\" \/>\n\t<meta property=\"og:image:type\" content=\"image\/jpeg\" \/>\n<meta name=\"author\" content=\"MPPPST Prensa\" \/>\n<meta name=\"twitter:card\" content=\"summary_large_image\" \/>\n<meta name=\"twitter:label1\" content=\"Escrito por\" \/>\n\t<meta name=\"twitter:data1\" content=\"MPPPST Prensa\" \/>\n\t<meta name=\"twitter:label2\" content=\"Tiempo de lectura\" \/>\n\t<meta name=\"twitter:data2\" content=\"2 minutos\" \/>\n<script type=\"application\/ld+json\" class=\"yoast-schema-graph\">{\"@context\":\"https:\/\/schema.org\",\"@graph\":[{\"@type\":\"Article\",\"@id\":\"https:\/\/www.mpppst.gob.ve\/mpppstweb\/index.php\/2016\/12\/26\/venezuela-advierte-que-vinculacion-de-santos-con-la-otan-vulnera-zona-de-paz-suramericana\/#article\",\"isPartOf\":{\"@id\":\"https:\/\/www.mpppst.gob.ve\/mpppstweb\/index.php\/2016\/12\/26\/venezuela-advierte-que-vinculacion-de-santos-con-la-otan-vulnera-zona-de-paz-suramericana\/\"},\"author\":{\"name\":\"MPPPST Prensa\",\"@id\":\"https:\/\/www.mpppst.gob.ve\/mpppstweb\/#\/schema\/person\/fc187ee8ead412bd4c9304b62f900ea4\"},\"headline\":\"Venezuela advierte que vinculaci\u00f3n de Santos con la OTAN vulnera zona de paz suramericana\",\"datePublished\":\"2016-12-26T15:19:41+00:00\",\"dateModified\":\"2016-12-26T20:22:34+00:00\",\"mainEntityOfPage\":{\"@id\":\"https:\/\/www.mpppst.gob.ve\/mpppstweb\/index.php\/2016\/12\/26\/venezuela-advierte-que-vinculacion-de-santos-con-la-otan-vulnera-zona-de-paz-suramericana\/\"},\"wordCount\":473,\"publisher\":{\"@id\":\"https:\/\/www.mpppst.gob.ve\/mpppstweb\/#organization\"},\"image\":{\"@id\":\"https:\/\/www.mpppst.gob.ve\/mpppstweb\/index.php\/2016\/12\/26\/venezuela-advierte-que-vinculacion-de-santos-con-la-otan-vulnera-zona-de-paz-suramericana\/#primaryimage\"},\"thumbnailUrl\":\"https:\/\/www.mpppst.gob.ve\/mpppstweb\/wp-content\/uploads\/2016\/12\/SANTOS-PELIGRO-PARA-LA-REGI\u00d3N.jpg\",\"keywords\":[\"Defensa Integral\",\"Gobierno Bolivariano\"],\"articleSection\":[\"Defensa Integral\",\"Internacionales\",\"Venezuela y el Mundo\"],\"inLanguage\":\"es\"},{\"@type\":\"WebPage\",\"@id\":\"https:\/\/www.mpppst.gob.ve\/mpppstweb\/index.php\/2016\/12\/26\/venezuela-advierte-que-vinculacion-de-santos-con-la-otan-vulnera-zona-de-paz-suramericana\/\",\"url\":\"https:\/\/www.mpppst.gob.ve\/mpppstweb\/index.php\/2016\/12\/26\/venezuela-advierte-que-vinculacion-de-santos-con-la-otan-vulnera-zona-de-paz-suramericana\/\",\"name\":\"Venezuela advierte que vinculaci\u00f3n de Santos con la OTAN vulnera zona de paz suramericana - MPPPST\",\"isPartOf\":{\"@id\":\"https:\/\/www.mpppst.gob.ve\/mpppstweb\/#website\"},\"primaryImageOfPage\":{\"@id\":\"https:\/\/www.mpppst.gob.ve\/mpppstweb\/index.php\/2016\/12\/26\/venezuela-advierte-que-vinculacion-de-santos-con-la-otan-vulnera-zona-de-paz-suramericana\/#primaryimage\"},\"image\":{\"@id\":\"https:\/\/www.mpppst.gob.ve\/mpppstweb\/index.php\/2016\/12\/26\/venezuela-advierte-que-vinculacion-de-santos-con-la-otan-vulnera-zona-de-paz-suramericana\/#primaryimage\"},\"thumbnailUrl\":\"https:\/\/www.mpppst.gob.ve\/mpppstweb\/wp-content\/uploads\/2016\/12\/SANTOS-PELIGRO-PARA-LA-REGI\u00d3N.jpg\",\"datePublished\":\"2016-12-26T15:19:41+00:00\",\"dateModified\":\"2016-12-26T20:22:34+00:00\",\"breadcrumb\":{\"@id\":\"https:\/\/www.mpppst.gob.ve\/mpppstweb\/index.php\/2016\/12\/26\/venezuela-advierte-que-vinculacion-de-santos-con-la-otan-vulnera-zona-de-paz-suramericana\/#breadcrumb\"},\"inLanguage\":\"es\",\"potentialAction\":[{\"@type\":\"ReadAction\",\"target\":[\"https:\/\/www.mpppst.gob.ve\/mpppstweb\/index.php\/2016\/12\/26\/venezuela-advierte-que-vinculacion-de-santos-con-la-otan-vulnera-zona-de-paz-suramericana\/\"]}]},{\"@type\":\"ImageObject\",\"inLanguage\":\"es\",\"@id\":\"https:\/\/www.mpppst.gob.ve\/mpppstweb\/index.php\/2016\/12\/26\/venezuela-advierte-que-vinculacion-de-santos-con-la-otan-vulnera-zona-de-paz-suramericana\/#primaryimage\",\"url\":\"https:\/\/www.mpppst.gob.ve\/mpppstweb\/wp-content\/uploads\/2016\/12\/SANTOS-PELIGRO-PARA-LA-REGI\u00d3N.jpg\",\"contentUrl\":\"https:\/\/www.mpppst.gob.ve\/mpppstweb\/wp-content\/uploads\/2016\/12\/SANTOS-PELIGRO-PARA-LA-REGI\u00d3N.jpg\",\"width\":800,\"height\":445},{\"@type\":\"BreadcrumbList\",\"@id\":\"https:\/\/www.mpppst.gob.ve\/mpppstweb\/index.php\/2016\/12\/26\/venezuela-advierte-que-vinculacion-de-santos-con-la-otan-vulnera-zona-de-paz-suramericana\/#breadcrumb\",\"itemListElement\":[{\"@type\":\"ListItem\",\"position\":1,\"name\":\"Home\",\"item\":\"https:\/\/www.mpppst.gob.ve\/mpppstweb\/\"},{\"@type\":\"ListItem\",\"position\":2,\"name\":\"Venezuela advierte que vinculaci\u00f3n de Santos con la OTAN vulnera zona de paz suramericana\"}]},{\"@type\":\"WebSite\",\"@id\":\"https:\/\/www.mpppst.gob.ve\/mpppstweb\/#website\",\"url\":\"https:\/\/www.mpppst.gob.ve\/mpppstweb\/\",\"name\":\"MPPPST\",\"description\":\"Ministerio del Poder Popular para el Proceso Social de Trabajo\",\"publisher\":{\"@id\":\"https:\/\/www.mpppst.gob.ve\/mpppstweb\/#organization\"},\"potentialAction\":[{\"@type\":\"SearchAction\",\"target\":{\"@type\":\"EntryPoint\",\"urlTemplate\":\"https:\/\/www.mpppst.gob.ve\/mpppstweb\/?s={search_term_string}\"},\"query-input\":\"required name=search_term_string\"}],\"inLanguage\":\"es\"},{\"@type\":\"Organization\",\"@id\":\"https:\/\/www.mpppst.gob.ve\/mpppstweb\/#organization\",\"name\":\"mpppst\",\"url\":\"https:\/\/www.mpppst.gob.ve\/mpppstweb\/\",\"logo\":{\"@type\":\"ImageObject\",\"inLanguage\":\"es\",\"@id\":\"https:\/\/www.mpppst.gob.ve\/mpppstweb\/#\/schema\/logo\/image\/\",\"url\":\"https:\/\/www.mpppst.gob.ve\/mpppstweb\/wp-content\/uploads\/2025\/07\/cropped-cropped-g910.png\",\"contentUrl\":\"https:\/\/www.mpppst.gob.ve\/mpppstweb\/wp-content\/uploads\/2025\/07\/cropped-cropped-g910.png\",\"width\":1080,\"height\":241,\"caption\":\"mpppst\"},\"image\":{\"@id\":\"https:\/\/www.mpppst.gob.ve\/mpppstweb\/#\/schema\/logo\/image\/\"}},{\"@type\":\"Person\",\"@id\":\"https:\/\/www.mpppst.gob.ve\/mpppstweb\/#\/schema\/person\/fc187ee8ead412bd4c9304b62f900ea4\",\"name\":\"MPPPST Prensa\",\"url\":\"https:\/\/www.mpppst.gob.ve\/mpppstweb\/index.php\/author\/prensa-mpppst\/\"}]}<\/script>\n<!-- \/ Yoast SEO plugin. -->","yoast_head_json":{"title":"Venezuela advierte que vinculaci\u00f3n de Santos con la OTAN vulnera zona de paz suramericana - MPPPST","robots":{"index":"index","follow":"follow","max-snippet":"max-snippet:-1","max-image-preview":"max-image-preview:large","max-video-preview":"max-video-preview:-1"},"canonical":"https:\/\/www.mpppst.gob.ve\/mpppstweb\/index.php\/2016\/12\/26\/venezuela-advierte-que-vinculacion-de-santos-con-la-otan-vulnera-zona-de-paz-suramericana\/","og_locale":"es_ES","og_type":"article","og_title":"Venezuela advierte que vinculaci\u00f3n de Santos con la OTAN vulnera zona de paz suramericana - MPPPST","og_description":"La Rep\u00fablica Bolivariana de Venezuela rechaz\u00f3 este lunes que el Gobierno colombiano promueva conversaciones con la &hellip; Venezuela advierte que vinculaci\u00f3n de Santos con la OTAN vulnera zona de paz suramericanaRead more","og_url":"https:\/\/www.mpppst.gob.ve\/mpppstweb\/index.php\/2016\/12\/26\/venezuela-advierte-que-vinculacion-de-santos-con-la-otan-vulnera-zona-de-paz-suramericana\/","og_site_name":"MPPPST","article_published_time":"2016-12-26T15:19:41+00:00","article_modified_time":"2016-12-26T20:22:34+00:00","og_image":[{"width":800,"height":445,"url":"https:\/\/www.mpppst.gob.ve\/mpppstweb\/wp-content\/uploads\/2016\/12\/SANTOS-PELIGRO-PARA-LA-REGI\u00d3N.jpg","type":"image\/jpeg"}],"author":"MPPPST Prensa","twitter_card":"summary_large_image","twitter_misc":{"Escrito por":"MPPPST Prensa","Tiempo de lectura":"2 minutos"},"schema":{"@context":"https:\/\/schema.org","@graph":[{"@type":"Article","@id":"https:\/\/www.mpppst.gob.ve\/mpppstweb\/index.php\/2016\/12\/26\/venezuela-advierte-que-vinculacion-de-santos-con-la-otan-vulnera-zona-de-paz-suramericana\/#article","isPartOf":{"@id":"https:\/\/www.mpppst.gob.ve\/mpppstweb\/index.php\/2016\/12\/26\/venezuela-advierte-que-vinculacion-de-santos-con-la-otan-vulnera-zona-de-paz-suramericana\/"},"author":{"name":"MPPPST Prensa","@id":"https:\/\/www.mpppst.gob.ve\/mpppstweb\/#\/schema\/person\/fc187ee8ead412bd4c9304b62f900ea4"},"headline":"Venezuela advierte que vinculaci\u00f3n de Santos con la OTAN vulnera zona de paz suramericana","datePublished":"2016-12-26T15:19:41+00:00","dateModified":"2016-12-26T20:22:34+00:00","mainEntityOfPage":{"@id":"https:\/\/www.mpppst.gob.ve\/mpppstweb\/index.php\/2016\/12\/26\/venezuela-advierte-que-vinculacion-de-santos-con-la-otan-vulnera-zona-de-paz-suramericana\/"},"wordCount":473,"publisher":{"@id":"https:\/\/www.mpppst.gob.ve\/mpppstweb\/#organization"},"image":{"@id":"https:\/\/www.mpppst.gob.ve\/mpppstweb\/index.php\/2016\/12\/26\/venezuela-advierte-que-vinculacion-de-santos-con-la-otan-vulnera-zona-de-paz-suramericana\/#primaryimage"},"thumbnailUrl":"https:\/\/www.mpppst.gob.ve\/mpppstweb\/wp-content\/uploads\/2016\/12\/SANTOS-PELIGRO-PARA-LA-REGI\u00d3N.jpg","keywords":["Defensa Integral","Gobierno Bolivariano"],"articleSection":["Defensa Integral","Internacionales","Venezuela y el Mundo"],"inLanguage":"es"},{"@type":"WebPage","@id":"https:\/\/www.mpppst.gob.ve\/mpppstweb\/index.php\/2016\/12\/26\/venezuela-advierte-que-vinculacion-de-santos-con-la-otan-vulnera-zona-de-paz-suramericana\/","url":"https:\/\/www.mpppst.gob.ve\/mpppstweb\/index.php\/2016\/12\/26\/venezuela-advierte-que-vinculacion-de-santos-con-la-otan-vulnera-zona-de-paz-suramericana\/","name":"Venezuela advierte que vinculaci\u00f3n de Santos con la OTAN vulnera zona de paz suramericana - MPPPST","isPartOf":{"@id":"https:\/\/www.mpppst.gob.ve\/mpppstweb\/#website"},"primaryImageOfPage":{"@id":"https:\/\/www.mpppst.gob.ve\/mpppstweb\/index.php\/2016\/12\/26\/venezuela-advierte-que-vinculacion-de-santos-con-la-otan-vulnera-zona-de-paz-suramericana\/#primaryimage"},"image":{"@id":"https:\/\/www.mpppst.gob.ve\/mpppstweb\/index.php\/2016\/12\/26\/venezuela-advierte-que-vinculacion-de-santos-con-la-otan-vulnera-zona-de-paz-suramericana\/#primaryimage"},"thumbnailUrl":"https:\/\/www.mpppst.gob.ve\/mpppstweb\/wp-content\/uploads\/2016\/12\/SANTOS-PELIGRO-PARA-LA-REGI\u00d3N.jpg","datePublished":"2016-12-26T15:19:41+00:00","dateModified":"2016-12-26T20:22:34+00:00","breadcrumb":{"@id":"https:\/\/www.mpppst.gob.ve\/mpppstweb\/index.php\/2016\/12\/26\/venezuela-advierte-que-vinculacion-de-santos-con-la-otan-vulnera-zona-de-paz-suramericana\/#breadcrumb"},"inLanguage":"es","potentialAction":[{"@type":"ReadAction","target":["https:\/\/www.mpppst.gob.ve\/mpppstweb\/index.php\/2016\/12\/26\/venezuela-advierte-que-vinculacion-de-santos-con-la-otan-vulnera-zona-de-paz-suramericana\/"]}]},{"@type":"ImageObject","inLanguage":"es","@id":"https:\/\/www.mpppst.gob.ve\/mpppstweb\/index.php\/2016\/12\/26\/venezuela-advierte-que-vinculacion-de-santos-con-la-otan-vulnera-zona-de-paz-suramericana\/#primaryimage","url":"https:\/\/www.mpppst.gob.ve\/mpppstweb\/wp-content\/uploads\/2016\/12\/SANTOS-PELIGRO-PARA-LA-REGI\u00d3N.jpg","contentUrl":"https:\/\/www.mpppst.gob.ve\/mpppstweb\/wp-content\/uploads\/2016\/12\/SANTOS-PELIGRO-PARA-LA-REGI\u00d3N.jpg","width":800,"height":445},{"@type":"BreadcrumbList","@id":"https:\/\/www.mpppst.gob.ve\/mpppstweb\/index.php\/2016\/12\/26\/venezuela-advierte-que-vinculacion-de-santos-con-la-otan-vulnera-zona-de-paz-suramericana\/#breadcrumb","itemListElement":[{"@type":"ListItem","position":1,"name":"Home","item":"https:\/\/www.mpppst.gob.ve\/mpppstweb\/"},{"@type":"ListItem","position":2,"name":"Venezuela advierte que vinculaci\u00f3n de Santos con la OTAN vulnera zona de paz suramericana"}]},{"@type":"WebSite","@id":"https:\/\/www.mpppst.gob.ve\/mpppstweb\/#website","url":"https:\/\/www.mpppst.gob.ve\/mpppstweb\/","name":"MPPPST","description":"Ministerio del Poder Popular para el Proceso Social de Trabajo","publisher":{"@id":"https:\/\/www.mpppst.gob.ve\/mpppstweb\/#organization"},"potentialAction":[{"@type":"SearchAction","target":{"@type":"EntryPoint","urlTemplate":"https:\/\/www.mpppst.gob.ve\/mpppstweb\/?s={search_term_string}"},"query-input":"required name=search_term_string"}],"inLanguage":"es"},{"@type":"Organization","@id":"https:\/\/www.mpppst.gob.ve\/mpppstweb\/#organization","name":"mpppst","url":"https:\/\/www.mpppst.gob.ve\/mpppstweb\/","logo":{"@type":"ImageObject","inLanguage":"es","@id":"https:\/\/www.mpppst.gob.ve\/mpppstweb\/#\/schema\/logo\/image\/","url":"https:\/\/www.mpppst.gob.ve\/mpppstweb\/wp-content\/uploads\/2025\/07\/cropped-cropped-g910.png","contentUrl":"https:\/\/www.mpppst.gob.ve\/mpppstweb\/wp-content\/uploads\/2025\/07\/cropped-cropped-g910.png","width":1080,"height":241,"caption":"mpppst"},"image":{"@id":"https:\/\/www.mpppst.gob.ve\/mpppstweb\/#\/schema\/logo\/image\/"}},{"@type":"Person","@id":"https:\/\/www.mpppst.gob.ve\/mpppstweb\/#\/schema\/person\/fc187ee8ead412bd4c9304b62f900ea4","name":"MPPPST Prensa","url":"https:\/\/www.mpppst.gob.ve\/mpppstweb\/index.php\/author\/prensa-mpppst\/"}]}},"_links":{"self":[{"href":"https:\/\/www.mpppst.gob.ve\/mpppstweb\/index.php\/wp-json\/wp\/v2\/posts\/9828"}],"collection":[{"href":"https:\/\/www.mpppst.gob.ve\/mpppstweb\/index.php\/wp-json\/wp\/v2\/posts"}],"about":[{"href":"https:\/\/www.mpppst.gob.ve\/mpppstweb\/index.php\/wp-json\/wp\/v2\/types\/post"}],"author":[{"embeddable":true,"href":"https:\/\/www.mpppst.gob.ve\/mpppstweb\/index.php\/wp-json\/wp\/v2\/users\/25"}],"replies":[{"embeddable":true,"href":"https:\/\/www.mpppst.gob.ve\/mpppstweb\/index.php\/wp-json\/wp\/v2\/comments?post=9828"}],"version-history":[{"count":1,"href":"https:\/\/www.mpppst.gob.ve\/mpppstweb\/index.php\/wp-json\/wp\/v2\/posts\/9828\/revisions"}],"predecessor-version":[{"id":9830,"href":"https:\/\/www.mpppst.gob.ve\/mpppstweb\/index.php\/wp-json\/wp\/v2\/posts\/9828\/revisions\/9830"}],"wp:featuredmedia":[{"embeddable":true,"href":"https:\/\/www.mpppst.gob.ve\/mpppstweb\/index.php\/wp-json\/wp\/v2\/media\/9829"}],"wp:attachment":[{"href":"https:\/\/www.mpppst.gob.ve\/mpppstweb\/index.php\/wp-json\/wp\/v2\/media?parent=9828"}],"wp:term":[{"taxonomy":"category","embeddable":true,"href":"https:\/\/www.mpppst.gob.ve\/mpppstweb\/index.php\/wp-json\/wp\/v2\/categories?post=9828"},{"taxonomy":"post_tag","embeddable":true,"href":"https:\/\/www.mpppst.gob.ve\/mpppstweb\/index.php\/wp-json\/wp\/v2\/tags?post=9828"}],"curies":[{"name":"wp","href":"https:\/\/api.w.org\/{rel}","templated":true}]}}