{"id":9834,"date":"2016-12-26T15:42:36","date_gmt":"2016-12-26T15:42:36","guid":{"rendered":"http:\/\/www.mpppst.gob.ve\/mpppstweb\/?p=9834"},"modified":"2016-12-26T15:43:27","modified_gmt":"2016-12-26T15:43:27","slug":"hace-123-anos-china-vio-nacer-al-lider-de-su-revolucion-mao-tse-tung","status":"publish","type":"post","link":"https:\/\/www.mpppst.gob.ve\/mpppstweb\/index.php\/2016\/12\/26\/hace-123-anos-china-vio-nacer-al-lider-de-su-revolucion-mao-tse-tung\/","title":{"rendered":"Hace 123 a\u00f1os China vio nacer al l\u00edder de su Revoluci\u00f3n, Mao Tse Tung"},"content":{"rendered":"<p>La provincia de Hunan, ubicada al sureste de China, vio nacer hace 123 a\u00f1os, el 26 de diciembre del a\u00f1o 1893, a Mao Tse Tung, el timonel de la Revoluci\u00f3n China, que logr\u00f3 la independencia y soberan\u00eda de la naci\u00f3n asi\u00e1tica.<\/p>\n<p>Descendiente de una familia campesina, Tse Tung se incorpor\u00f3 al Ej\u00e9rcito de su pa\u00eds, donde comenz\u00f3 a construir las bases de su liderazgo.<\/p>\n<p>Impulsado por los planteamientos de Karl Marx y Vladimir Ilich Lenin colabor\u00f3 en la fundaci\u00f3n del Partido Comunista de China en el a\u00f1o 1921, espacio desde el cual iniciar\u00eda un proceso de trasformaci\u00f3n social y econ\u00f3mica.<\/p>\n<p>Desde el partido antes referido, Mao Tse Tung se acerc\u00f3 mucho m\u00e1s al pueblo e ide\u00f3 mecanismos para promover el intercambio comercial y cultural de China, acciones que le trajeron como consecuencia un pueblo a su favor, pero grandes enemigos que pretendieron acabar con su vida.<\/p>\n<p>Tse Tung fue mandando a fusilar por el Partido Nacionalista Chino, cuyo l\u00edder era Chiang Kai- Shek, pero su astucia le permiti\u00f3 salir ileso.<\/p>\n<p>Tras varias batallas ganadas, nace la Rep\u00fablica Sovi\u00e9tica China, lo que luego, el primero de octubre del a\u00f1o 1949 pasar\u00eda a ser Rep\u00fablica Popular de China, naci\u00f3n que presidi\u00f3 desde 1954 hasta 1959.<\/p>\n<p>La fundaci\u00f3n de la nueva China permiti\u00f3 acabar con una sociedad colonizada y marc\u00f3 la victoria revolucionaria sobre el imperialismo y el feudalismo en esta naci\u00f3n.<\/p>\n<p>El l\u00edder de la Revoluci\u00f3n China muri\u00f3 el 9 de septiembre de 1976 en Pek\u00edn, a los 83 a\u00f1os de edad. Sus restos reposan en el mausoleo de la Plaza Tiannanmen, de la capital.<\/p>\n<p>&nbsp;<\/p>\n<p>Por: YVKE Mundial\/ Medios<\/p>\n<p>&nbsp;<\/p>\n","protected":false},"excerpt":{"rendered":"<p>La provincia de Hunan, ubicada al sureste de China, vio nacer hace 123 a\u00f1os, el 26 &hellip; <a title=\"Hace 123 a\u00f1os China vio nacer al l\u00edder de su Revoluci\u00f3n, Mao Tse Tung\" class=\"hm-read-more\" href=\"https:\/\/www.mpppst.gob.ve\/mpppstweb\/index.php\/2016\/12\/26\/hace-123-anos-china-vio-nacer-al-lider-de-su-revolucion-mao-tse-tung\/\"><span class=\"screen-reader-text\">Hace 123 a\u00f1os China vio nacer al l\u00edder de su Revoluci\u00f3n, Mao Tse Tung<\/span>Read more<\/a><\/p>\n","protected":false},"author":25,"featured_media":9835,"comment_status":"closed","ping_status":"closed","sticky":false,"template":"","format":"standard","meta":{"footnotes":""},"categories":[260],"tags":[254,245],"yoast_head":"<!-- This site is optimized with the Yoast SEO plugin v22.5 - https:\/\/yoast.com\/wordpress\/plugins\/seo\/ -->\n<title>Hace 123 a\u00f1os China vio nacer al l\u00edder de su Revoluci\u00f3n, Mao Tse Tung - MPPPST<\/title>\n<meta name=\"robots\" content=\"index, follow, max-snippet:-1, max-image-preview:large, max-video-preview:-1\" \/>\n<link rel=\"canonical\" href=\"https:\/\/www.mpppst.gob.ve\/mpppstweb\/index.php\/2016\/12\/26\/hace-123-anos-china-vio-nacer-al-lider-de-su-revolucion-mao-tse-tung\/\" \/>\n<meta property=\"og:locale\" content=\"es_ES\" \/>\n<meta property=\"og:type\" content=\"article\" \/>\n<meta property=\"og:title\" content=\"Hace 123 a\u00f1os China vio nacer al l\u00edder de su Revoluci\u00f3n, Mao Tse Tung - MPPPST\" \/>\n<meta property=\"og:description\" content=\"La provincia de Hunan, ubicada al sureste de China, vio nacer hace 123 a\u00f1os, el 26 &hellip; Hace 123 a\u00f1os China vio nacer al l\u00edder de su Revoluci\u00f3n, Mao Tse TungRead more\" \/>\n<meta property=\"og:url\" content=\"https:\/\/www.mpppst.gob.ve\/mpppstweb\/index.php\/2016\/12\/26\/hace-123-anos-china-vio-nacer-al-lider-de-su-revolucion-mao-tse-tung\/\" \/>\n<meta property=\"og:site_name\" content=\"MPPPST\" \/>\n<meta property=\"article:published_time\" content=\"2016-12-26T15:42:36+00:00\" \/>\n<meta property=\"article:modified_time\" content=\"2016-12-26T15:43:27+00:00\" \/>\n<meta property=\"og:image\" content=\"https:\/\/www.mpppst.gob.ve\/mpppstweb\/wp-content\/uploads\/2016\/12\/mao-communist-snake.jpg\" \/>\n\t<meta property=\"og:image:width\" content=\"800\" \/>\n\t<meta property=\"og:image:height\" content=\"445\" \/>\n\t<meta property=\"og:image:type\" content=\"image\/jpeg\" \/>\n<meta name=\"author\" content=\"MPPPST Prensa\" \/>\n<meta name=\"twitter:card\" content=\"summary_large_image\" \/>\n<meta name=\"twitter:label1\" content=\"Escrito por\" \/>\n\t<meta name=\"twitter:data1\" content=\"MPPPST Prensa\" \/>\n\t<meta name=\"twitter:label2\" content=\"Tiempo de lectura\" \/>\n\t<meta name=\"twitter:data2\" content=\"1 minuto\" \/>\n<script type=\"application\/ld+json\" class=\"yoast-schema-graph\">{\"@context\":\"https:\/\/schema.org\",\"@graph\":[{\"@type\":\"Article\",\"@id\":\"https:\/\/www.mpppst.gob.ve\/mpppstweb\/index.php\/2016\/12\/26\/hace-123-anos-china-vio-nacer-al-lider-de-su-revolucion-mao-tse-tung\/#article\",\"isPartOf\":{\"@id\":\"https:\/\/www.mpppst.gob.ve\/mpppstweb\/index.php\/2016\/12\/26\/hace-123-anos-china-vio-nacer-al-lider-de-su-revolucion-mao-tse-tung\/\"},\"author\":{\"name\":\"MPPPST Prensa\",\"@id\":\"https:\/\/www.mpppst.gob.ve\/mpppstweb\/#\/schema\/person\/fc187ee8ead412bd4c9304b62f900ea4\"},\"headline\":\"Hace 123 a\u00f1os China vio nacer al l\u00edder de su Revoluci\u00f3n, Mao Tse Tung\",\"datePublished\":\"2016-12-26T15:42:36+00:00\",\"dateModified\":\"2016-12-26T15:43:27+00:00\",\"mainEntityOfPage\":{\"@id\":\"https:\/\/www.mpppst.gob.ve\/mpppstweb\/index.php\/2016\/12\/26\/hace-123-anos-china-vio-nacer-al-lider-de-su-revolucion-mao-tse-tung\/\"},\"wordCount\":302,\"publisher\":{\"@id\":\"https:\/\/www.mpppst.gob.ve\/mpppstweb\/#organization\"},\"image\":{\"@id\":\"https:\/\/www.mpppst.gob.ve\/mpppstweb\/index.php\/2016\/12\/26\/hace-123-anos-china-vio-nacer-al-lider-de-su-revolucion-mao-tse-tung\/#primaryimage\"},\"thumbnailUrl\":\"https:\/\/www.mpppst.gob.ve\/mpppstweb\/wp-content\/uploads\/2016\/12\/mao-communist-snake.jpg\",\"keywords\":[\"Efem\u00e9rides\",\"internacionales\"],\"articleSection\":[\"Internacionales\"],\"inLanguage\":\"es\"},{\"@type\":\"WebPage\",\"@id\":\"https:\/\/www.mpppst.gob.ve\/mpppstweb\/index.php\/2016\/12\/26\/hace-123-anos-china-vio-nacer-al-lider-de-su-revolucion-mao-tse-tung\/\",\"url\":\"https:\/\/www.mpppst.gob.ve\/mpppstweb\/index.php\/2016\/12\/26\/hace-123-anos-china-vio-nacer-al-lider-de-su-revolucion-mao-tse-tung\/\",\"name\":\"Hace 123 a\u00f1os China vio nacer al l\u00edder de su Revoluci\u00f3n, Mao Tse Tung - MPPPST\",\"isPartOf\":{\"@id\":\"https:\/\/www.mpppst.gob.ve\/mpppstweb\/#website\"},\"primaryImageOfPage\":{\"@id\":\"https:\/\/www.mpppst.gob.ve\/mpppstweb\/index.php\/2016\/12\/26\/hace-123-anos-china-vio-nacer-al-lider-de-su-revolucion-mao-tse-tung\/#primaryimage\"},\"image\":{\"@id\":\"https:\/\/www.mpppst.gob.ve\/mpppstweb\/index.php\/2016\/12\/26\/hace-123-anos-china-vio-nacer-al-lider-de-su-revolucion-mao-tse-tung\/#primaryimage\"},\"thumbnailUrl\":\"https:\/\/www.mpppst.gob.ve\/mpppstweb\/wp-content\/uploads\/2016\/12\/mao-communist-snake.jpg\",\"datePublished\":\"2016-12-26T15:42:36+00:00\",\"dateModified\":\"2016-12-26T15:43:27+00:00\",\"breadcrumb\":{\"@id\":\"https:\/\/www.mpppst.gob.ve\/mpppstweb\/index.php\/2016\/12\/26\/hace-123-anos-china-vio-nacer-al-lider-de-su-revolucion-mao-tse-tung\/#breadcrumb\"},\"inLanguage\":\"es\",\"potentialAction\":[{\"@type\":\"ReadAction\",\"target\":[\"https:\/\/www.mpppst.gob.ve\/mpppstweb\/index.php\/2016\/12\/26\/hace-123-anos-china-vio-nacer-al-lider-de-su-revolucion-mao-tse-tung\/\"]}]},{\"@type\":\"ImageObject\",\"inLanguage\":\"es\",\"@id\":\"https:\/\/www.mpppst.gob.ve\/mpppstweb\/index.php\/2016\/12\/26\/hace-123-anos-china-vio-nacer-al-lider-de-su-revolucion-mao-tse-tung\/#primaryimage\",\"url\":\"https:\/\/www.mpppst.gob.ve\/mpppstweb\/wp-content\/uploads\/2016\/12\/mao-communist-snake.jpg\",\"contentUrl\":\"https:\/\/www.mpppst.gob.ve\/mpppstweb\/wp-content\/uploads\/2016\/12\/mao-communist-snake.jpg\",\"width\":800,\"height\":445},{\"@type\":\"BreadcrumbList\",\"@id\":\"https:\/\/www.mpppst.gob.ve\/mpppstweb\/index.php\/2016\/12\/26\/hace-123-anos-china-vio-nacer-al-lider-de-su-revolucion-mao-tse-tung\/#breadcrumb\",\"itemListElement\":[{\"@type\":\"ListItem\",\"position\":1,\"name\":\"Home\",\"item\":\"https:\/\/www.mpppst.gob.ve\/mpppstweb\/\"},{\"@type\":\"ListItem\",\"position\":2,\"name\":\"Hace 123 a\u00f1os China vio nacer al l\u00edder de su Revoluci\u00f3n, Mao Tse Tung\"}]},{\"@type\":\"WebSite\",\"@id\":\"https:\/\/www.mpppst.gob.ve\/mpppstweb\/#website\",\"url\":\"https:\/\/www.mpppst.gob.ve\/mpppstweb\/\",\"name\":\"MPPPST\",\"description\":\"Ministerio del Poder Popular para el Proceso Social de Trabajo\",\"publisher\":{\"@id\":\"https:\/\/www.mpppst.gob.ve\/mpppstweb\/#organization\"},\"potentialAction\":[{\"@type\":\"SearchAction\",\"target\":{\"@type\":\"EntryPoint\",\"urlTemplate\":\"https:\/\/www.mpppst.gob.ve\/mpppstweb\/?s={search_term_string}\"},\"query-input\":\"required name=search_term_string\"}],\"inLanguage\":\"es\"},{\"@type\":\"Organization\",\"@id\":\"https:\/\/www.mpppst.gob.ve\/mpppstweb\/#organization\",\"name\":\"mpppst\",\"url\":\"https:\/\/www.mpppst.gob.ve\/mpppstweb\/\",\"logo\":{\"@type\":\"ImageObject\",\"inLanguage\":\"es\",\"@id\":\"https:\/\/www.mpppst.gob.ve\/mpppstweb\/#\/schema\/logo\/image\/\",\"url\":\"https:\/\/www.mpppst.gob.ve\/mpppstweb\/wp-content\/uploads\/2025\/07\/cropped-cropped-g910.png\",\"contentUrl\":\"https:\/\/www.mpppst.gob.ve\/mpppstweb\/wp-content\/uploads\/2025\/07\/cropped-cropped-g910.png\",\"width\":1080,\"height\":241,\"caption\":\"mpppst\"},\"image\":{\"@id\":\"https:\/\/www.mpppst.gob.ve\/mpppstweb\/#\/schema\/logo\/image\/\"}},{\"@type\":\"Person\",\"@id\":\"https:\/\/www.mpppst.gob.ve\/mpppstweb\/#\/schema\/person\/fc187ee8ead412bd4c9304b62f900ea4\",\"name\":\"MPPPST Prensa\",\"url\":\"https:\/\/www.mpppst.gob.ve\/mpppstweb\/index.php\/author\/prensa-mpppst\/\"}]}<\/script>\n<!-- \/ Yoast SEO plugin. -->","yoast_head_json":{"title":"Hace 123 a\u00f1os China vio nacer al l\u00edder de su Revoluci\u00f3n, Mao Tse Tung - MPPPST","robots":{"index":"index","follow":"follow","max-snippet":"max-snippet:-1","max-image-preview":"max-image-preview:large","max-video-preview":"max-video-preview:-1"},"canonical":"https:\/\/www.mpppst.gob.ve\/mpppstweb\/index.php\/2016\/12\/26\/hace-123-anos-china-vio-nacer-al-lider-de-su-revolucion-mao-tse-tung\/","og_locale":"es_ES","og_type":"article","og_title":"Hace 123 a\u00f1os China vio nacer al l\u00edder de su Revoluci\u00f3n, Mao Tse Tung - MPPPST","og_description":"La provincia de Hunan, ubicada al sureste de China, vio nacer hace 123 a\u00f1os, el 26 &hellip; Hace 123 a\u00f1os China vio nacer al l\u00edder de su Revoluci\u00f3n, Mao Tse TungRead more","og_url":"https:\/\/www.mpppst.gob.ve\/mpppstweb\/index.php\/2016\/12\/26\/hace-123-anos-china-vio-nacer-al-lider-de-su-revolucion-mao-tse-tung\/","og_site_name":"MPPPST","article_published_time":"2016-12-26T15:42:36+00:00","article_modified_time":"2016-12-26T15:43:27+00:00","og_image":[{"width":800,"height":445,"url":"https:\/\/www.mpppst.gob.ve\/mpppstweb\/wp-content\/uploads\/2016\/12\/mao-communist-snake.jpg","type":"image\/jpeg"}],"author":"MPPPST Prensa","twitter_card":"summary_large_image","twitter_misc":{"Escrito por":"MPPPST Prensa","Tiempo de lectura":"1 minuto"},"schema":{"@context":"https:\/\/schema.org","@graph":[{"@type":"Article","@id":"https:\/\/www.mpppst.gob.ve\/mpppstweb\/index.php\/2016\/12\/26\/hace-123-anos-china-vio-nacer-al-lider-de-su-revolucion-mao-tse-tung\/#article","isPartOf":{"@id":"https:\/\/www.mpppst.gob.ve\/mpppstweb\/index.php\/2016\/12\/26\/hace-123-anos-china-vio-nacer-al-lider-de-su-revolucion-mao-tse-tung\/"},"author":{"name":"MPPPST Prensa","@id":"https:\/\/www.mpppst.gob.ve\/mpppstweb\/#\/schema\/person\/fc187ee8ead412bd4c9304b62f900ea4"},"headline":"Hace 123 a\u00f1os China vio nacer al l\u00edder de su Revoluci\u00f3n, Mao Tse Tung","datePublished":"2016-12-26T15:42:36+00:00","dateModified":"2016-12-26T15:43:27+00:00","mainEntityOfPage":{"@id":"https:\/\/www.mpppst.gob.ve\/mpppstweb\/index.php\/2016\/12\/26\/hace-123-anos-china-vio-nacer-al-lider-de-su-revolucion-mao-tse-tung\/"},"wordCount":302,"publisher":{"@id":"https:\/\/www.mpppst.gob.ve\/mpppstweb\/#organization"},"image":{"@id":"https:\/\/www.mpppst.gob.ve\/mpppstweb\/index.php\/2016\/12\/26\/hace-123-anos-china-vio-nacer-al-lider-de-su-revolucion-mao-tse-tung\/#primaryimage"},"thumbnailUrl":"https:\/\/www.mpppst.gob.ve\/mpppstweb\/wp-content\/uploads\/2016\/12\/mao-communist-snake.jpg","keywords":["Efem\u00e9rides","internacionales"],"articleSection":["Internacionales"],"inLanguage":"es"},{"@type":"WebPage","@id":"https:\/\/www.mpppst.gob.ve\/mpppstweb\/index.php\/2016\/12\/26\/hace-123-anos-china-vio-nacer-al-lider-de-su-revolucion-mao-tse-tung\/","url":"https:\/\/www.mpppst.gob.ve\/mpppstweb\/index.php\/2016\/12\/26\/hace-123-anos-china-vio-nacer-al-lider-de-su-revolucion-mao-tse-tung\/","name":"Hace 123 a\u00f1os China vio nacer al l\u00edder de su Revoluci\u00f3n, Mao Tse Tung - MPPPST","isPartOf":{"@id":"https:\/\/www.mpppst.gob.ve\/mpppstweb\/#website"},"primaryImageOfPage":{"@id":"https:\/\/www.mpppst.gob.ve\/mpppstweb\/index.php\/2016\/12\/26\/hace-123-anos-china-vio-nacer-al-lider-de-su-revolucion-mao-tse-tung\/#primaryimage"},"image":{"@id":"https:\/\/www.mpppst.gob.ve\/mpppstweb\/index.php\/2016\/12\/26\/hace-123-anos-china-vio-nacer-al-lider-de-su-revolucion-mao-tse-tung\/#primaryimage"},"thumbnailUrl":"https:\/\/www.mpppst.gob.ve\/mpppstweb\/wp-content\/uploads\/2016\/12\/mao-communist-snake.jpg","datePublished":"2016-12-26T15:42:36+00:00","dateModified":"2016-12-26T15:43:27+00:00","breadcrumb":{"@id":"https:\/\/www.mpppst.gob.ve\/mpppstweb\/index.php\/2016\/12\/26\/hace-123-anos-china-vio-nacer-al-lider-de-su-revolucion-mao-tse-tung\/#breadcrumb"},"inLanguage":"es","potentialAction":[{"@type":"ReadAction","target":["https:\/\/www.mpppst.gob.ve\/mpppstweb\/index.php\/2016\/12\/26\/hace-123-anos-china-vio-nacer-al-lider-de-su-revolucion-mao-tse-tung\/"]}]},{"@type":"ImageObject","inLanguage":"es","@id":"https:\/\/www.mpppst.gob.ve\/mpppstweb\/index.php\/2016\/12\/26\/hace-123-anos-china-vio-nacer-al-lider-de-su-revolucion-mao-tse-tung\/#primaryimage","url":"https:\/\/www.mpppst.gob.ve\/mpppstweb\/wp-content\/uploads\/2016\/12\/mao-communist-snake.jpg","contentUrl":"https:\/\/www.mpppst.gob.ve\/mpppstweb\/wp-content\/uploads\/2016\/12\/mao-communist-snake.jpg","width":800,"height":445},{"@type":"BreadcrumbList","@id":"https:\/\/www.mpppst.gob.ve\/mpppstweb\/index.php\/2016\/12\/26\/hace-123-anos-china-vio-nacer-al-lider-de-su-revolucion-mao-tse-tung\/#breadcrumb","itemListElement":[{"@type":"ListItem","position":1,"name":"Home","item":"https:\/\/www.mpppst.gob.ve\/mpppstweb\/"},{"@type":"ListItem","position":2,"name":"Hace 123 a\u00f1os China vio nacer al l\u00edder de su Revoluci\u00f3n, Mao Tse Tung"}]},{"@type":"WebSite","@id":"https:\/\/www.mpppst.gob.ve\/mpppstweb\/#website","url":"https:\/\/www.mpppst.gob.ve\/mpppstweb\/","name":"MPPPST","description":"Ministerio del Poder Popular para el Proceso Social de Trabajo","publisher":{"@id":"https:\/\/www.mpppst.gob.ve\/mpppstweb\/#organization"},"potentialAction":[{"@type":"SearchAction","target":{"@type":"EntryPoint","urlTemplate":"https:\/\/www.mpppst.gob.ve\/mpppstweb\/?s={search_term_string}"},"query-input":"required name=search_term_string"}],"inLanguage":"es"},{"@type":"Organization","@id":"https:\/\/www.mpppst.gob.ve\/mpppstweb\/#organization","name":"mpppst","url":"https:\/\/www.mpppst.gob.ve\/mpppstweb\/","logo":{"@type":"ImageObject","inLanguage":"es","@id":"https:\/\/www.mpppst.gob.ve\/mpppstweb\/#\/schema\/logo\/image\/","url":"https:\/\/www.mpppst.gob.ve\/mpppstweb\/wp-content\/uploads\/2025\/07\/cropped-cropped-g910.png","contentUrl":"https:\/\/www.mpppst.gob.ve\/mpppstweb\/wp-content\/uploads\/2025\/07\/cropped-cropped-g910.png","width":1080,"height":241,"caption":"mpppst"},"image":{"@id":"https:\/\/www.mpppst.gob.ve\/mpppstweb\/#\/schema\/logo\/image\/"}},{"@type":"Person","@id":"https:\/\/www.mpppst.gob.ve\/mpppstweb\/#\/schema\/person\/fc187ee8ead412bd4c9304b62f900ea4","name":"MPPPST Prensa","url":"https:\/\/www.mpppst.gob.ve\/mpppstweb\/index.php\/author\/prensa-mpppst\/"}]}},"_links":{"self":[{"href":"https:\/\/www.mpppst.gob.ve\/mpppstweb\/index.php\/wp-json\/wp\/v2\/posts\/9834"}],"collection":[{"href":"https:\/\/www.mpppst.gob.ve\/mpppstweb\/index.php\/wp-json\/wp\/v2\/posts"}],"about":[{"href":"https:\/\/www.mpppst.gob.ve\/mpppstweb\/index.php\/wp-json\/wp\/v2\/types\/post"}],"author":[{"embeddable":true,"href":"https:\/\/www.mpppst.gob.ve\/mpppstweb\/index.php\/wp-json\/wp\/v2\/users\/25"}],"replies":[{"embeddable":true,"href":"https:\/\/www.mpppst.gob.ve\/mpppstweb\/index.php\/wp-json\/wp\/v2\/comments?post=9834"}],"version-history":[{"count":1,"href":"https:\/\/www.mpppst.gob.ve\/mpppstweb\/index.php\/wp-json\/wp\/v2\/posts\/9834\/revisions"}],"predecessor-version":[{"id":9836,"href":"https:\/\/www.mpppst.gob.ve\/mpppstweb\/index.php\/wp-json\/wp\/v2\/posts\/9834\/revisions\/9836"}],"wp:featuredmedia":[{"embeddable":true,"href":"https:\/\/www.mpppst.gob.ve\/mpppstweb\/index.php\/wp-json\/wp\/v2\/media\/9835"}],"wp:attachment":[{"href":"https:\/\/www.mpppst.gob.ve\/mpppstweb\/index.php\/wp-json\/wp\/v2\/media?parent=9834"}],"wp:term":[{"taxonomy":"category","embeddable":true,"href":"https:\/\/www.mpppst.gob.ve\/mpppstweb\/index.php\/wp-json\/wp\/v2\/categories?post=9834"},{"taxonomy":"post_tag","embeddable":true,"href":"https:\/\/www.mpppst.gob.ve\/mpppstweb\/index.php\/wp-json\/wp\/v2\/tags?post=9834"}],"curies":[{"name":"wp","href":"https:\/\/api.w.org\/{rel}","templated":true}]}}