{"id":9862,"date":"2016-12-29T20:21:08","date_gmt":"2016-12-29T20:21:08","guid":{"rendered":"http:\/\/www.mpppst.gob.ve\/mpppstweb\/?p=9862"},"modified":"2016-12-29T20:21:08","modified_gmt":"2016-12-29T20:21:08","slug":"los-anos-2017-y-2018-seran-de-expansion-economica-politica-y-social","status":"publish","type":"post","link":"https:\/\/www.mpppst.gob.ve\/mpppstweb\/index.php\/2016\/12\/29\/los-anos-2017-y-2018-seran-de-expansion-economica-politica-y-social\/","title":{"rendered":"Los a\u00f1os 2017 y 2018 ser\u00e1n de expansi\u00f3n econ\u00f3mica, pol\u00edtica y social"},"content":{"rendered":"<p>Prensa Minci.-Los a\u00f1os 2017 y 2018 ser\u00e1n de expansi\u00f3n econ\u00f3mica, pol\u00edtica y social con el Plan de la Patria en la mano.<\/p>\n<p>As\u00ed lo ratific\u00f3 el presidente de la Rep\u00fablica Bolivariana de Venezuela, Nicol\u00e1s Maduro Moros, en una reuni\u00f3n que encabez\u00f3 en el sal\u00f3n Sol del Per\u00fa en el Palacio de Miraflores.<\/p>\n<p>Insisti\u00f3 en que habr\u00e1 que profundizar los avances sociales e impulsar un proceso expansivo de crecimiento del pa\u00eds.<\/p>\n<p>Alert\u00f3 acerca de la campa\u00f1a brutal que se cierne contra Venezuela. \u201cCada media hora hay un ataque contra Venezuela, para confundir y crear incertidumbre (\u2026) A veces hay revolucionarios y gente honesta que est\u00e1 en sus actividades y es v\u00edctima de esas guerras psicol\u00f3gicas\u201d.<\/p>\n<p>Sostuvo que en el \u201ca\u00f1o 2016 hemos sorteado todas las pruebas y hemos salidos victoriosos en todos los campos, porque hasta en el campo econ\u00f3mico, en donde es evidente el da\u00f1o, las formulas de la Revoluci\u00f3n han permitido atenuar los da\u00f1os catastr\u00f3ficos que vaticinaban\u201d los factores opositores.<\/p>\n<p>Indic\u00f3 el Mandatario: \u201cAspiraban impactar los ingresos de los venezolanos\u201d y record\u00f3 que \u201ceste a\u00f1o se dieron cuatro aumentos de salarios y de cesta ticket\u201d.<\/p>\n<p>Garantiz\u00f3 en este sentido que la gesti\u00f3n bolivariana continuar\u00e1 defendiendo los salarios, el empleo, las cestas ticket y las pensiones como estrategia.<\/p>\n<p>\u201cLa estrategia econ\u00f3mica empleada en 2016 ha sido correcta y exitosa\u201d, subray\u00f3.<\/p>\n<p>Cotej\u00f3: \u201cSi nosotros estableci\u00e9ramos una comparaci\u00f3n de liderazgos, modelos, tema por tema de cada uno de los gobernadores de la derecha y el presidente de la Asamblea Nacional, \u00bfqu\u00e9 ha hecho desde la AN?, \u00bflas tres gobernaciones? en salud, pensiones, hogares, alimentaci\u00f3n, vivienda, salario. \u00bfQu\u00e9 ha hecho la oposici\u00f3n?, \u00bfla derecha?\u2026\u201d.<\/p>\n<p>Inform\u00f3 que en un mes estar\u00e1 haciendo un balance al pueblo \u201cy tendremos que estar contando con 4 millones de Comit\u00e9s Locales de Abastecimiento y Producci\u00f3n Socialista (Claps)\u201d.<\/p>\n<p>Por otra parte, dio a conocer que se est\u00e1 trabajando en el dise\u00f1o del Carnet de la Patria. \u201cEst\u00e1n trabajando en el dise\u00f1o, este carnet tiene este c\u00f3digo que contiene la identidad con el que se podr\u00e1n hacer compras electr\u00f3nicas. Venezuela tiene que ir al uso de los pagos electr\u00f3nicos en un 95 por ciento para no dar espacio a las mafias cucute\u00f1as y de Maicao\u201d.<\/p>\n<p>\u201cTenemos que avanzar hacia la estabilizaci\u00f3n del cono monetario venezolano y dar un golpe duro a las mafias\u201d, puntualiz\u00f3 el Presidente.<\/p>\n<p><strong>Por Ana\u00eds P\u00e9rez<\/strong><\/p>\n","protected":false},"excerpt":{"rendered":"<p>Prensa Minci.-Los a\u00f1os 2017 y 2018 ser\u00e1n de expansi\u00f3n econ\u00f3mica, pol\u00edtica y social con el Plan &hellip; <a title=\"Los a\u00f1os 2017 y 2018 ser\u00e1n de expansi\u00f3n econ\u00f3mica, pol\u00edtica y social\" class=\"hm-read-more\" href=\"https:\/\/www.mpppst.gob.ve\/mpppstweb\/index.php\/2016\/12\/29\/los-anos-2017-y-2018-seran-de-expansion-economica-politica-y-social\/\"><span class=\"screen-reader-text\">Los a\u00f1os 2017 y 2018 ser\u00e1n de expansi\u00f3n econ\u00f3mica, pol\u00edtica y social<\/span>Read more<\/a><\/p>\n","protected":false},"author":25,"featured_media":9863,"comment_status":"closed","ping_status":"closed","sticky":false,"template":"","format":"standard","meta":{"footnotes":""},"categories":[82,163],"tags":[222,223],"yoast_head":"<!-- This site is optimized with the Yoast SEO plugin v22.5 - https:\/\/yoast.com\/wordpress\/plugins\/seo\/ -->\n<title>Los a\u00f1os 2017 y 2018 ser\u00e1n de expansi\u00f3n econ\u00f3mica, pol\u00edtica y social - MPPPST<\/title>\n<meta name=\"robots\" content=\"index, follow, max-snippet:-1, max-image-preview:large, max-video-preview:-1\" \/>\n<link rel=\"canonical\" href=\"https:\/\/www.mpppst.gob.ve\/mpppstweb\/index.php\/2016\/12\/29\/los-anos-2017-y-2018-seran-de-expansion-economica-politica-y-social\/\" \/>\n<meta property=\"og:locale\" content=\"es_ES\" \/>\n<meta property=\"og:type\" content=\"article\" \/>\n<meta property=\"og:title\" content=\"Los a\u00f1os 2017 y 2018 ser\u00e1n de expansi\u00f3n econ\u00f3mica, pol\u00edtica y social - MPPPST\" \/>\n<meta property=\"og:description\" content=\"Prensa Minci.-Los a\u00f1os 2017 y 2018 ser\u00e1n de expansi\u00f3n econ\u00f3mica, pol\u00edtica y social con el Plan &hellip; Los a\u00f1os 2017 y 2018 ser\u00e1n de expansi\u00f3n econ\u00f3mica, pol\u00edtica y socialRead more\" \/>\n<meta property=\"og:url\" content=\"https:\/\/www.mpppst.gob.ve\/mpppstweb\/index.php\/2016\/12\/29\/los-anos-2017-y-2018-seran-de-expansion-economica-politica-y-social\/\" \/>\n<meta property=\"og:site_name\" content=\"MPPPST\" \/>\n<meta property=\"article:published_time\" content=\"2016-12-29T20:21:08+00:00\" \/>\n<meta property=\"og:image\" content=\"https:\/\/www.mpppst.gob.ve\/mpppstweb\/wp-content\/uploads\/2016\/12\/CARNET.jpg\" \/>\n\t<meta property=\"og:image:width\" content=\"800\" \/>\n\t<meta property=\"og:image:height\" content=\"445\" \/>\n\t<meta property=\"og:image:type\" content=\"image\/jpeg\" \/>\n<meta name=\"author\" content=\"MPPPST Prensa\" \/>\n<meta name=\"twitter:card\" content=\"summary_large_image\" \/>\n<meta name=\"twitter:label1\" content=\"Escrito por\" \/>\n\t<meta name=\"twitter:data1\" content=\"MPPPST Prensa\" \/>\n\t<meta name=\"twitter:label2\" content=\"Tiempo de lectura\" \/>\n\t<meta name=\"twitter:data2\" content=\"2 minutos\" \/>\n<script type=\"application\/ld+json\" class=\"yoast-schema-graph\">{\"@context\":\"https:\/\/schema.org\",\"@graph\":[{\"@type\":\"Article\",\"@id\":\"https:\/\/www.mpppst.gob.ve\/mpppstweb\/index.php\/2016\/12\/29\/los-anos-2017-y-2018-seran-de-expansion-economica-politica-y-social\/#article\",\"isPartOf\":{\"@id\":\"https:\/\/www.mpppst.gob.ve\/mpppstweb\/index.php\/2016\/12\/29\/los-anos-2017-y-2018-seran-de-expansion-economica-politica-y-social\/\"},\"author\":{\"name\":\"MPPPST Prensa\",\"@id\":\"https:\/\/www.mpppst.gob.ve\/mpppstweb\/#\/schema\/person\/fc187ee8ead412bd4c9304b62f900ea4\"},\"headline\":\"Los a\u00f1os 2017 y 2018 ser\u00e1n de expansi\u00f3n econ\u00f3mica, pol\u00edtica y social\",\"datePublished\":\"2016-12-29T20:21:08+00:00\",\"dateModified\":\"2016-12-29T20:21:08+00:00\",\"mainEntityOfPage\":{\"@id\":\"https:\/\/www.mpppst.gob.ve\/mpppstweb\/index.php\/2016\/12\/29\/los-anos-2017-y-2018-seran-de-expansion-economica-politica-y-social\/\"},\"wordCount\":437,\"publisher\":{\"@id\":\"https:\/\/www.mpppst.gob.ve\/mpppstweb\/#organization\"},\"image\":{\"@id\":\"https:\/\/www.mpppst.gob.ve\/mpppstweb\/index.php\/2016\/12\/29\/los-anos-2017-y-2018-seran-de-expansion-economica-politica-y-social\/#primaryimage\"},\"thumbnailUrl\":\"https:\/\/www.mpppst.gob.ve\/mpppstweb\/wp-content\/uploads\/2016\/12\/CARNET.jpg\",\"keywords\":[\"Gobierno Bolivariano\",\"MPPPST\"],\"articleSection\":[\"Gobierno Nacional\",\"Noticias\"],\"inLanguage\":\"es\"},{\"@type\":\"WebPage\",\"@id\":\"https:\/\/www.mpppst.gob.ve\/mpppstweb\/index.php\/2016\/12\/29\/los-anos-2017-y-2018-seran-de-expansion-economica-politica-y-social\/\",\"url\":\"https:\/\/www.mpppst.gob.ve\/mpppstweb\/index.php\/2016\/12\/29\/los-anos-2017-y-2018-seran-de-expansion-economica-politica-y-social\/\",\"name\":\"Los a\u00f1os 2017 y 2018 ser\u00e1n de expansi\u00f3n econ\u00f3mica, pol\u00edtica y social - MPPPST\",\"isPartOf\":{\"@id\":\"https:\/\/www.mpppst.gob.ve\/mpppstweb\/#website\"},\"primaryImageOfPage\":{\"@id\":\"https:\/\/www.mpppst.gob.ve\/mpppstweb\/index.php\/2016\/12\/29\/los-anos-2017-y-2018-seran-de-expansion-economica-politica-y-social\/#primaryimage\"},\"image\":{\"@id\":\"https:\/\/www.mpppst.gob.ve\/mpppstweb\/index.php\/2016\/12\/29\/los-anos-2017-y-2018-seran-de-expansion-economica-politica-y-social\/#primaryimage\"},\"thumbnailUrl\":\"https:\/\/www.mpppst.gob.ve\/mpppstweb\/wp-content\/uploads\/2016\/12\/CARNET.jpg\",\"datePublished\":\"2016-12-29T20:21:08+00:00\",\"dateModified\":\"2016-12-29T20:21:08+00:00\",\"breadcrumb\":{\"@id\":\"https:\/\/www.mpppst.gob.ve\/mpppstweb\/index.php\/2016\/12\/29\/los-anos-2017-y-2018-seran-de-expansion-economica-politica-y-social\/#breadcrumb\"},\"inLanguage\":\"es\",\"potentialAction\":[{\"@type\":\"ReadAction\",\"target\":[\"https:\/\/www.mpppst.gob.ve\/mpppstweb\/index.php\/2016\/12\/29\/los-anos-2017-y-2018-seran-de-expansion-economica-politica-y-social\/\"]}]},{\"@type\":\"ImageObject\",\"inLanguage\":\"es\",\"@id\":\"https:\/\/www.mpppst.gob.ve\/mpppstweb\/index.php\/2016\/12\/29\/los-anos-2017-y-2018-seran-de-expansion-economica-politica-y-social\/#primaryimage\",\"url\":\"https:\/\/www.mpppst.gob.ve\/mpppstweb\/wp-content\/uploads\/2016\/12\/CARNET.jpg\",\"contentUrl\":\"https:\/\/www.mpppst.gob.ve\/mpppstweb\/wp-content\/uploads\/2016\/12\/CARNET.jpg\",\"width\":800,\"height\":445},{\"@type\":\"BreadcrumbList\",\"@id\":\"https:\/\/www.mpppst.gob.ve\/mpppstweb\/index.php\/2016\/12\/29\/los-anos-2017-y-2018-seran-de-expansion-economica-politica-y-social\/#breadcrumb\",\"itemListElement\":[{\"@type\":\"ListItem\",\"position\":1,\"name\":\"Home\",\"item\":\"https:\/\/www.mpppst.gob.ve\/mpppstweb\/\"},{\"@type\":\"ListItem\",\"position\":2,\"name\":\"Los a\u00f1os 2017 y 2018 ser\u00e1n de expansi\u00f3n econ\u00f3mica, pol\u00edtica y social\"}]},{\"@type\":\"WebSite\",\"@id\":\"https:\/\/www.mpppst.gob.ve\/mpppstweb\/#website\",\"url\":\"https:\/\/www.mpppst.gob.ve\/mpppstweb\/\",\"name\":\"MPPPST\",\"description\":\"Ministerio del Poder Popular para el Proceso Social de Trabajo\",\"publisher\":{\"@id\":\"https:\/\/www.mpppst.gob.ve\/mpppstweb\/#organization\"},\"potentialAction\":[{\"@type\":\"SearchAction\",\"target\":{\"@type\":\"EntryPoint\",\"urlTemplate\":\"https:\/\/www.mpppst.gob.ve\/mpppstweb\/?s={search_term_string}\"},\"query-input\":\"required name=search_term_string\"}],\"inLanguage\":\"es\"},{\"@type\":\"Organization\",\"@id\":\"https:\/\/www.mpppst.gob.ve\/mpppstweb\/#organization\",\"name\":\"mpppst\",\"url\":\"https:\/\/www.mpppst.gob.ve\/mpppstweb\/\",\"logo\":{\"@type\":\"ImageObject\",\"inLanguage\":\"es\",\"@id\":\"https:\/\/www.mpppst.gob.ve\/mpppstweb\/#\/schema\/logo\/image\/\",\"url\":\"https:\/\/www.mpppst.gob.ve\/mpppstweb\/wp-content\/uploads\/2025\/07\/cropped-cropped-g910.png\",\"contentUrl\":\"https:\/\/www.mpppst.gob.ve\/mpppstweb\/wp-content\/uploads\/2025\/07\/cropped-cropped-g910.png\",\"width\":1080,\"height\":241,\"caption\":\"mpppst\"},\"image\":{\"@id\":\"https:\/\/www.mpppst.gob.ve\/mpppstweb\/#\/schema\/logo\/image\/\"}},{\"@type\":\"Person\",\"@id\":\"https:\/\/www.mpppst.gob.ve\/mpppstweb\/#\/schema\/person\/fc187ee8ead412bd4c9304b62f900ea4\",\"name\":\"MPPPST Prensa\",\"url\":\"https:\/\/www.mpppst.gob.ve\/mpppstweb\/index.php\/author\/prensa-mpppst\/\"}]}<\/script>\n<!-- \/ Yoast SEO plugin. -->","yoast_head_json":{"title":"Los a\u00f1os 2017 y 2018 ser\u00e1n de expansi\u00f3n econ\u00f3mica, pol\u00edtica y social - MPPPST","robots":{"index":"index","follow":"follow","max-snippet":"max-snippet:-1","max-image-preview":"max-image-preview:large","max-video-preview":"max-video-preview:-1"},"canonical":"https:\/\/www.mpppst.gob.ve\/mpppstweb\/index.php\/2016\/12\/29\/los-anos-2017-y-2018-seran-de-expansion-economica-politica-y-social\/","og_locale":"es_ES","og_type":"article","og_title":"Los a\u00f1os 2017 y 2018 ser\u00e1n de expansi\u00f3n econ\u00f3mica, pol\u00edtica y social - MPPPST","og_description":"Prensa Minci.-Los a\u00f1os 2017 y 2018 ser\u00e1n de expansi\u00f3n econ\u00f3mica, pol\u00edtica y social con el Plan &hellip; Los a\u00f1os 2017 y 2018 ser\u00e1n de expansi\u00f3n econ\u00f3mica, pol\u00edtica y socialRead more","og_url":"https:\/\/www.mpppst.gob.ve\/mpppstweb\/index.php\/2016\/12\/29\/los-anos-2017-y-2018-seran-de-expansion-economica-politica-y-social\/","og_site_name":"MPPPST","article_published_time":"2016-12-29T20:21:08+00:00","og_image":[{"width":800,"height":445,"url":"https:\/\/www.mpppst.gob.ve\/mpppstweb\/wp-content\/uploads\/2016\/12\/CARNET.jpg","type":"image\/jpeg"}],"author":"MPPPST Prensa","twitter_card":"summary_large_image","twitter_misc":{"Escrito por":"MPPPST Prensa","Tiempo de lectura":"2 minutos"},"schema":{"@context":"https:\/\/schema.org","@graph":[{"@type":"Article","@id":"https:\/\/www.mpppst.gob.ve\/mpppstweb\/index.php\/2016\/12\/29\/los-anos-2017-y-2018-seran-de-expansion-economica-politica-y-social\/#article","isPartOf":{"@id":"https:\/\/www.mpppst.gob.ve\/mpppstweb\/index.php\/2016\/12\/29\/los-anos-2017-y-2018-seran-de-expansion-economica-politica-y-social\/"},"author":{"name":"MPPPST Prensa","@id":"https:\/\/www.mpppst.gob.ve\/mpppstweb\/#\/schema\/person\/fc187ee8ead412bd4c9304b62f900ea4"},"headline":"Los a\u00f1os 2017 y 2018 ser\u00e1n de expansi\u00f3n econ\u00f3mica, pol\u00edtica y social","datePublished":"2016-12-29T20:21:08+00:00","dateModified":"2016-12-29T20:21:08+00:00","mainEntityOfPage":{"@id":"https:\/\/www.mpppst.gob.ve\/mpppstweb\/index.php\/2016\/12\/29\/los-anos-2017-y-2018-seran-de-expansion-economica-politica-y-social\/"},"wordCount":437,"publisher":{"@id":"https:\/\/www.mpppst.gob.ve\/mpppstweb\/#organization"},"image":{"@id":"https:\/\/www.mpppst.gob.ve\/mpppstweb\/index.php\/2016\/12\/29\/los-anos-2017-y-2018-seran-de-expansion-economica-politica-y-social\/#primaryimage"},"thumbnailUrl":"https:\/\/www.mpppst.gob.ve\/mpppstweb\/wp-content\/uploads\/2016\/12\/CARNET.jpg","keywords":["Gobierno Bolivariano","MPPPST"],"articleSection":["Gobierno Nacional","Noticias"],"inLanguage":"es"},{"@type":"WebPage","@id":"https:\/\/www.mpppst.gob.ve\/mpppstweb\/index.php\/2016\/12\/29\/los-anos-2017-y-2018-seran-de-expansion-economica-politica-y-social\/","url":"https:\/\/www.mpppst.gob.ve\/mpppstweb\/index.php\/2016\/12\/29\/los-anos-2017-y-2018-seran-de-expansion-economica-politica-y-social\/","name":"Los a\u00f1os 2017 y 2018 ser\u00e1n de expansi\u00f3n econ\u00f3mica, pol\u00edtica y social - MPPPST","isPartOf":{"@id":"https:\/\/www.mpppst.gob.ve\/mpppstweb\/#website"},"primaryImageOfPage":{"@id":"https:\/\/www.mpppst.gob.ve\/mpppstweb\/index.php\/2016\/12\/29\/los-anos-2017-y-2018-seran-de-expansion-economica-politica-y-social\/#primaryimage"},"image":{"@id":"https:\/\/www.mpppst.gob.ve\/mpppstweb\/index.php\/2016\/12\/29\/los-anos-2017-y-2018-seran-de-expansion-economica-politica-y-social\/#primaryimage"},"thumbnailUrl":"https:\/\/www.mpppst.gob.ve\/mpppstweb\/wp-content\/uploads\/2016\/12\/CARNET.jpg","datePublished":"2016-12-29T20:21:08+00:00","dateModified":"2016-12-29T20:21:08+00:00","breadcrumb":{"@id":"https:\/\/www.mpppst.gob.ve\/mpppstweb\/index.php\/2016\/12\/29\/los-anos-2017-y-2018-seran-de-expansion-economica-politica-y-social\/#breadcrumb"},"inLanguage":"es","potentialAction":[{"@type":"ReadAction","target":["https:\/\/www.mpppst.gob.ve\/mpppstweb\/index.php\/2016\/12\/29\/los-anos-2017-y-2018-seran-de-expansion-economica-politica-y-social\/"]}]},{"@type":"ImageObject","inLanguage":"es","@id":"https:\/\/www.mpppst.gob.ve\/mpppstweb\/index.php\/2016\/12\/29\/los-anos-2017-y-2018-seran-de-expansion-economica-politica-y-social\/#primaryimage","url":"https:\/\/www.mpppst.gob.ve\/mpppstweb\/wp-content\/uploads\/2016\/12\/CARNET.jpg","contentUrl":"https:\/\/www.mpppst.gob.ve\/mpppstweb\/wp-content\/uploads\/2016\/12\/CARNET.jpg","width":800,"height":445},{"@type":"BreadcrumbList","@id":"https:\/\/www.mpppst.gob.ve\/mpppstweb\/index.php\/2016\/12\/29\/los-anos-2017-y-2018-seran-de-expansion-economica-politica-y-social\/#breadcrumb","itemListElement":[{"@type":"ListItem","position":1,"name":"Home","item":"https:\/\/www.mpppst.gob.ve\/mpppstweb\/"},{"@type":"ListItem","position":2,"name":"Los a\u00f1os 2017 y 2018 ser\u00e1n de expansi\u00f3n econ\u00f3mica, pol\u00edtica y social"}]},{"@type":"WebSite","@id":"https:\/\/www.mpppst.gob.ve\/mpppstweb\/#website","url":"https:\/\/www.mpppst.gob.ve\/mpppstweb\/","name":"MPPPST","description":"Ministerio del Poder Popular para el Proceso Social de Trabajo","publisher":{"@id":"https:\/\/www.mpppst.gob.ve\/mpppstweb\/#organization"},"potentialAction":[{"@type":"SearchAction","target":{"@type":"EntryPoint","urlTemplate":"https:\/\/www.mpppst.gob.ve\/mpppstweb\/?s={search_term_string}"},"query-input":"required name=search_term_string"}],"inLanguage":"es"},{"@type":"Organization","@id":"https:\/\/www.mpppst.gob.ve\/mpppstweb\/#organization","name":"mpppst","url":"https:\/\/www.mpppst.gob.ve\/mpppstweb\/","logo":{"@type":"ImageObject","inLanguage":"es","@id":"https:\/\/www.mpppst.gob.ve\/mpppstweb\/#\/schema\/logo\/image\/","url":"https:\/\/www.mpppst.gob.ve\/mpppstweb\/wp-content\/uploads\/2025\/07\/cropped-cropped-g910.png","contentUrl":"https:\/\/www.mpppst.gob.ve\/mpppstweb\/wp-content\/uploads\/2025\/07\/cropped-cropped-g910.png","width":1080,"height":241,"caption":"mpppst"},"image":{"@id":"https:\/\/www.mpppst.gob.ve\/mpppstweb\/#\/schema\/logo\/image\/"}},{"@type":"Person","@id":"https:\/\/www.mpppst.gob.ve\/mpppstweb\/#\/schema\/person\/fc187ee8ead412bd4c9304b62f900ea4","name":"MPPPST Prensa","url":"https:\/\/www.mpppst.gob.ve\/mpppstweb\/index.php\/author\/prensa-mpppst\/"}]}},"_links":{"self":[{"href":"https:\/\/www.mpppst.gob.ve\/mpppstweb\/index.php\/wp-json\/wp\/v2\/posts\/9862"}],"collection":[{"href":"https:\/\/www.mpppst.gob.ve\/mpppstweb\/index.php\/wp-json\/wp\/v2\/posts"}],"about":[{"href":"https:\/\/www.mpppst.gob.ve\/mpppstweb\/index.php\/wp-json\/wp\/v2\/types\/post"}],"author":[{"embeddable":true,"href":"https:\/\/www.mpppst.gob.ve\/mpppstweb\/index.php\/wp-json\/wp\/v2\/users\/25"}],"replies":[{"embeddable":true,"href":"https:\/\/www.mpppst.gob.ve\/mpppstweb\/index.php\/wp-json\/wp\/v2\/comments?post=9862"}],"version-history":[{"count":1,"href":"https:\/\/www.mpppst.gob.ve\/mpppstweb\/index.php\/wp-json\/wp\/v2\/posts\/9862\/revisions"}],"predecessor-version":[{"id":9864,"href":"https:\/\/www.mpppst.gob.ve\/mpppstweb\/index.php\/wp-json\/wp\/v2\/posts\/9862\/revisions\/9864"}],"wp:featuredmedia":[{"embeddable":true,"href":"https:\/\/www.mpppst.gob.ve\/mpppstweb\/index.php\/wp-json\/wp\/v2\/media\/9863"}],"wp:attachment":[{"href":"https:\/\/www.mpppst.gob.ve\/mpppstweb\/index.php\/wp-json\/wp\/v2\/media?parent=9862"}],"wp:term":[{"taxonomy":"category","embeddable":true,"href":"https:\/\/www.mpppst.gob.ve\/mpppstweb\/index.php\/wp-json\/wp\/v2\/categories?post=9862"},{"taxonomy":"post_tag","embeddable":true,"href":"https:\/\/www.mpppst.gob.ve\/mpppstweb\/index.php\/wp-json\/wp\/v2\/tags?post=9862"}],"curies":[{"name":"wp","href":"https:\/\/api.w.org\/{rel}","templated":true}]}}