{"id":9865,"date":"2016-12-30T15:01:20","date_gmt":"2016-12-30T15:01:20","guid":{"rendered":"http:\/\/www.mpppst.gob.ve\/mpppstweb\/?p=9865"},"modified":"2016-12-30T15:01:20","modified_gmt":"2016-12-30T15:01:20","slug":"maduro-llegamos-a-90-de-cobertura-de-pensionados-en-edad-de-ser-protegidos","status":"publish","type":"post","link":"https:\/\/www.mpppst.gob.ve\/mpppstweb\/index.php\/2016\/12\/30\/maduro-llegamos-a-90-de-cobertura-de-pensionados-en-edad-de-ser-protegidos\/","title":{"rendered":"Maduro: Llegamos a 90% de cobertura de pensionados en edad de ser protegidos"},"content":{"rendered":"<p>Prensa Minci.- Este jueves la Revoluci\u00f3n Bolivariana lleg\u00f3 al 90 por ciento de la cobertura de pensionados en edad de ser protegidos.<\/p>\n<p>En una reuni\u00f3n que dirigi\u00f3 en el sal\u00f3n Sol del Per\u00fa del Palacio de Miraflores para ofrecer un balance de los adelantos en materia social, econ\u00f3mica y pol\u00edtica del pa\u00eds, el presidente de la Rep\u00fablica Bolivariana de Venezuela, Nicol\u00e1s Maduro Moros, indic\u00f3 que ya en el pa\u00eds se alcanz\u00f3 la cantidad de 3 millones 283 mil pensionados.<\/p>\n<p>Con ello \u201cllegamos a la cobertura del 90 por ciento de la cobertura de pensionados en edad de ser protegidos. \u00bfCu\u00e1ntas personas fueron pensionadas en la Cuarta Rep\u00fablica : 300 mil pensionados, pensiones de hambre\u201d, cotej\u00f3 el jefe de Estado.<\/p>\n<p>Es un \u201crecord mundial\u201d lo que ha hecho la Revoluci\u00f3n Bolivariana, sostuvo el presidente Maduro, al realizar un contacto con el gobernador del estado Aragua, Tarek El Aisami, para inaugurar la Gran Base de Misiones de Paz \u201cAviadores\u201d.<\/p>\n<p>Esta se erige como la tercera base de misiones en esta entidad. \u201cS\u00f3lo el milagro del socialismo y de la Revoluci\u00f3n puede lograr lo que hemos logrado en medio de tantas adversidades\u201d, se\u00f1al\u00f3 El Aisami.<\/p>\n<p>El gobernador exalt\u00f3 la inversiones que se han hecho en materia social, aun cuando la ca\u00edda del precio del petr\u00f3leo fue estrepitosa.<\/p>\n","protected":false},"excerpt":{"rendered":"<p>Prensa Minci.- Este jueves la Revoluci\u00f3n Bolivariana lleg\u00f3 al 90 por ciento de la cobertura de &hellip; <a title=\"Maduro: Llegamos a 90% de cobertura de pensionados en edad de ser protegidos\" class=\"hm-read-more\" href=\"https:\/\/www.mpppst.gob.ve\/mpppstweb\/index.php\/2016\/12\/30\/maduro-llegamos-a-90-de-cobertura-de-pensionados-en-edad-de-ser-protegidos\/\"><span class=\"screen-reader-text\">Maduro: Llegamos a 90% de cobertura de pensionados en edad de ser protegidos<\/span>Read more<\/a><\/p>\n","protected":false},"author":25,"featured_media":9866,"comment_status":"closed","ping_status":"closed","sticky":false,"template":"","format":"standard","meta":{"footnotes":""},"categories":[82,83,163],"tags":[229,222,227],"yoast_head":"<!-- This site is optimized with the Yoast SEO plugin v22.5 - https:\/\/yoast.com\/wordpress\/plugins\/seo\/ -->\n<title>Maduro: Llegamos a 90% de cobertura de pensionados en edad de ser protegidos - MPPPST<\/title>\n<meta name=\"robots\" content=\"index, follow, max-snippet:-1, max-image-preview:large, max-video-preview:-1\" \/>\n<link rel=\"canonical\" href=\"https:\/\/www.mpppst.gob.ve\/mpppstweb\/index.php\/2016\/12\/30\/maduro-llegamos-a-90-de-cobertura-de-pensionados-en-edad-de-ser-protegidos\/\" \/>\n<meta property=\"og:locale\" content=\"es_ES\" \/>\n<meta property=\"og:type\" content=\"article\" \/>\n<meta property=\"og:title\" content=\"Maduro: Llegamos a 90% de cobertura de pensionados en edad de ser protegidos - MPPPST\" \/>\n<meta property=\"og:description\" content=\"Prensa Minci.- Este jueves la Revoluci\u00f3n Bolivariana lleg\u00f3 al 90 por ciento de la cobertura de &hellip; Maduro: Llegamos a 90% de cobertura de pensionados en edad de ser protegidosRead more\" \/>\n<meta property=\"og:url\" content=\"https:\/\/www.mpppst.gob.ve\/mpppstweb\/index.php\/2016\/12\/30\/maduro-llegamos-a-90-de-cobertura-de-pensionados-en-edad-de-ser-protegidos\/\" \/>\n<meta property=\"og:site_name\" content=\"MPPPST\" \/>\n<meta property=\"article:published_time\" content=\"2016-12-30T15:01:20+00:00\" \/>\n<meta property=\"og:image\" content=\"https:\/\/www.mpppst.gob.ve\/mpppstweb\/wp-content\/uploads\/2016\/12\/MADURO9.jpg\" \/>\n\t<meta property=\"og:image:width\" content=\"800\" \/>\n\t<meta property=\"og:image:height\" content=\"533\" \/>\n\t<meta property=\"og:image:type\" content=\"image\/jpeg\" \/>\n<meta name=\"author\" content=\"MPPPST Prensa\" \/>\n<meta name=\"twitter:card\" content=\"summary_large_image\" \/>\n<meta name=\"twitter:label1\" content=\"Escrito por\" \/>\n\t<meta name=\"twitter:data1\" content=\"MPPPST Prensa\" \/>\n\t<meta name=\"twitter:label2\" content=\"Tiempo de lectura\" \/>\n\t<meta name=\"twitter:data2\" content=\"1 minuto\" \/>\n<script type=\"application\/ld+json\" class=\"yoast-schema-graph\">{\"@context\":\"https:\/\/schema.org\",\"@graph\":[{\"@type\":\"Article\",\"@id\":\"https:\/\/www.mpppst.gob.ve\/mpppstweb\/index.php\/2016\/12\/30\/maduro-llegamos-a-90-de-cobertura-de-pensionados-en-edad-de-ser-protegidos\/#article\",\"isPartOf\":{\"@id\":\"https:\/\/www.mpppst.gob.ve\/mpppstweb\/index.php\/2016\/12\/30\/maduro-llegamos-a-90-de-cobertura-de-pensionados-en-edad-de-ser-protegidos\/\"},\"author\":{\"name\":\"MPPPST Prensa\",\"@id\":\"https:\/\/www.mpppst.gob.ve\/mpppstweb\/#\/schema\/person\/fc187ee8ead412bd4c9304b62f900ea4\"},\"headline\":\"Maduro: Llegamos a 90% de cobertura de pensionados en edad de ser protegidos\",\"datePublished\":\"2016-12-30T15:01:20+00:00\",\"dateModified\":\"2016-12-30T15:01:20+00:00\",\"mainEntityOfPage\":{\"@id\":\"https:\/\/www.mpppst.gob.ve\/mpppstweb\/index.php\/2016\/12\/30\/maduro-llegamos-a-90-de-cobertura-de-pensionados-en-edad-de-ser-protegidos\/\"},\"wordCount\":238,\"publisher\":{\"@id\":\"https:\/\/www.mpppst.gob.ve\/mpppstweb\/#organization\"},\"image\":{\"@id\":\"https:\/\/www.mpppst.gob.ve\/mpppstweb\/index.php\/2016\/12\/30\/maduro-llegamos-a-90-de-cobertura-de-pensionados-en-edad-de-ser-protegidos\/#primaryimage\"},\"thumbnailUrl\":\"https:\/\/www.mpppst.gob.ve\/mpppstweb\/wp-content\/uploads\/2016\/12\/MADURO9.jpg\",\"keywords\":[\"Defensa Integral\",\"Gobierno Bolivariano\",\"Proceso Social\"],\"articleSection\":[\"Gobierno Nacional\",\"Ministerio\",\"Noticias\"],\"inLanguage\":\"es\"},{\"@type\":\"WebPage\",\"@id\":\"https:\/\/www.mpppst.gob.ve\/mpppstweb\/index.php\/2016\/12\/30\/maduro-llegamos-a-90-de-cobertura-de-pensionados-en-edad-de-ser-protegidos\/\",\"url\":\"https:\/\/www.mpppst.gob.ve\/mpppstweb\/index.php\/2016\/12\/30\/maduro-llegamos-a-90-de-cobertura-de-pensionados-en-edad-de-ser-protegidos\/\",\"name\":\"Maduro: Llegamos a 90% de cobertura de pensionados en edad de ser protegidos - MPPPST\",\"isPartOf\":{\"@id\":\"https:\/\/www.mpppst.gob.ve\/mpppstweb\/#website\"},\"primaryImageOfPage\":{\"@id\":\"https:\/\/www.mpppst.gob.ve\/mpppstweb\/index.php\/2016\/12\/30\/maduro-llegamos-a-90-de-cobertura-de-pensionados-en-edad-de-ser-protegidos\/#primaryimage\"},\"image\":{\"@id\":\"https:\/\/www.mpppst.gob.ve\/mpppstweb\/index.php\/2016\/12\/30\/maduro-llegamos-a-90-de-cobertura-de-pensionados-en-edad-de-ser-protegidos\/#primaryimage\"},\"thumbnailUrl\":\"https:\/\/www.mpppst.gob.ve\/mpppstweb\/wp-content\/uploads\/2016\/12\/MADURO9.jpg\",\"datePublished\":\"2016-12-30T15:01:20+00:00\",\"dateModified\":\"2016-12-30T15:01:20+00:00\",\"breadcrumb\":{\"@id\":\"https:\/\/www.mpppst.gob.ve\/mpppstweb\/index.php\/2016\/12\/30\/maduro-llegamos-a-90-de-cobertura-de-pensionados-en-edad-de-ser-protegidos\/#breadcrumb\"},\"inLanguage\":\"es\",\"potentialAction\":[{\"@type\":\"ReadAction\",\"target\":[\"https:\/\/www.mpppst.gob.ve\/mpppstweb\/index.php\/2016\/12\/30\/maduro-llegamos-a-90-de-cobertura-de-pensionados-en-edad-de-ser-protegidos\/\"]}]},{\"@type\":\"ImageObject\",\"inLanguage\":\"es\",\"@id\":\"https:\/\/www.mpppst.gob.ve\/mpppstweb\/index.php\/2016\/12\/30\/maduro-llegamos-a-90-de-cobertura-de-pensionados-en-edad-de-ser-protegidos\/#primaryimage\",\"url\":\"https:\/\/www.mpppst.gob.ve\/mpppstweb\/wp-content\/uploads\/2016\/12\/MADURO9.jpg\",\"contentUrl\":\"https:\/\/www.mpppst.gob.ve\/mpppstweb\/wp-content\/uploads\/2016\/12\/MADURO9.jpg\",\"width\":800,\"height\":533},{\"@type\":\"BreadcrumbList\",\"@id\":\"https:\/\/www.mpppst.gob.ve\/mpppstweb\/index.php\/2016\/12\/30\/maduro-llegamos-a-90-de-cobertura-de-pensionados-en-edad-de-ser-protegidos\/#breadcrumb\",\"itemListElement\":[{\"@type\":\"ListItem\",\"position\":1,\"name\":\"Home\",\"item\":\"https:\/\/www.mpppst.gob.ve\/mpppstweb\/\"},{\"@type\":\"ListItem\",\"position\":2,\"name\":\"Maduro: Llegamos a 90% de cobertura de pensionados en edad de ser protegidos\"}]},{\"@type\":\"WebSite\",\"@id\":\"https:\/\/www.mpppst.gob.ve\/mpppstweb\/#website\",\"url\":\"https:\/\/www.mpppst.gob.ve\/mpppstweb\/\",\"name\":\"MPPPST\",\"description\":\"Ministerio del Poder Popular para el Proceso Social de Trabajo\",\"publisher\":{\"@id\":\"https:\/\/www.mpppst.gob.ve\/mpppstweb\/#organization\"},\"potentialAction\":[{\"@type\":\"SearchAction\",\"target\":{\"@type\":\"EntryPoint\",\"urlTemplate\":\"https:\/\/www.mpppst.gob.ve\/mpppstweb\/?s={search_term_string}\"},\"query-input\":\"required name=search_term_string\"}],\"inLanguage\":\"es\"},{\"@type\":\"Organization\",\"@id\":\"https:\/\/www.mpppst.gob.ve\/mpppstweb\/#organization\",\"name\":\"mpppst\",\"url\":\"https:\/\/www.mpppst.gob.ve\/mpppstweb\/\",\"logo\":{\"@type\":\"ImageObject\",\"inLanguage\":\"es\",\"@id\":\"https:\/\/www.mpppst.gob.ve\/mpppstweb\/#\/schema\/logo\/image\/\",\"url\":\"https:\/\/www.mpppst.gob.ve\/mpppstweb\/wp-content\/uploads\/2025\/07\/cropped-cropped-g910.png\",\"contentUrl\":\"https:\/\/www.mpppst.gob.ve\/mpppstweb\/wp-content\/uploads\/2025\/07\/cropped-cropped-g910.png\",\"width\":1080,\"height\":241,\"caption\":\"mpppst\"},\"image\":{\"@id\":\"https:\/\/www.mpppst.gob.ve\/mpppstweb\/#\/schema\/logo\/image\/\"}},{\"@type\":\"Person\",\"@id\":\"https:\/\/www.mpppst.gob.ve\/mpppstweb\/#\/schema\/person\/fc187ee8ead412bd4c9304b62f900ea4\",\"name\":\"MPPPST Prensa\",\"url\":\"https:\/\/www.mpppst.gob.ve\/mpppstweb\/index.php\/author\/prensa-mpppst\/\"}]}<\/script>\n<!-- \/ Yoast SEO plugin. -->","yoast_head_json":{"title":"Maduro: Llegamos a 90% de cobertura de pensionados en edad de ser protegidos - MPPPST","robots":{"index":"index","follow":"follow","max-snippet":"max-snippet:-1","max-image-preview":"max-image-preview:large","max-video-preview":"max-video-preview:-1"},"canonical":"https:\/\/www.mpppst.gob.ve\/mpppstweb\/index.php\/2016\/12\/30\/maduro-llegamos-a-90-de-cobertura-de-pensionados-en-edad-de-ser-protegidos\/","og_locale":"es_ES","og_type":"article","og_title":"Maduro: Llegamos a 90% de cobertura de pensionados en edad de ser protegidos - MPPPST","og_description":"Prensa Minci.- Este jueves la Revoluci\u00f3n Bolivariana lleg\u00f3 al 90 por ciento de la cobertura de &hellip; Maduro: Llegamos a 90% de cobertura de pensionados en edad de ser protegidosRead more","og_url":"https:\/\/www.mpppst.gob.ve\/mpppstweb\/index.php\/2016\/12\/30\/maduro-llegamos-a-90-de-cobertura-de-pensionados-en-edad-de-ser-protegidos\/","og_site_name":"MPPPST","article_published_time":"2016-12-30T15:01:20+00:00","og_image":[{"width":800,"height":533,"url":"https:\/\/www.mpppst.gob.ve\/mpppstweb\/wp-content\/uploads\/2016\/12\/MADURO9.jpg","type":"image\/jpeg"}],"author":"MPPPST Prensa","twitter_card":"summary_large_image","twitter_misc":{"Escrito por":"MPPPST Prensa","Tiempo de lectura":"1 minuto"},"schema":{"@context":"https:\/\/schema.org","@graph":[{"@type":"Article","@id":"https:\/\/www.mpppst.gob.ve\/mpppstweb\/index.php\/2016\/12\/30\/maduro-llegamos-a-90-de-cobertura-de-pensionados-en-edad-de-ser-protegidos\/#article","isPartOf":{"@id":"https:\/\/www.mpppst.gob.ve\/mpppstweb\/index.php\/2016\/12\/30\/maduro-llegamos-a-90-de-cobertura-de-pensionados-en-edad-de-ser-protegidos\/"},"author":{"name":"MPPPST Prensa","@id":"https:\/\/www.mpppst.gob.ve\/mpppstweb\/#\/schema\/person\/fc187ee8ead412bd4c9304b62f900ea4"},"headline":"Maduro: Llegamos a 90% de cobertura de pensionados en edad de ser protegidos","datePublished":"2016-12-30T15:01:20+00:00","dateModified":"2016-12-30T15:01:20+00:00","mainEntityOfPage":{"@id":"https:\/\/www.mpppst.gob.ve\/mpppstweb\/index.php\/2016\/12\/30\/maduro-llegamos-a-90-de-cobertura-de-pensionados-en-edad-de-ser-protegidos\/"},"wordCount":238,"publisher":{"@id":"https:\/\/www.mpppst.gob.ve\/mpppstweb\/#organization"},"image":{"@id":"https:\/\/www.mpppst.gob.ve\/mpppstweb\/index.php\/2016\/12\/30\/maduro-llegamos-a-90-de-cobertura-de-pensionados-en-edad-de-ser-protegidos\/#primaryimage"},"thumbnailUrl":"https:\/\/www.mpppst.gob.ve\/mpppstweb\/wp-content\/uploads\/2016\/12\/MADURO9.jpg","keywords":["Defensa Integral","Gobierno Bolivariano","Proceso Social"],"articleSection":["Gobierno Nacional","Ministerio","Noticias"],"inLanguage":"es"},{"@type":"WebPage","@id":"https:\/\/www.mpppst.gob.ve\/mpppstweb\/index.php\/2016\/12\/30\/maduro-llegamos-a-90-de-cobertura-de-pensionados-en-edad-de-ser-protegidos\/","url":"https:\/\/www.mpppst.gob.ve\/mpppstweb\/index.php\/2016\/12\/30\/maduro-llegamos-a-90-de-cobertura-de-pensionados-en-edad-de-ser-protegidos\/","name":"Maduro: Llegamos a 90% de cobertura de pensionados en edad de ser protegidos - MPPPST","isPartOf":{"@id":"https:\/\/www.mpppst.gob.ve\/mpppstweb\/#website"},"primaryImageOfPage":{"@id":"https:\/\/www.mpppst.gob.ve\/mpppstweb\/index.php\/2016\/12\/30\/maduro-llegamos-a-90-de-cobertura-de-pensionados-en-edad-de-ser-protegidos\/#primaryimage"},"image":{"@id":"https:\/\/www.mpppst.gob.ve\/mpppstweb\/index.php\/2016\/12\/30\/maduro-llegamos-a-90-de-cobertura-de-pensionados-en-edad-de-ser-protegidos\/#primaryimage"},"thumbnailUrl":"https:\/\/www.mpppst.gob.ve\/mpppstweb\/wp-content\/uploads\/2016\/12\/MADURO9.jpg","datePublished":"2016-12-30T15:01:20+00:00","dateModified":"2016-12-30T15:01:20+00:00","breadcrumb":{"@id":"https:\/\/www.mpppst.gob.ve\/mpppstweb\/index.php\/2016\/12\/30\/maduro-llegamos-a-90-de-cobertura-de-pensionados-en-edad-de-ser-protegidos\/#breadcrumb"},"inLanguage":"es","potentialAction":[{"@type":"ReadAction","target":["https:\/\/www.mpppst.gob.ve\/mpppstweb\/index.php\/2016\/12\/30\/maduro-llegamos-a-90-de-cobertura-de-pensionados-en-edad-de-ser-protegidos\/"]}]},{"@type":"ImageObject","inLanguage":"es","@id":"https:\/\/www.mpppst.gob.ve\/mpppstweb\/index.php\/2016\/12\/30\/maduro-llegamos-a-90-de-cobertura-de-pensionados-en-edad-de-ser-protegidos\/#primaryimage","url":"https:\/\/www.mpppst.gob.ve\/mpppstweb\/wp-content\/uploads\/2016\/12\/MADURO9.jpg","contentUrl":"https:\/\/www.mpppst.gob.ve\/mpppstweb\/wp-content\/uploads\/2016\/12\/MADURO9.jpg","width":800,"height":533},{"@type":"BreadcrumbList","@id":"https:\/\/www.mpppst.gob.ve\/mpppstweb\/index.php\/2016\/12\/30\/maduro-llegamos-a-90-de-cobertura-de-pensionados-en-edad-de-ser-protegidos\/#breadcrumb","itemListElement":[{"@type":"ListItem","position":1,"name":"Home","item":"https:\/\/www.mpppst.gob.ve\/mpppstweb\/"},{"@type":"ListItem","position":2,"name":"Maduro: Llegamos a 90% de cobertura de pensionados en edad de ser protegidos"}]},{"@type":"WebSite","@id":"https:\/\/www.mpppst.gob.ve\/mpppstweb\/#website","url":"https:\/\/www.mpppst.gob.ve\/mpppstweb\/","name":"MPPPST","description":"Ministerio del Poder Popular para el Proceso Social de Trabajo","publisher":{"@id":"https:\/\/www.mpppst.gob.ve\/mpppstweb\/#organization"},"potentialAction":[{"@type":"SearchAction","target":{"@type":"EntryPoint","urlTemplate":"https:\/\/www.mpppst.gob.ve\/mpppstweb\/?s={search_term_string}"},"query-input":"required name=search_term_string"}],"inLanguage":"es"},{"@type":"Organization","@id":"https:\/\/www.mpppst.gob.ve\/mpppstweb\/#organization","name":"mpppst","url":"https:\/\/www.mpppst.gob.ve\/mpppstweb\/","logo":{"@type":"ImageObject","inLanguage":"es","@id":"https:\/\/www.mpppst.gob.ve\/mpppstweb\/#\/schema\/logo\/image\/","url":"https:\/\/www.mpppst.gob.ve\/mpppstweb\/wp-content\/uploads\/2025\/07\/cropped-cropped-g910.png","contentUrl":"https:\/\/www.mpppst.gob.ve\/mpppstweb\/wp-content\/uploads\/2025\/07\/cropped-cropped-g910.png","width":1080,"height":241,"caption":"mpppst"},"image":{"@id":"https:\/\/www.mpppst.gob.ve\/mpppstweb\/#\/schema\/logo\/image\/"}},{"@type":"Person","@id":"https:\/\/www.mpppst.gob.ve\/mpppstweb\/#\/schema\/person\/fc187ee8ead412bd4c9304b62f900ea4","name":"MPPPST Prensa","url":"https:\/\/www.mpppst.gob.ve\/mpppstweb\/index.php\/author\/prensa-mpppst\/"}]}},"_links":{"self":[{"href":"https:\/\/www.mpppst.gob.ve\/mpppstweb\/index.php\/wp-json\/wp\/v2\/posts\/9865"}],"collection":[{"href":"https:\/\/www.mpppst.gob.ve\/mpppstweb\/index.php\/wp-json\/wp\/v2\/posts"}],"about":[{"href":"https:\/\/www.mpppst.gob.ve\/mpppstweb\/index.php\/wp-json\/wp\/v2\/types\/post"}],"author":[{"embeddable":true,"href":"https:\/\/www.mpppst.gob.ve\/mpppstweb\/index.php\/wp-json\/wp\/v2\/users\/25"}],"replies":[{"embeddable":true,"href":"https:\/\/www.mpppst.gob.ve\/mpppstweb\/index.php\/wp-json\/wp\/v2\/comments?post=9865"}],"version-history":[{"count":1,"href":"https:\/\/www.mpppst.gob.ve\/mpppstweb\/index.php\/wp-json\/wp\/v2\/posts\/9865\/revisions"}],"predecessor-version":[{"id":9867,"href":"https:\/\/www.mpppst.gob.ve\/mpppstweb\/index.php\/wp-json\/wp\/v2\/posts\/9865\/revisions\/9867"}],"wp:featuredmedia":[{"embeddable":true,"href":"https:\/\/www.mpppst.gob.ve\/mpppstweb\/index.php\/wp-json\/wp\/v2\/media\/9866"}],"wp:attachment":[{"href":"https:\/\/www.mpppst.gob.ve\/mpppstweb\/index.php\/wp-json\/wp\/v2\/media?parent=9865"}],"wp:term":[{"taxonomy":"category","embeddable":true,"href":"https:\/\/www.mpppst.gob.ve\/mpppstweb\/index.php\/wp-json\/wp\/v2\/categories?post=9865"},{"taxonomy":"post_tag","embeddable":true,"href":"https:\/\/www.mpppst.gob.ve\/mpppstweb\/index.php\/wp-json\/wp\/v2\/tags?post=9865"}],"curies":[{"name":"wp","href":"https:\/\/api.w.org\/{rel}","templated":true}]}}