{"id":9911,"date":"2017-01-05T13:56:40","date_gmt":"2017-01-05T13:56:40","guid":{"rendered":"http:\/\/www.mpppst.gob.ve\/mpppstweb\/?p=9911"},"modified":"2017-01-05T13:56:40","modified_gmt":"2017-01-05T13:56:40","slug":"presidente-maduro-reestructuro-gabinete-ejecutivo-para-contraofensiva-revolucionaria-2017-2018","status":"publish","type":"post","link":"https:\/\/www.mpppst.gob.ve\/mpppstweb\/index.php\/2017\/01\/05\/presidente-maduro-reestructuro-gabinete-ejecutivo-para-contraofensiva-revolucionaria-2017-2018\/","title":{"rendered":"Presidente Maduro reestructur\u00f3 Gabinete Ejecutivo para contraofensiva revolucionaria 2017-2018"},"content":{"rendered":"<p>AVN.- Con el objetivo de impulsar un nuevo proceso de fortalecimiento de la Revoluci\u00f3n Bolivariana para los a\u00f1os 2017-2018, este mi\u00e9rcoles el presidente de la Rep\u00fablica, Nicol\u00e1s Maduro, design\u00f3 a los nuevos integrantes del tren Ejecutivo como parte de la contraofensiva revolucionaria.<\/p>\n<p>Desde el Cuartel de la Monta\u00f1a, en Caracas \u2014en transmisi\u00f3n conjunta de radio y televisi\u00f3n\u2014 el Mandatario design\u00f3 a Tareck El Aissami como nuevo vicepresidente de la Rep\u00fablica Bolivariana de Venezuela, quien tendr\u00e1 como tarea principal afianzar los canales de comunicaci\u00f3n del Poder Popular con el Gobierno, con el objetivo de concretar soluciones ante la coyuntura econ\u00f3mica que ha generado sectores de la derecha en contra del pueblo.<\/p>\n<p>\u00abLos temas fundamentales del pa\u00eds, consultados al pueblo, para escuchar su opini\u00f3n cualitativa y cuantitativa, para orientar los grandes temas de la econom\u00eda (&#8230;) contra las mafias (de la derecha), contra los criminales\u00bb, expres\u00f3 Maduro.<\/p>\n<p>Tras ser designado como el nuevo vicepresidente de la Rep\u00fablica, Tareck El Assimi destac\u00f3 que el socialismo bolivariano y la uni\u00f3n popular son las herramientas necesarias para consolidar la Venezuela potencia, en especial ante la coyuntura econ\u00f3mica promovida por sectores de la derecha.<\/p>\n<p>\u00abSanar las heridas de la guerra atroz criminal y volver a reconectarnos con el pueblo venezolano y decirle que es el socialismo la v\u00eda para la salvaci\u00f3n de la patria, no es el capitalismo, no es la burgues\u00eda, no es la derecha criminal\u00bb, expres\u00f3 El Aissami.<\/p>\n<p>Adem\u00e1s, el Presidente anunci\u00f3 que la vicepresidencia Sectorial de Desarrollo Social y Revoluci\u00f3n de las Misiones estar\u00e1 liderada por El\u00edas Jaua, quien adem\u00e1s asumir\u00e1 el cargo de ministro de Educaci\u00f3n, en sustituci\u00f3n de Rudolfo P\u00e9rez.<\/p>\n<p>\u00abTenemos que profundizar el tema de la educaci\u00f3n, no solo el tema del sistema educativo y de la escolarizaci\u00f3n\u00bb.\u00a0El Mandatario Nacional anunci\u00f3 que Arist\u00f3bulo Ist\u00fariz estar\u00e1 a cargo de la vicepresidencia de Desarrollo de Socialismo Territorial y tambi\u00e9n ser\u00e1 ministro del Poder Popular para las Comunas.<\/p>\n<p>\u00abLe he pedido al compa\u00f1ero y profesor Arist\u00f3bulo Ist\u00fariz que asuma el Ministerio para las Comunas y Movimientos Sociales y la Vicepresidencia del Socialismo Territorial, para que asuma la construcci\u00f3n del Estado comunal, de justicia y social\u00bb, dijo.<\/p>\n<p>El Jefe de Estado tambi\u00e9n anunci\u00f3 la creaci\u00f3n del nuevo Ministerio de Econom\u00eda y Finanzas, ente que ser\u00e1 dirigido por el economista Ram\u00f3n Lobo, quien asimismo presidir\u00e1 la vicepresidencia Sectorial de Econom\u00eda de la naci\u00f3n, mientras que la vicepresidencia de Soberan\u00eda Pol\u00edtica, Seguridad y Paz estar\u00e1 a cargo de Carmen Mel\u00e9ndez.<\/p>\n<p>Para la cartera de Agricultura Urbana design\u00f3 a \u00c9rika Far\u00edas, a su vez que agradeci\u00f3 la labor realizada por Lorena Freitez en este ministerio.<\/p>\n<p>En sustituci\u00f3n de Freddy \u00d1\u00e1\u00f1ez, el Ministerio para la Cultura estar\u00e1 liderado a partir de este mi\u00e9rcoles por Ad\u00e1n Ch\u00e1vez. \u00abA la batalla por la identidad nacional, por la nueva espiritualidad y los lazos con los nuevos intelectuales, escritores, dramaturgos, poetas y la fuerza de la Misi\u00f3n Cultura Coraz\u00f3n adentro\u00bb, destac\u00f3 Maduro.<\/p>\n<p>El Presidente tambi\u00e9n inform\u00f3 que Nelson Mart\u00ednez asumir\u00e1 el cargo de ministro de Petr\u00f3leo, en sustituci\u00f3n de Eulogio Del Pino.\u00a0\u00abCon toda su experiencia, le he pedido que asuma, con dedicaci\u00f3n total y exclusiva el Ministerio de Petr\u00f3leo, para seguir construyendo la potencia energ\u00e9tica que debe ser nuestra patria venezolana\u00bb, expres\u00f3 el Mandatario Nacional.<\/p>\n<p>Ram\u00f3n Celestino Vel\u00e1zquez estar\u00e1 a cargo del Ministerio del Poder Popular para el Ecosocialismo y Aguas, en sustituci\u00f3n de Ernesto Paiva.<\/p>\n<p>Vel\u00e1squez, manifest\u00f3 el Mandatario, tendr\u00e1 el compromiso de liderar los trabajos de recuperaci\u00f3n de todos los acueductos y lagos del pa\u00eds, entre otras actividades referentes al tema ambiental.<\/p>\n<p>El Ministerio para la Educaci\u00f3n Universitaria, Ciencia y Tecnolog\u00eda estar\u00e1 a cargo de Hugbel Roa, con el objetivo de fortalecer el movimiento estudiantil.<\/p>\n<p>\u00abHe invitado para que asuma el Ministerio de Educaci\u00f3n Universitaria, Ciencia y Tecnolog\u00eda a Hugbel Roa, uno de los l\u00edderes que se levanta desde Los Andes venezolanos, del estirpe de Fabricio Ojeda (&#8230;) Agradezco al compa\u00f1ero Jorge Arreaza por la labor cumplida, por toda su lealtad, su dedicaci\u00f3n\u00bb, se\u00f1al\u00f3 Maduro.<\/p>\n<p>Por su parte Francisco Torrealba fue designado como nuevo ministro del Poder Popular para el Trabajo, y C\u00e9sar Salazar Coll dirigir\u00e1 el nuevo Ministerio de Obras P\u00fablicas.<\/p>\n<p>\u00abHe decidido designar al Almirante bolivariano y revolucionario C\u00e9sar Alberto Salazar Coll nuevo ministro de Obras P\u00fablicas (&#8230;) porque Salazar ha sido jefe del cuerpo de inspectores e inspectoras presidenciales, el sabe cada obra del pa\u00eds y en qu\u00e9 situaci\u00f3n est\u00e1n\u00bb, dijo el Mandatario.<\/p>\n<p>Al frente del Ministerio para la Salud estar\u00e1 Antonieta Caporale Zamora; y Ricardo Molina seguir\u00e1 a cargo del nuevo Ministerio de Transporte Terrestre.<\/p>\n","protected":false},"excerpt":{"rendered":"<p>AVN.- Con el objetivo de impulsar un nuevo proceso de fortalecimiento de la Revoluci\u00f3n Bolivariana para &hellip; <a title=\"Presidente Maduro reestructur\u00f3 Gabinete Ejecutivo para contraofensiva revolucionaria 2017-2018\" class=\"hm-read-more\" href=\"https:\/\/www.mpppst.gob.ve\/mpppstweb\/index.php\/2017\/01\/05\/presidente-maduro-reestructuro-gabinete-ejecutivo-para-contraofensiva-revolucionaria-2017-2018\/\"><span class=\"screen-reader-text\">Presidente Maduro reestructur\u00f3 Gabinete Ejecutivo para contraofensiva revolucionaria 2017-2018<\/span>Read more<\/a><\/p>\n","protected":false},"author":25,"featured_media":9912,"comment_status":"closed","ping_status":"closed","sticky":false,"template":"","format":"standard","meta":{"footnotes":""},"categories":[82,163],"tags":[222],"yoast_head":"<!-- This site is optimized with the Yoast SEO plugin v22.5 - https:\/\/yoast.com\/wordpress\/plugins\/seo\/ -->\n<title>Presidente Maduro reestructur\u00f3 Gabinete Ejecutivo para contraofensiva revolucionaria 2017-2018 - MPPPST<\/title>\n<meta name=\"robots\" content=\"index, follow, max-snippet:-1, max-image-preview:large, max-video-preview:-1\" \/>\n<link rel=\"canonical\" href=\"https:\/\/www.mpppst.gob.ve\/mpppstweb\/index.php\/2017\/01\/05\/presidente-maduro-reestructuro-gabinete-ejecutivo-para-contraofensiva-revolucionaria-2017-2018\/\" \/>\n<meta property=\"og:locale\" content=\"es_ES\" \/>\n<meta property=\"og:type\" content=\"article\" \/>\n<meta property=\"og:title\" content=\"Presidente Maduro reestructur\u00f3 Gabinete Ejecutivo para contraofensiva revolucionaria 2017-2018 - MPPPST\" \/>\n<meta property=\"og:description\" content=\"AVN.- Con el objetivo de impulsar un nuevo proceso de fortalecimiento de la Revoluci\u00f3n Bolivariana para &hellip; Presidente Maduro reestructur\u00f3 Gabinete Ejecutivo para contraofensiva revolucionaria 2017-2018Read more\" \/>\n<meta property=\"og:url\" content=\"https:\/\/www.mpppst.gob.ve\/mpppstweb\/index.php\/2017\/01\/05\/presidente-maduro-reestructuro-gabinete-ejecutivo-para-contraofensiva-revolucionaria-2017-2018\/\" \/>\n<meta property=\"og:site_name\" content=\"MPPPST\" \/>\n<meta property=\"article:published_time\" content=\"2017-01-05T13:56:40+00:00\" \/>\n<meta property=\"og:image\" content=\"https:\/\/www.mpppst.gob.ve\/mpppstweb\/wp-content\/uploads\/2017\/01\/Maduro.jpg\" \/>\n\t<meta property=\"og:image:width\" content=\"800\" \/>\n\t<meta property=\"og:image:height\" content=\"445\" \/>\n\t<meta property=\"og:image:type\" content=\"image\/jpeg\" \/>\n<meta name=\"author\" content=\"MPPPST Prensa\" \/>\n<meta name=\"twitter:card\" content=\"summary_large_image\" \/>\n<meta name=\"twitter:label1\" content=\"Escrito por\" \/>\n\t<meta name=\"twitter:data1\" content=\"MPPPST Prensa\" \/>\n\t<meta name=\"twitter:label2\" content=\"Tiempo de lectura\" \/>\n\t<meta name=\"twitter:data2\" content=\"4 minutos\" \/>\n<script type=\"application\/ld+json\" class=\"yoast-schema-graph\">{\"@context\":\"https:\/\/schema.org\",\"@graph\":[{\"@type\":\"Article\",\"@id\":\"https:\/\/www.mpppst.gob.ve\/mpppstweb\/index.php\/2017\/01\/05\/presidente-maduro-reestructuro-gabinete-ejecutivo-para-contraofensiva-revolucionaria-2017-2018\/#article\",\"isPartOf\":{\"@id\":\"https:\/\/www.mpppst.gob.ve\/mpppstweb\/index.php\/2017\/01\/05\/presidente-maduro-reestructuro-gabinete-ejecutivo-para-contraofensiva-revolucionaria-2017-2018\/\"},\"author\":{\"name\":\"MPPPST Prensa\",\"@id\":\"https:\/\/www.mpppst.gob.ve\/mpppstweb\/#\/schema\/person\/fc187ee8ead412bd4c9304b62f900ea4\"},\"headline\":\"Presidente Maduro reestructur\u00f3 Gabinete Ejecutivo para contraofensiva revolucionaria 2017-2018\",\"datePublished\":\"2017-01-05T13:56:40+00:00\",\"dateModified\":\"2017-01-05T13:56:40+00:00\",\"mainEntityOfPage\":{\"@id\":\"https:\/\/www.mpppst.gob.ve\/mpppstweb\/index.php\/2017\/01\/05\/presidente-maduro-reestructuro-gabinete-ejecutivo-para-contraofensiva-revolucionaria-2017-2018\/\"},\"wordCount\":838,\"publisher\":{\"@id\":\"https:\/\/www.mpppst.gob.ve\/mpppstweb\/#organization\"},\"image\":{\"@id\":\"https:\/\/www.mpppst.gob.ve\/mpppstweb\/index.php\/2017\/01\/05\/presidente-maduro-reestructuro-gabinete-ejecutivo-para-contraofensiva-revolucionaria-2017-2018\/#primaryimage\"},\"thumbnailUrl\":\"https:\/\/www.mpppst.gob.ve\/mpppstweb\/wp-content\/uploads\/2017\/01\/Maduro.jpg\",\"keywords\":[\"Gobierno Bolivariano\"],\"articleSection\":[\"Gobierno Nacional\",\"Noticias\"],\"inLanguage\":\"es\"},{\"@type\":\"WebPage\",\"@id\":\"https:\/\/www.mpppst.gob.ve\/mpppstweb\/index.php\/2017\/01\/05\/presidente-maduro-reestructuro-gabinete-ejecutivo-para-contraofensiva-revolucionaria-2017-2018\/\",\"url\":\"https:\/\/www.mpppst.gob.ve\/mpppstweb\/index.php\/2017\/01\/05\/presidente-maduro-reestructuro-gabinete-ejecutivo-para-contraofensiva-revolucionaria-2017-2018\/\",\"name\":\"Presidente Maduro reestructur\u00f3 Gabinete Ejecutivo para contraofensiva revolucionaria 2017-2018 - MPPPST\",\"isPartOf\":{\"@id\":\"https:\/\/www.mpppst.gob.ve\/mpppstweb\/#website\"},\"primaryImageOfPage\":{\"@id\":\"https:\/\/www.mpppst.gob.ve\/mpppstweb\/index.php\/2017\/01\/05\/presidente-maduro-reestructuro-gabinete-ejecutivo-para-contraofensiva-revolucionaria-2017-2018\/#primaryimage\"},\"image\":{\"@id\":\"https:\/\/www.mpppst.gob.ve\/mpppstweb\/index.php\/2017\/01\/05\/presidente-maduro-reestructuro-gabinete-ejecutivo-para-contraofensiva-revolucionaria-2017-2018\/#primaryimage\"},\"thumbnailUrl\":\"https:\/\/www.mpppst.gob.ve\/mpppstweb\/wp-content\/uploads\/2017\/01\/Maduro.jpg\",\"datePublished\":\"2017-01-05T13:56:40+00:00\",\"dateModified\":\"2017-01-05T13:56:40+00:00\",\"breadcrumb\":{\"@id\":\"https:\/\/www.mpppst.gob.ve\/mpppstweb\/index.php\/2017\/01\/05\/presidente-maduro-reestructuro-gabinete-ejecutivo-para-contraofensiva-revolucionaria-2017-2018\/#breadcrumb\"},\"inLanguage\":\"es\",\"potentialAction\":[{\"@type\":\"ReadAction\",\"target\":[\"https:\/\/www.mpppst.gob.ve\/mpppstweb\/index.php\/2017\/01\/05\/presidente-maduro-reestructuro-gabinete-ejecutivo-para-contraofensiva-revolucionaria-2017-2018\/\"]}]},{\"@type\":\"ImageObject\",\"inLanguage\":\"es\",\"@id\":\"https:\/\/www.mpppst.gob.ve\/mpppstweb\/index.php\/2017\/01\/05\/presidente-maduro-reestructuro-gabinete-ejecutivo-para-contraofensiva-revolucionaria-2017-2018\/#primaryimage\",\"url\":\"https:\/\/www.mpppst.gob.ve\/mpppstweb\/wp-content\/uploads\/2017\/01\/Maduro.jpg\",\"contentUrl\":\"https:\/\/www.mpppst.gob.ve\/mpppstweb\/wp-content\/uploads\/2017\/01\/Maduro.jpg\",\"width\":800,\"height\":445},{\"@type\":\"BreadcrumbList\",\"@id\":\"https:\/\/www.mpppst.gob.ve\/mpppstweb\/index.php\/2017\/01\/05\/presidente-maduro-reestructuro-gabinete-ejecutivo-para-contraofensiva-revolucionaria-2017-2018\/#breadcrumb\",\"itemListElement\":[{\"@type\":\"ListItem\",\"position\":1,\"name\":\"Home\",\"item\":\"https:\/\/www.mpppst.gob.ve\/mpppstweb\/\"},{\"@type\":\"ListItem\",\"position\":2,\"name\":\"Presidente Maduro reestructur\u00f3 Gabinete Ejecutivo para contraofensiva revolucionaria 2017-2018\"}]},{\"@type\":\"WebSite\",\"@id\":\"https:\/\/www.mpppst.gob.ve\/mpppstweb\/#website\",\"url\":\"https:\/\/www.mpppst.gob.ve\/mpppstweb\/\",\"name\":\"MPPPST\",\"description\":\"Ministerio del Poder Popular para el Proceso Social de Trabajo\",\"publisher\":{\"@id\":\"https:\/\/www.mpppst.gob.ve\/mpppstweb\/#organization\"},\"potentialAction\":[{\"@type\":\"SearchAction\",\"target\":{\"@type\":\"EntryPoint\",\"urlTemplate\":\"https:\/\/www.mpppst.gob.ve\/mpppstweb\/?s={search_term_string}\"},\"query-input\":\"required name=search_term_string\"}],\"inLanguage\":\"es\"},{\"@type\":\"Organization\",\"@id\":\"https:\/\/www.mpppst.gob.ve\/mpppstweb\/#organization\",\"name\":\"mpppst\",\"url\":\"https:\/\/www.mpppst.gob.ve\/mpppstweb\/\",\"logo\":{\"@type\":\"ImageObject\",\"inLanguage\":\"es\",\"@id\":\"https:\/\/www.mpppst.gob.ve\/mpppstweb\/#\/schema\/logo\/image\/\",\"url\":\"https:\/\/www.mpppst.gob.ve\/mpppstweb\/wp-content\/uploads\/2025\/07\/cropped-cropped-g910.png\",\"contentUrl\":\"https:\/\/www.mpppst.gob.ve\/mpppstweb\/wp-content\/uploads\/2025\/07\/cropped-cropped-g910.png\",\"width\":1080,\"height\":241,\"caption\":\"mpppst\"},\"image\":{\"@id\":\"https:\/\/www.mpppst.gob.ve\/mpppstweb\/#\/schema\/logo\/image\/\"}},{\"@type\":\"Person\",\"@id\":\"https:\/\/www.mpppst.gob.ve\/mpppstweb\/#\/schema\/person\/fc187ee8ead412bd4c9304b62f900ea4\",\"name\":\"MPPPST Prensa\",\"url\":\"https:\/\/www.mpppst.gob.ve\/mpppstweb\/index.php\/author\/prensa-mpppst\/\"}]}<\/script>\n<!-- \/ Yoast SEO plugin. -->","yoast_head_json":{"title":"Presidente Maduro reestructur\u00f3 Gabinete Ejecutivo para contraofensiva revolucionaria 2017-2018 - MPPPST","robots":{"index":"index","follow":"follow","max-snippet":"max-snippet:-1","max-image-preview":"max-image-preview:large","max-video-preview":"max-video-preview:-1"},"canonical":"https:\/\/www.mpppst.gob.ve\/mpppstweb\/index.php\/2017\/01\/05\/presidente-maduro-reestructuro-gabinete-ejecutivo-para-contraofensiva-revolucionaria-2017-2018\/","og_locale":"es_ES","og_type":"article","og_title":"Presidente Maduro reestructur\u00f3 Gabinete Ejecutivo para contraofensiva revolucionaria 2017-2018 - MPPPST","og_description":"AVN.- Con el objetivo de impulsar un nuevo proceso de fortalecimiento de la Revoluci\u00f3n Bolivariana para &hellip; Presidente Maduro reestructur\u00f3 Gabinete Ejecutivo para contraofensiva revolucionaria 2017-2018Read more","og_url":"https:\/\/www.mpppst.gob.ve\/mpppstweb\/index.php\/2017\/01\/05\/presidente-maduro-reestructuro-gabinete-ejecutivo-para-contraofensiva-revolucionaria-2017-2018\/","og_site_name":"MPPPST","article_published_time":"2017-01-05T13:56:40+00:00","og_image":[{"width":800,"height":445,"url":"https:\/\/www.mpppst.gob.ve\/mpppstweb\/wp-content\/uploads\/2017\/01\/Maduro.jpg","type":"image\/jpeg"}],"author":"MPPPST Prensa","twitter_card":"summary_large_image","twitter_misc":{"Escrito por":"MPPPST Prensa","Tiempo de lectura":"4 minutos"},"schema":{"@context":"https:\/\/schema.org","@graph":[{"@type":"Article","@id":"https:\/\/www.mpppst.gob.ve\/mpppstweb\/index.php\/2017\/01\/05\/presidente-maduro-reestructuro-gabinete-ejecutivo-para-contraofensiva-revolucionaria-2017-2018\/#article","isPartOf":{"@id":"https:\/\/www.mpppst.gob.ve\/mpppstweb\/index.php\/2017\/01\/05\/presidente-maduro-reestructuro-gabinete-ejecutivo-para-contraofensiva-revolucionaria-2017-2018\/"},"author":{"name":"MPPPST Prensa","@id":"https:\/\/www.mpppst.gob.ve\/mpppstweb\/#\/schema\/person\/fc187ee8ead412bd4c9304b62f900ea4"},"headline":"Presidente Maduro reestructur\u00f3 Gabinete Ejecutivo para contraofensiva revolucionaria 2017-2018","datePublished":"2017-01-05T13:56:40+00:00","dateModified":"2017-01-05T13:56:40+00:00","mainEntityOfPage":{"@id":"https:\/\/www.mpppst.gob.ve\/mpppstweb\/index.php\/2017\/01\/05\/presidente-maduro-reestructuro-gabinete-ejecutivo-para-contraofensiva-revolucionaria-2017-2018\/"},"wordCount":838,"publisher":{"@id":"https:\/\/www.mpppst.gob.ve\/mpppstweb\/#organization"},"image":{"@id":"https:\/\/www.mpppst.gob.ve\/mpppstweb\/index.php\/2017\/01\/05\/presidente-maduro-reestructuro-gabinete-ejecutivo-para-contraofensiva-revolucionaria-2017-2018\/#primaryimage"},"thumbnailUrl":"https:\/\/www.mpppst.gob.ve\/mpppstweb\/wp-content\/uploads\/2017\/01\/Maduro.jpg","keywords":["Gobierno Bolivariano"],"articleSection":["Gobierno Nacional","Noticias"],"inLanguage":"es"},{"@type":"WebPage","@id":"https:\/\/www.mpppst.gob.ve\/mpppstweb\/index.php\/2017\/01\/05\/presidente-maduro-reestructuro-gabinete-ejecutivo-para-contraofensiva-revolucionaria-2017-2018\/","url":"https:\/\/www.mpppst.gob.ve\/mpppstweb\/index.php\/2017\/01\/05\/presidente-maduro-reestructuro-gabinete-ejecutivo-para-contraofensiva-revolucionaria-2017-2018\/","name":"Presidente Maduro reestructur\u00f3 Gabinete Ejecutivo para contraofensiva revolucionaria 2017-2018 - MPPPST","isPartOf":{"@id":"https:\/\/www.mpppst.gob.ve\/mpppstweb\/#website"},"primaryImageOfPage":{"@id":"https:\/\/www.mpppst.gob.ve\/mpppstweb\/index.php\/2017\/01\/05\/presidente-maduro-reestructuro-gabinete-ejecutivo-para-contraofensiva-revolucionaria-2017-2018\/#primaryimage"},"image":{"@id":"https:\/\/www.mpppst.gob.ve\/mpppstweb\/index.php\/2017\/01\/05\/presidente-maduro-reestructuro-gabinete-ejecutivo-para-contraofensiva-revolucionaria-2017-2018\/#primaryimage"},"thumbnailUrl":"https:\/\/www.mpppst.gob.ve\/mpppstweb\/wp-content\/uploads\/2017\/01\/Maduro.jpg","datePublished":"2017-01-05T13:56:40+00:00","dateModified":"2017-01-05T13:56:40+00:00","breadcrumb":{"@id":"https:\/\/www.mpppst.gob.ve\/mpppstweb\/index.php\/2017\/01\/05\/presidente-maduro-reestructuro-gabinete-ejecutivo-para-contraofensiva-revolucionaria-2017-2018\/#breadcrumb"},"inLanguage":"es","potentialAction":[{"@type":"ReadAction","target":["https:\/\/www.mpppst.gob.ve\/mpppstweb\/index.php\/2017\/01\/05\/presidente-maduro-reestructuro-gabinete-ejecutivo-para-contraofensiva-revolucionaria-2017-2018\/"]}]},{"@type":"ImageObject","inLanguage":"es","@id":"https:\/\/www.mpppst.gob.ve\/mpppstweb\/index.php\/2017\/01\/05\/presidente-maduro-reestructuro-gabinete-ejecutivo-para-contraofensiva-revolucionaria-2017-2018\/#primaryimage","url":"https:\/\/www.mpppst.gob.ve\/mpppstweb\/wp-content\/uploads\/2017\/01\/Maduro.jpg","contentUrl":"https:\/\/www.mpppst.gob.ve\/mpppstweb\/wp-content\/uploads\/2017\/01\/Maduro.jpg","width":800,"height":445},{"@type":"BreadcrumbList","@id":"https:\/\/www.mpppst.gob.ve\/mpppstweb\/index.php\/2017\/01\/05\/presidente-maduro-reestructuro-gabinete-ejecutivo-para-contraofensiva-revolucionaria-2017-2018\/#breadcrumb","itemListElement":[{"@type":"ListItem","position":1,"name":"Home","item":"https:\/\/www.mpppst.gob.ve\/mpppstweb\/"},{"@type":"ListItem","position":2,"name":"Presidente Maduro reestructur\u00f3 Gabinete Ejecutivo para contraofensiva revolucionaria 2017-2018"}]},{"@type":"WebSite","@id":"https:\/\/www.mpppst.gob.ve\/mpppstweb\/#website","url":"https:\/\/www.mpppst.gob.ve\/mpppstweb\/","name":"MPPPST","description":"Ministerio del Poder Popular para el Proceso Social de Trabajo","publisher":{"@id":"https:\/\/www.mpppst.gob.ve\/mpppstweb\/#organization"},"potentialAction":[{"@type":"SearchAction","target":{"@type":"EntryPoint","urlTemplate":"https:\/\/www.mpppst.gob.ve\/mpppstweb\/?s={search_term_string}"},"query-input":"required name=search_term_string"}],"inLanguage":"es"},{"@type":"Organization","@id":"https:\/\/www.mpppst.gob.ve\/mpppstweb\/#organization","name":"mpppst","url":"https:\/\/www.mpppst.gob.ve\/mpppstweb\/","logo":{"@type":"ImageObject","inLanguage":"es","@id":"https:\/\/www.mpppst.gob.ve\/mpppstweb\/#\/schema\/logo\/image\/","url":"https:\/\/www.mpppst.gob.ve\/mpppstweb\/wp-content\/uploads\/2025\/07\/cropped-cropped-g910.png","contentUrl":"https:\/\/www.mpppst.gob.ve\/mpppstweb\/wp-content\/uploads\/2025\/07\/cropped-cropped-g910.png","width":1080,"height":241,"caption":"mpppst"},"image":{"@id":"https:\/\/www.mpppst.gob.ve\/mpppstweb\/#\/schema\/logo\/image\/"}},{"@type":"Person","@id":"https:\/\/www.mpppst.gob.ve\/mpppstweb\/#\/schema\/person\/fc187ee8ead412bd4c9304b62f900ea4","name":"MPPPST Prensa","url":"https:\/\/www.mpppst.gob.ve\/mpppstweb\/index.php\/author\/prensa-mpppst\/"}]}},"_links":{"self":[{"href":"https:\/\/www.mpppst.gob.ve\/mpppstweb\/index.php\/wp-json\/wp\/v2\/posts\/9911"}],"collection":[{"href":"https:\/\/www.mpppst.gob.ve\/mpppstweb\/index.php\/wp-json\/wp\/v2\/posts"}],"about":[{"href":"https:\/\/www.mpppst.gob.ve\/mpppstweb\/index.php\/wp-json\/wp\/v2\/types\/post"}],"author":[{"embeddable":true,"href":"https:\/\/www.mpppst.gob.ve\/mpppstweb\/index.php\/wp-json\/wp\/v2\/users\/25"}],"replies":[{"embeddable":true,"href":"https:\/\/www.mpppst.gob.ve\/mpppstweb\/index.php\/wp-json\/wp\/v2\/comments?post=9911"}],"version-history":[{"count":2,"href":"https:\/\/www.mpppst.gob.ve\/mpppstweb\/index.php\/wp-json\/wp\/v2\/posts\/9911\/revisions"}],"predecessor-version":[{"id":9914,"href":"https:\/\/www.mpppst.gob.ve\/mpppstweb\/index.php\/wp-json\/wp\/v2\/posts\/9911\/revisions\/9914"}],"wp:featuredmedia":[{"embeddable":true,"href":"https:\/\/www.mpppst.gob.ve\/mpppstweb\/index.php\/wp-json\/wp\/v2\/media\/9912"}],"wp:attachment":[{"href":"https:\/\/www.mpppst.gob.ve\/mpppstweb\/index.php\/wp-json\/wp\/v2\/media?parent=9911"}],"wp:term":[{"taxonomy":"category","embeddable":true,"href":"https:\/\/www.mpppst.gob.ve\/mpppstweb\/index.php\/wp-json\/wp\/v2\/categories?post=9911"},{"taxonomy":"post_tag","embeddable":true,"href":"https:\/\/www.mpppst.gob.ve\/mpppstweb\/index.php\/wp-json\/wp\/v2\/tags?post=9911"}],"curies":[{"name":"wp","href":"https:\/\/api.w.org\/{rel}","templated":true}]}}