{"id":9915,"date":"2017-01-05T13:59:45","date_gmt":"2017-01-05T13:59:45","guid":{"rendered":"http:\/\/www.mpppst.gob.ve\/mpppstweb\/?p=9915"},"modified":"2017-01-05T13:59:45","modified_gmt":"2017-01-05T13:59:45","slug":"mas-de-3-mil-trabajadores-de-la-an-afectados-por-ineficiencia-de-ramos-allup","status":"publish","type":"post","link":"https:\/\/www.mpppst.gob.ve\/mpppstweb\/index.php\/2017\/01\/05\/mas-de-3-mil-trabajadores-de-la-an-afectados-por-ineficiencia-de-ramos-allup\/","title":{"rendered":"M\u00e1s de 3 mil trabajadores de la AN afectados por ineficiencia de Ramos Allup"},"content":{"rendered":"<div class=\"field field-name-field-cr-dito-de-la-noticia field-type-text field-label-hidden\">\n<div class=\"field-items\">\n<div class=\"field-item even\">Yvke Mundial<\/div>\n<\/div>\n<\/div>\n<div class=\"field field-name-body field-type-text-with-summary field-label-hidden\">\n<div class=\"field-items\">\n<div class=\"field-item even\">\n<p class=\"rtejustify\"><strong>Carlos Ar\u00e9valo, secretario general del sindicato de trabajadores de la Asamblea Nacional<\/strong>, encabez\u00f3 este mi\u00e9rcoles una manifestaci\u00f3n en demanda a unas deudas que no ha saldado la actual directiva del parlamento venezolano a sus trabajadores.<\/p>\n<p class=\"rtejustify\">Ar\u00e9valo detall\u00f3 que con esta acci\u00f3n m\u00e1s de 3 mil trabajadores del poder legislativo est\u00e1n siendo afectados, \u201cestaremos en huelga permanente, no desmayaremos\u201d.<\/p>\n<p class=\"rtejustify\">Manifest\u00f3 que el presidente del<strong> Parlamento, Ramos Allup<\/strong> incumpli\u00f3 todas las cl\u00e1usulas, demostrando su completa ineficiencia.<\/p>\n<p class=\"rtejustify\">El secretario general del sindicato de trabajadores de la AN resalt\u00f3 que reclaman deudas del a\u00f1o 2016 entre ellas, \u201cel ticket de juguetes, fiestas infantiles de fin de a\u00f1o, alimento, guarder\u00eda, uniformes de los ni\u00f1os y ni\u00f1as de los trabajadores, as\u00ed como el bono hallaquero\u201d.<\/p>\n<\/div>\n<\/div>\n<\/div>\n","protected":false},"excerpt":{"rendered":"<p>Yvke Mundial Carlos Ar\u00e9valo, secretario general del sindicato de trabajadores de la Asamblea Nacional, encabez\u00f3 este &hellip; <a title=\"M\u00e1s de 3 mil trabajadores de la AN afectados por ineficiencia de Ramos Allup\" class=\"hm-read-more\" href=\"https:\/\/www.mpppst.gob.ve\/mpppstweb\/index.php\/2017\/01\/05\/mas-de-3-mil-trabajadores-de-la-an-afectados-por-ineficiencia-de-ramos-allup\/\"><span class=\"screen-reader-text\">M\u00e1s de 3 mil trabajadores de la AN afectados por ineficiencia de Ramos Allup<\/span>Read more<\/a><\/p>\n","protected":false},"author":25,"featured_media":9916,"comment_status":"closed","ping_status":"closed","sticky":false,"template":"","format":"standard","meta":{"footnotes":""},"categories":[197,163],"tags":[225,222],"yoast_head":"<!-- This site is optimized with the Yoast SEO plugin v22.5 - https:\/\/yoast.com\/wordpress\/plugins\/seo\/ -->\n<title>M\u00e1s de 3 mil trabajadores de la AN afectados por ineficiencia de Ramos Allup - MPPPST<\/title>\n<meta name=\"robots\" content=\"index, follow, max-snippet:-1, max-image-preview:large, max-video-preview:-1\" \/>\n<link rel=\"canonical\" href=\"https:\/\/www.mpppst.gob.ve\/mpppstweb\/index.php\/2017\/01\/05\/mas-de-3-mil-trabajadores-de-la-an-afectados-por-ineficiencia-de-ramos-allup\/\" \/>\n<meta property=\"og:locale\" content=\"es_ES\" \/>\n<meta property=\"og:type\" content=\"article\" \/>\n<meta property=\"og:title\" content=\"M\u00e1s de 3 mil trabajadores de la AN afectados por ineficiencia de Ramos Allup - MPPPST\" \/>\n<meta property=\"og:description\" content=\"Yvke Mundial Carlos Ar\u00e9valo, secretario general del sindicato de trabajadores de la Asamblea Nacional, encabez\u00f3 este &hellip; M\u00e1s de 3 mil trabajadores de la AN afectados por ineficiencia de Ramos AllupRead more\" \/>\n<meta property=\"og:url\" content=\"https:\/\/www.mpppst.gob.ve\/mpppstweb\/index.php\/2017\/01\/05\/mas-de-3-mil-trabajadores-de-la-an-afectados-por-ineficiencia-de-ramos-allup\/\" \/>\n<meta property=\"og:site_name\" content=\"MPPPST\" \/>\n<meta property=\"article:published_time\" content=\"2017-01-05T13:59:45+00:00\" \/>\n<meta property=\"og:image\" content=\"https:\/\/www.mpppst.gob.ve\/mpppstweb\/wp-content\/uploads\/2017\/01\/img_41291483542434.jpg\" \/>\n\t<meta property=\"og:image:width\" content=\"800\" \/>\n\t<meta property=\"og:image:height\" content=\"445\" \/>\n\t<meta property=\"og:image:type\" content=\"image\/jpeg\" \/>\n<meta name=\"author\" content=\"MPPPST Prensa\" \/>\n<meta name=\"twitter:card\" content=\"summary_large_image\" \/>\n<meta name=\"twitter:label1\" content=\"Escrito por\" \/>\n\t<meta name=\"twitter:data1\" content=\"MPPPST Prensa\" \/>\n\t<meta name=\"twitter:label2\" content=\"Tiempo de lectura\" \/>\n\t<meta name=\"twitter:data2\" content=\"1 minuto\" \/>\n<script type=\"application\/ld+json\" class=\"yoast-schema-graph\">{\"@context\":\"https:\/\/schema.org\",\"@graph\":[{\"@type\":\"Article\",\"@id\":\"https:\/\/www.mpppst.gob.ve\/mpppstweb\/index.php\/2017\/01\/05\/mas-de-3-mil-trabajadores-de-la-an-afectados-por-ineficiencia-de-ramos-allup\/#article\",\"isPartOf\":{\"@id\":\"https:\/\/www.mpppst.gob.ve\/mpppstweb\/index.php\/2017\/01\/05\/mas-de-3-mil-trabajadores-de-la-an-afectados-por-ineficiencia-de-ramos-allup\/\"},\"author\":{\"name\":\"MPPPST Prensa\",\"@id\":\"https:\/\/www.mpppst.gob.ve\/mpppstweb\/#\/schema\/person\/fc187ee8ead412bd4c9304b62f900ea4\"},\"headline\":\"M\u00e1s de 3 mil trabajadores de la AN afectados por ineficiencia de Ramos Allup\",\"datePublished\":\"2017-01-05T13:59:45+00:00\",\"dateModified\":\"2017-01-05T13:59:45+00:00\",\"mainEntityOfPage\":{\"@id\":\"https:\/\/www.mpppst.gob.ve\/mpppstweb\/index.php\/2017\/01\/05\/mas-de-3-mil-trabajadores-de-la-an-afectados-por-ineficiencia-de-ramos-allup\/\"},\"wordCount\":146,\"publisher\":{\"@id\":\"https:\/\/www.mpppst.gob.ve\/mpppstweb\/#organization\"},\"image\":{\"@id\":\"https:\/\/www.mpppst.gob.ve\/mpppstweb\/index.php\/2017\/01\/05\/mas-de-3-mil-trabajadores-de-la-an-afectados-por-ineficiencia-de-ramos-allup\/#primaryimage\"},\"thumbnailUrl\":\"https:\/\/www.mpppst.gob.ve\/mpppstweb\/wp-content\/uploads\/2017\/01\/img_41291483542434.jpg\",\"keywords\":[\"Fuerza Laboral\",\"Gobierno Bolivariano\"],\"articleSection\":[\"Defensa de Trabajadores y Trabajadoras\",\"Noticias\"],\"inLanguage\":\"es\"},{\"@type\":\"WebPage\",\"@id\":\"https:\/\/www.mpppst.gob.ve\/mpppstweb\/index.php\/2017\/01\/05\/mas-de-3-mil-trabajadores-de-la-an-afectados-por-ineficiencia-de-ramos-allup\/\",\"url\":\"https:\/\/www.mpppst.gob.ve\/mpppstweb\/index.php\/2017\/01\/05\/mas-de-3-mil-trabajadores-de-la-an-afectados-por-ineficiencia-de-ramos-allup\/\",\"name\":\"M\u00e1s de 3 mil trabajadores de la AN afectados por ineficiencia de Ramos Allup - MPPPST\",\"isPartOf\":{\"@id\":\"https:\/\/www.mpppst.gob.ve\/mpppstweb\/#website\"},\"primaryImageOfPage\":{\"@id\":\"https:\/\/www.mpppst.gob.ve\/mpppstweb\/index.php\/2017\/01\/05\/mas-de-3-mil-trabajadores-de-la-an-afectados-por-ineficiencia-de-ramos-allup\/#primaryimage\"},\"image\":{\"@id\":\"https:\/\/www.mpppst.gob.ve\/mpppstweb\/index.php\/2017\/01\/05\/mas-de-3-mil-trabajadores-de-la-an-afectados-por-ineficiencia-de-ramos-allup\/#primaryimage\"},\"thumbnailUrl\":\"https:\/\/www.mpppst.gob.ve\/mpppstweb\/wp-content\/uploads\/2017\/01\/img_41291483542434.jpg\",\"datePublished\":\"2017-01-05T13:59:45+00:00\",\"dateModified\":\"2017-01-05T13:59:45+00:00\",\"breadcrumb\":{\"@id\":\"https:\/\/www.mpppst.gob.ve\/mpppstweb\/index.php\/2017\/01\/05\/mas-de-3-mil-trabajadores-de-la-an-afectados-por-ineficiencia-de-ramos-allup\/#breadcrumb\"},\"inLanguage\":\"es\",\"potentialAction\":[{\"@type\":\"ReadAction\",\"target\":[\"https:\/\/www.mpppst.gob.ve\/mpppstweb\/index.php\/2017\/01\/05\/mas-de-3-mil-trabajadores-de-la-an-afectados-por-ineficiencia-de-ramos-allup\/\"]}]},{\"@type\":\"ImageObject\",\"inLanguage\":\"es\",\"@id\":\"https:\/\/www.mpppst.gob.ve\/mpppstweb\/index.php\/2017\/01\/05\/mas-de-3-mil-trabajadores-de-la-an-afectados-por-ineficiencia-de-ramos-allup\/#primaryimage\",\"url\":\"https:\/\/www.mpppst.gob.ve\/mpppstweb\/wp-content\/uploads\/2017\/01\/img_41291483542434.jpg\",\"contentUrl\":\"https:\/\/www.mpppst.gob.ve\/mpppstweb\/wp-content\/uploads\/2017\/01\/img_41291483542434.jpg\",\"width\":800,\"height\":445},{\"@type\":\"BreadcrumbList\",\"@id\":\"https:\/\/www.mpppst.gob.ve\/mpppstweb\/index.php\/2017\/01\/05\/mas-de-3-mil-trabajadores-de-la-an-afectados-por-ineficiencia-de-ramos-allup\/#breadcrumb\",\"itemListElement\":[{\"@type\":\"ListItem\",\"position\":1,\"name\":\"Home\",\"item\":\"https:\/\/www.mpppst.gob.ve\/mpppstweb\/\"},{\"@type\":\"ListItem\",\"position\":2,\"name\":\"M\u00e1s de 3 mil trabajadores de la AN afectados por ineficiencia de Ramos Allup\"}]},{\"@type\":\"WebSite\",\"@id\":\"https:\/\/www.mpppst.gob.ve\/mpppstweb\/#website\",\"url\":\"https:\/\/www.mpppst.gob.ve\/mpppstweb\/\",\"name\":\"MPPPST\",\"description\":\"Ministerio del Poder Popular para el Proceso Social de Trabajo\",\"publisher\":{\"@id\":\"https:\/\/www.mpppst.gob.ve\/mpppstweb\/#organization\"},\"potentialAction\":[{\"@type\":\"SearchAction\",\"target\":{\"@type\":\"EntryPoint\",\"urlTemplate\":\"https:\/\/www.mpppst.gob.ve\/mpppstweb\/?s={search_term_string}\"},\"query-input\":\"required name=search_term_string\"}],\"inLanguage\":\"es\"},{\"@type\":\"Organization\",\"@id\":\"https:\/\/www.mpppst.gob.ve\/mpppstweb\/#organization\",\"name\":\"mpppst\",\"url\":\"https:\/\/www.mpppst.gob.ve\/mpppstweb\/\",\"logo\":{\"@type\":\"ImageObject\",\"inLanguage\":\"es\",\"@id\":\"https:\/\/www.mpppst.gob.ve\/mpppstweb\/#\/schema\/logo\/image\/\",\"url\":\"https:\/\/www.mpppst.gob.ve\/mpppstweb\/wp-content\/uploads\/2025\/07\/cropped-cropped-g910.png\",\"contentUrl\":\"https:\/\/www.mpppst.gob.ve\/mpppstweb\/wp-content\/uploads\/2025\/07\/cropped-cropped-g910.png\",\"width\":1080,\"height\":241,\"caption\":\"mpppst\"},\"image\":{\"@id\":\"https:\/\/www.mpppst.gob.ve\/mpppstweb\/#\/schema\/logo\/image\/\"}},{\"@type\":\"Person\",\"@id\":\"https:\/\/www.mpppst.gob.ve\/mpppstweb\/#\/schema\/person\/fc187ee8ead412bd4c9304b62f900ea4\",\"name\":\"MPPPST Prensa\",\"url\":\"https:\/\/www.mpppst.gob.ve\/mpppstweb\/index.php\/author\/prensa-mpppst\/\"}]}<\/script>\n<!-- \/ Yoast SEO plugin. -->","yoast_head_json":{"title":"M\u00e1s de 3 mil trabajadores de la AN afectados por ineficiencia de Ramos Allup - MPPPST","robots":{"index":"index","follow":"follow","max-snippet":"max-snippet:-1","max-image-preview":"max-image-preview:large","max-video-preview":"max-video-preview:-1"},"canonical":"https:\/\/www.mpppst.gob.ve\/mpppstweb\/index.php\/2017\/01\/05\/mas-de-3-mil-trabajadores-de-la-an-afectados-por-ineficiencia-de-ramos-allup\/","og_locale":"es_ES","og_type":"article","og_title":"M\u00e1s de 3 mil trabajadores de la AN afectados por ineficiencia de Ramos Allup - MPPPST","og_description":"Yvke Mundial Carlos Ar\u00e9valo, secretario general del sindicato de trabajadores de la Asamblea Nacional, encabez\u00f3 este &hellip; M\u00e1s de 3 mil trabajadores de la AN afectados por ineficiencia de Ramos AllupRead more","og_url":"https:\/\/www.mpppst.gob.ve\/mpppstweb\/index.php\/2017\/01\/05\/mas-de-3-mil-trabajadores-de-la-an-afectados-por-ineficiencia-de-ramos-allup\/","og_site_name":"MPPPST","article_published_time":"2017-01-05T13:59:45+00:00","og_image":[{"width":800,"height":445,"url":"https:\/\/www.mpppst.gob.ve\/mpppstweb\/wp-content\/uploads\/2017\/01\/img_41291483542434.jpg","type":"image\/jpeg"}],"author":"MPPPST Prensa","twitter_card":"summary_large_image","twitter_misc":{"Escrito por":"MPPPST Prensa","Tiempo de lectura":"1 minuto"},"schema":{"@context":"https:\/\/schema.org","@graph":[{"@type":"Article","@id":"https:\/\/www.mpppst.gob.ve\/mpppstweb\/index.php\/2017\/01\/05\/mas-de-3-mil-trabajadores-de-la-an-afectados-por-ineficiencia-de-ramos-allup\/#article","isPartOf":{"@id":"https:\/\/www.mpppst.gob.ve\/mpppstweb\/index.php\/2017\/01\/05\/mas-de-3-mil-trabajadores-de-la-an-afectados-por-ineficiencia-de-ramos-allup\/"},"author":{"name":"MPPPST Prensa","@id":"https:\/\/www.mpppst.gob.ve\/mpppstweb\/#\/schema\/person\/fc187ee8ead412bd4c9304b62f900ea4"},"headline":"M\u00e1s de 3 mil trabajadores de la AN afectados por ineficiencia de Ramos Allup","datePublished":"2017-01-05T13:59:45+00:00","dateModified":"2017-01-05T13:59:45+00:00","mainEntityOfPage":{"@id":"https:\/\/www.mpppst.gob.ve\/mpppstweb\/index.php\/2017\/01\/05\/mas-de-3-mil-trabajadores-de-la-an-afectados-por-ineficiencia-de-ramos-allup\/"},"wordCount":146,"publisher":{"@id":"https:\/\/www.mpppst.gob.ve\/mpppstweb\/#organization"},"image":{"@id":"https:\/\/www.mpppst.gob.ve\/mpppstweb\/index.php\/2017\/01\/05\/mas-de-3-mil-trabajadores-de-la-an-afectados-por-ineficiencia-de-ramos-allup\/#primaryimage"},"thumbnailUrl":"https:\/\/www.mpppst.gob.ve\/mpppstweb\/wp-content\/uploads\/2017\/01\/img_41291483542434.jpg","keywords":["Fuerza Laboral","Gobierno Bolivariano"],"articleSection":["Defensa de Trabajadores y Trabajadoras","Noticias"],"inLanguage":"es"},{"@type":"WebPage","@id":"https:\/\/www.mpppst.gob.ve\/mpppstweb\/index.php\/2017\/01\/05\/mas-de-3-mil-trabajadores-de-la-an-afectados-por-ineficiencia-de-ramos-allup\/","url":"https:\/\/www.mpppst.gob.ve\/mpppstweb\/index.php\/2017\/01\/05\/mas-de-3-mil-trabajadores-de-la-an-afectados-por-ineficiencia-de-ramos-allup\/","name":"M\u00e1s de 3 mil trabajadores de la AN afectados por ineficiencia de Ramos Allup - MPPPST","isPartOf":{"@id":"https:\/\/www.mpppst.gob.ve\/mpppstweb\/#website"},"primaryImageOfPage":{"@id":"https:\/\/www.mpppst.gob.ve\/mpppstweb\/index.php\/2017\/01\/05\/mas-de-3-mil-trabajadores-de-la-an-afectados-por-ineficiencia-de-ramos-allup\/#primaryimage"},"image":{"@id":"https:\/\/www.mpppst.gob.ve\/mpppstweb\/index.php\/2017\/01\/05\/mas-de-3-mil-trabajadores-de-la-an-afectados-por-ineficiencia-de-ramos-allup\/#primaryimage"},"thumbnailUrl":"https:\/\/www.mpppst.gob.ve\/mpppstweb\/wp-content\/uploads\/2017\/01\/img_41291483542434.jpg","datePublished":"2017-01-05T13:59:45+00:00","dateModified":"2017-01-05T13:59:45+00:00","breadcrumb":{"@id":"https:\/\/www.mpppst.gob.ve\/mpppstweb\/index.php\/2017\/01\/05\/mas-de-3-mil-trabajadores-de-la-an-afectados-por-ineficiencia-de-ramos-allup\/#breadcrumb"},"inLanguage":"es","potentialAction":[{"@type":"ReadAction","target":["https:\/\/www.mpppst.gob.ve\/mpppstweb\/index.php\/2017\/01\/05\/mas-de-3-mil-trabajadores-de-la-an-afectados-por-ineficiencia-de-ramos-allup\/"]}]},{"@type":"ImageObject","inLanguage":"es","@id":"https:\/\/www.mpppst.gob.ve\/mpppstweb\/index.php\/2017\/01\/05\/mas-de-3-mil-trabajadores-de-la-an-afectados-por-ineficiencia-de-ramos-allup\/#primaryimage","url":"https:\/\/www.mpppst.gob.ve\/mpppstweb\/wp-content\/uploads\/2017\/01\/img_41291483542434.jpg","contentUrl":"https:\/\/www.mpppst.gob.ve\/mpppstweb\/wp-content\/uploads\/2017\/01\/img_41291483542434.jpg","width":800,"height":445},{"@type":"BreadcrumbList","@id":"https:\/\/www.mpppst.gob.ve\/mpppstweb\/index.php\/2017\/01\/05\/mas-de-3-mil-trabajadores-de-la-an-afectados-por-ineficiencia-de-ramos-allup\/#breadcrumb","itemListElement":[{"@type":"ListItem","position":1,"name":"Home","item":"https:\/\/www.mpppst.gob.ve\/mpppstweb\/"},{"@type":"ListItem","position":2,"name":"M\u00e1s de 3 mil trabajadores de la AN afectados por ineficiencia de Ramos Allup"}]},{"@type":"WebSite","@id":"https:\/\/www.mpppst.gob.ve\/mpppstweb\/#website","url":"https:\/\/www.mpppst.gob.ve\/mpppstweb\/","name":"MPPPST","description":"Ministerio del Poder Popular para el Proceso Social de Trabajo","publisher":{"@id":"https:\/\/www.mpppst.gob.ve\/mpppstweb\/#organization"},"potentialAction":[{"@type":"SearchAction","target":{"@type":"EntryPoint","urlTemplate":"https:\/\/www.mpppst.gob.ve\/mpppstweb\/?s={search_term_string}"},"query-input":"required name=search_term_string"}],"inLanguage":"es"},{"@type":"Organization","@id":"https:\/\/www.mpppst.gob.ve\/mpppstweb\/#organization","name":"mpppst","url":"https:\/\/www.mpppst.gob.ve\/mpppstweb\/","logo":{"@type":"ImageObject","inLanguage":"es","@id":"https:\/\/www.mpppst.gob.ve\/mpppstweb\/#\/schema\/logo\/image\/","url":"https:\/\/www.mpppst.gob.ve\/mpppstweb\/wp-content\/uploads\/2025\/07\/cropped-cropped-g910.png","contentUrl":"https:\/\/www.mpppst.gob.ve\/mpppstweb\/wp-content\/uploads\/2025\/07\/cropped-cropped-g910.png","width":1080,"height":241,"caption":"mpppst"},"image":{"@id":"https:\/\/www.mpppst.gob.ve\/mpppstweb\/#\/schema\/logo\/image\/"}},{"@type":"Person","@id":"https:\/\/www.mpppst.gob.ve\/mpppstweb\/#\/schema\/person\/fc187ee8ead412bd4c9304b62f900ea4","name":"MPPPST Prensa","url":"https:\/\/www.mpppst.gob.ve\/mpppstweb\/index.php\/author\/prensa-mpppst\/"}]}},"_links":{"self":[{"href":"https:\/\/www.mpppst.gob.ve\/mpppstweb\/index.php\/wp-json\/wp\/v2\/posts\/9915"}],"collection":[{"href":"https:\/\/www.mpppst.gob.ve\/mpppstweb\/index.php\/wp-json\/wp\/v2\/posts"}],"about":[{"href":"https:\/\/www.mpppst.gob.ve\/mpppstweb\/index.php\/wp-json\/wp\/v2\/types\/post"}],"author":[{"embeddable":true,"href":"https:\/\/www.mpppst.gob.ve\/mpppstweb\/index.php\/wp-json\/wp\/v2\/users\/25"}],"replies":[{"embeddable":true,"href":"https:\/\/www.mpppst.gob.ve\/mpppstweb\/index.php\/wp-json\/wp\/v2\/comments?post=9915"}],"version-history":[{"count":1,"href":"https:\/\/www.mpppst.gob.ve\/mpppstweb\/index.php\/wp-json\/wp\/v2\/posts\/9915\/revisions"}],"predecessor-version":[{"id":9917,"href":"https:\/\/www.mpppst.gob.ve\/mpppstweb\/index.php\/wp-json\/wp\/v2\/posts\/9915\/revisions\/9917"}],"wp:featuredmedia":[{"embeddable":true,"href":"https:\/\/www.mpppst.gob.ve\/mpppstweb\/index.php\/wp-json\/wp\/v2\/media\/9916"}],"wp:attachment":[{"href":"https:\/\/www.mpppst.gob.ve\/mpppstweb\/index.php\/wp-json\/wp\/v2\/media?parent=9915"}],"wp:term":[{"taxonomy":"category","embeddable":true,"href":"https:\/\/www.mpppst.gob.ve\/mpppstweb\/index.php\/wp-json\/wp\/v2\/categories?post=9915"},{"taxonomy":"post_tag","embeddable":true,"href":"https:\/\/www.mpppst.gob.ve\/mpppstweb\/index.php\/wp-json\/wp\/v2\/tags?post=9915"}],"curies":[{"name":"wp","href":"https:\/\/api.w.org\/{rel}","templated":true}]}}