{"id":9921,"date":"2017-01-05T17:48:21","date_gmt":"2017-01-05T17:48:21","guid":{"rendered":"http:\/\/www.mpppst.gob.ve\/mpppstweb\/?p=9921"},"modified":"2017-01-05T17:48:21","modified_gmt":"2017-01-05T17:48:21","slug":"anuncios-realizados-por-el-primer-mandatario-nacional","status":"publish","type":"post","link":"https:\/\/www.mpppst.gob.ve\/mpppstweb\/index.php\/2017\/01\/05\/anuncios-realizados-por-el-primer-mandatario-nacional\/","title":{"rendered":"Anuncios realizados por el Primer Mandatario Nacional:"},"content":{"rendered":"<p>* Ordena la b\u00fasqueda por Cielo, Mar y Tierra de las personas que se encontraban a bordo del Helic\u00f3ptero Desaparecido en el estado Bol\u00edvar.<\/p>\n<p>* Expres\u00f3 que el Diputado de la MUD Julio Borges se comprometi\u00f3 con acatar las \u00f3rdenes del TSJ.<\/p>\n<p>* La Asamblea Nacional va rumbo a la Auto &#8211; disoluci\u00f3n y a la convocatoria a Nuevas Elecciones.<\/p>\n<p>* El a\u00f1o 2017 va a ser el a\u00f1o de la Recuperaci\u00f3n, expansi\u00f3n y de la contra ofensiva Econ\u00f3mica, para ganar la Paz Social y vencer a los grupos Para-militarizados y por la Seguridad.<\/p>\n<p>* Continuar el crecimiento y fortalecimiento del Sistema de Misiones para que lleguen a las catacumbas a abrazar el Pueblo.<\/p>\n<p>* No aceptar\u00e1 m\u00e1s excusas, sobre las obras p\u00fablicas inconclusas, todas las obras que han iniciado deben de culminarse.<\/p>\n<p>* Inicio de una Gran Jornada de Carnetizaci\u00f3n para fortalecer el Nuevo Poder Popular desde el 20 hasta el 22 de Enero, el cual se llevar\u00e1 a cabo en Todas las Plazas Bol\u00edvar del pa\u00eds.<\/p>\n<p>* Ser ejemplo de Organizaci\u00f3n en todo el Mundo, implementar una nueva etapa del Gobierno de Calle.<\/p>\n<p>* Aplicar nuevas formas de Comunicaci\u00f3n, por redes y medios de comunicaciones.<\/p>\n<p>* Renovaci\u00f3n del Gabinete Ejecutivo\u00a0 designando a las siguientes autoridades, quienes deben garantizar el logro de los objetivos de la Agenda Ofensiva Carabobo:<\/p>\n<p>a.- Profesor Ram\u00f3n Lobo Vicepresidente Sectorial de Econom\u00eda y Ministro de Econom\u00eda y Finanzas.<\/p>\n<p>b.- Nelson Mart\u00ednez (Presidente de Citgo)\u00a0 Ministro de Petroleo.<\/p>\n<p>c.- Ratificado como Presidente de Pdvsa a Eulogio del Pino, quien debe de reestructurar toda la Directiva de la empresa estatal venezolana.<\/p>\n<p>d.- Tareck El Aissami Nuevo Vicepresidente Ejecutivo, a quien le ordena luchar por el tema de seguridad, depuracion de las Polic\u00edas y En Contra los Terroristas.<\/p>\n<p>f.- Arist\u00f3bulo Ist\u00fariz, Vicepresidente del Socialismo Territorial y Ministro de las Comunas y Movimientos Sociales.<\/p>\n<p>g.- El\u00edas Jaua Nuevo Vicepresidente del Desarrollo Social y Revoluci\u00f3n de las Misiones y Ministro de Educaci\u00f3n.<\/p>\n<p>h.- El Gobernador Adan Ch\u00e1vez Ministro para la Cultura.<\/p>\n<p>i.- Antonieta Capporale Ministra para la Salud.<\/p>\n<p>j.- Francisco Torrealba Ministro del Trabajo.<\/p>\n<p>k.- Hugbel Roa Ministro de Educaci\u00f3n Universitaria, Ciencia y Tecnolog\u00eda.<\/p>\n<p>L.- Erika Far\u00edas Ministra para la Agricultura Urbana.<\/p>\n<p>m.- Coronel de la Aviaci\u00f3n Ram\u00f3n Celestino Vel\u00e1squez Ministro de Ecosocialismo y Agua.<\/p>\n<p>n.- Almirante de la Armada C\u00e9sar Alberto Salazar Coll Ministro de Transporte y Obras P\u00fablicas.<\/p>\n<p>o.- Ratifica Carlos Osorio como Presidente de la Misi\u00f3n Transporte.<\/p>\n<p>p.- Carmen Mel\u00e9ndez Vicepresidenta de Soberan\u00eda Pol\u00edtica, Seguridad y Paz, y Ratificada como Ministra del Despacho de la Presidencia.<\/p>\n<p>* Jorge Arreaza cumplir\u00e1 funciones Diplom\u00e1ticas.<\/p>\n<p>* Todos los Ministros deben darle un nuevo concepto a los Ministerios, darle un verdadero significado de poder popular, tienen que dar respuesta al pueblo, lo cual no se ha logrado todavia.<\/p>\n<p>* Alert\u00f3 los peligros del portal You Tube, considerando que debe de regularse y se debe Contrarrestar la Guerra Cultura que existe en contra de los j\u00f3venes en las redes sociales.<\/p>\n<p>* En los Pr\u00f3ximos D\u00edas la Compa\u00f1\u00eda de Movilnet estar\u00e1 realizando el lanzamiento de la Tecnolog\u00eda 4G.<\/p>\n<p>* Resolver de manera total y definitiva el abastecimiento de las Medicinas y Repotenciar el servicio del 0800 Salud.<\/p>\n<p>* Aprueba 300 mil millones de bol\u00edvares para la ejecuci\u00f3n del Plan Especial de Obras P\u00f9blicas.<\/p>\n<p>Anuncia las siguientes Actividades:<\/p>\n<p>1.- 09ENE2017, Encuentro Nacional de Empresarios del Pa\u00eds en Marco de los 15 Motores de la Agenda Econ\u00f3mica y la Nueva Estructura de la Agenda Econ\u00f3mica.<\/p>\n<p>2.- 10ENE2017, Conmemoraci\u00f3n del paso a la Inmortalidad de Ezequiel Zamora, con un Ejercicio de la FANB en el estado Cojedes.<\/p>\n<p>3.- 14ENE2017, se llevar\u00e1 a cabo a Nivel Nacional el Gran Ejercicio de Acci\u00f3n Integral Antiimperialista \u00abZamora 200\u00bb.<\/p>\n","protected":false},"excerpt":{"rendered":"<p>* Ordena la b\u00fasqueda por Cielo, Mar y Tierra de las personas que se encontraban a &hellip; <a title=\"Anuncios realizados por el Primer Mandatario Nacional:\" class=\"hm-read-more\" href=\"https:\/\/www.mpppst.gob.ve\/mpppstweb\/index.php\/2017\/01\/05\/anuncios-realizados-por-el-primer-mandatario-nacional\/\"><span class=\"screen-reader-text\">Anuncios realizados por el Primer Mandatario Nacional:<\/span>Read more<\/a><\/p>\n","protected":false},"author":25,"featured_media":9922,"comment_status":"closed","ping_status":"closed","sticky":false,"template":"","format":"standard","meta":{"footnotes":""},"categories":[82,163],"tags":[229,222,240],"yoast_head":"<!-- This site is optimized with the Yoast SEO plugin v22.5 - https:\/\/yoast.com\/wordpress\/plugins\/seo\/ -->\n<title>Anuncios realizados por el Primer Mandatario Nacional: - MPPPST<\/title>\n<meta name=\"robots\" content=\"index, follow, max-snippet:-1, max-image-preview:large, max-video-preview:-1\" \/>\n<link rel=\"canonical\" href=\"https:\/\/www.mpppst.gob.ve\/mpppstweb\/index.php\/2017\/01\/05\/anuncios-realizados-por-el-primer-mandatario-nacional\/\" \/>\n<meta property=\"og:locale\" content=\"es_ES\" \/>\n<meta property=\"og:type\" content=\"article\" \/>\n<meta property=\"og:title\" content=\"Anuncios realizados por el Primer Mandatario Nacional: - MPPPST\" \/>\n<meta property=\"og:description\" content=\"* Ordena la b\u00fasqueda por Cielo, Mar y Tierra de las personas que se encontraban a &hellip; Anuncios realizados por el Primer Mandatario Nacional:Read more\" \/>\n<meta property=\"og:url\" content=\"https:\/\/www.mpppst.gob.ve\/mpppstweb\/index.php\/2017\/01\/05\/anuncios-realizados-por-el-primer-mandatario-nacional\/\" \/>\n<meta property=\"og:site_name\" content=\"MPPPST\" \/>\n<meta property=\"article:published_time\" content=\"2017-01-05T17:48:21+00:00\" \/>\n<meta property=\"og:image\" content=\"https:\/\/www.mpppst.gob.ve\/mpppstweb\/wp-content\/uploads\/2017\/01\/maduro.jpg\" \/>\n\t<meta property=\"og:image:width\" content=\"800\" \/>\n\t<meta property=\"og:image:height\" content=\"445\" \/>\n\t<meta property=\"og:image:type\" content=\"image\/jpeg\" \/>\n<meta name=\"author\" content=\"MPPPST Prensa\" \/>\n<meta name=\"twitter:card\" content=\"summary_large_image\" \/>\n<meta name=\"twitter:label1\" content=\"Escrito por\" \/>\n\t<meta name=\"twitter:data1\" content=\"MPPPST Prensa\" \/>\n\t<meta name=\"twitter:label2\" content=\"Tiempo de lectura\" \/>\n\t<meta name=\"twitter:data2\" content=\"3 minutos\" \/>\n<script type=\"application\/ld+json\" class=\"yoast-schema-graph\">{\"@context\":\"https:\/\/schema.org\",\"@graph\":[{\"@type\":\"Article\",\"@id\":\"https:\/\/www.mpppst.gob.ve\/mpppstweb\/index.php\/2017\/01\/05\/anuncios-realizados-por-el-primer-mandatario-nacional\/#article\",\"isPartOf\":{\"@id\":\"https:\/\/www.mpppst.gob.ve\/mpppstweb\/index.php\/2017\/01\/05\/anuncios-realizados-por-el-primer-mandatario-nacional\/\"},\"author\":{\"name\":\"MPPPST Prensa\",\"@id\":\"https:\/\/www.mpppst.gob.ve\/mpppstweb\/#\/schema\/person\/fc187ee8ead412bd4c9304b62f900ea4\"},\"headline\":\"Anuncios realizados por el Primer Mandatario Nacional:\",\"datePublished\":\"2017-01-05T17:48:21+00:00\",\"dateModified\":\"2017-01-05T17:48:21+00:00\",\"mainEntityOfPage\":{\"@id\":\"https:\/\/www.mpppst.gob.ve\/mpppstweb\/index.php\/2017\/01\/05\/anuncios-realizados-por-el-primer-mandatario-nacional\/\"},\"wordCount\":663,\"publisher\":{\"@id\":\"https:\/\/www.mpppst.gob.ve\/mpppstweb\/#organization\"},\"image\":{\"@id\":\"https:\/\/www.mpppst.gob.ve\/mpppstweb\/index.php\/2017\/01\/05\/anuncios-realizados-por-el-primer-mandatario-nacional\/#primaryimage\"},\"thumbnailUrl\":\"https:\/\/www.mpppst.gob.ve\/mpppstweb\/wp-content\/uploads\/2017\/01\/maduro.jpg\",\"keywords\":[\"Defensa Integral\",\"Gobierno Bolivariano\",\"Participaci\u00f3n popular y protag\u00f3nica\"],\"articleSection\":[\"Gobierno Nacional\",\"Noticias\"],\"inLanguage\":\"es\"},{\"@type\":\"WebPage\",\"@id\":\"https:\/\/www.mpppst.gob.ve\/mpppstweb\/index.php\/2017\/01\/05\/anuncios-realizados-por-el-primer-mandatario-nacional\/\",\"url\":\"https:\/\/www.mpppst.gob.ve\/mpppstweb\/index.php\/2017\/01\/05\/anuncios-realizados-por-el-primer-mandatario-nacional\/\",\"name\":\"Anuncios realizados por el Primer Mandatario Nacional: - MPPPST\",\"isPartOf\":{\"@id\":\"https:\/\/www.mpppst.gob.ve\/mpppstweb\/#website\"},\"primaryImageOfPage\":{\"@id\":\"https:\/\/www.mpppst.gob.ve\/mpppstweb\/index.php\/2017\/01\/05\/anuncios-realizados-por-el-primer-mandatario-nacional\/#primaryimage\"},\"image\":{\"@id\":\"https:\/\/www.mpppst.gob.ve\/mpppstweb\/index.php\/2017\/01\/05\/anuncios-realizados-por-el-primer-mandatario-nacional\/#primaryimage\"},\"thumbnailUrl\":\"https:\/\/www.mpppst.gob.ve\/mpppstweb\/wp-content\/uploads\/2017\/01\/maduro.jpg\",\"datePublished\":\"2017-01-05T17:48:21+00:00\",\"dateModified\":\"2017-01-05T17:48:21+00:00\",\"breadcrumb\":{\"@id\":\"https:\/\/www.mpppst.gob.ve\/mpppstweb\/index.php\/2017\/01\/05\/anuncios-realizados-por-el-primer-mandatario-nacional\/#breadcrumb\"},\"inLanguage\":\"es\",\"potentialAction\":[{\"@type\":\"ReadAction\",\"target\":[\"https:\/\/www.mpppst.gob.ve\/mpppstweb\/index.php\/2017\/01\/05\/anuncios-realizados-por-el-primer-mandatario-nacional\/\"]}]},{\"@type\":\"ImageObject\",\"inLanguage\":\"es\",\"@id\":\"https:\/\/www.mpppst.gob.ve\/mpppstweb\/index.php\/2017\/01\/05\/anuncios-realizados-por-el-primer-mandatario-nacional\/#primaryimage\",\"url\":\"https:\/\/www.mpppst.gob.ve\/mpppstweb\/wp-content\/uploads\/2017\/01\/maduro.jpg\",\"contentUrl\":\"https:\/\/www.mpppst.gob.ve\/mpppstweb\/wp-content\/uploads\/2017\/01\/maduro.jpg\",\"width\":800,\"height\":445},{\"@type\":\"BreadcrumbList\",\"@id\":\"https:\/\/www.mpppst.gob.ve\/mpppstweb\/index.php\/2017\/01\/05\/anuncios-realizados-por-el-primer-mandatario-nacional\/#breadcrumb\",\"itemListElement\":[{\"@type\":\"ListItem\",\"position\":1,\"name\":\"Home\",\"item\":\"https:\/\/www.mpppst.gob.ve\/mpppstweb\/\"},{\"@type\":\"ListItem\",\"position\":2,\"name\":\"Anuncios realizados por el Primer Mandatario Nacional:\"}]},{\"@type\":\"WebSite\",\"@id\":\"https:\/\/www.mpppst.gob.ve\/mpppstweb\/#website\",\"url\":\"https:\/\/www.mpppst.gob.ve\/mpppstweb\/\",\"name\":\"MPPPST\",\"description\":\"Ministerio del Poder Popular para el Proceso Social de Trabajo\",\"publisher\":{\"@id\":\"https:\/\/www.mpppst.gob.ve\/mpppstweb\/#organization\"},\"potentialAction\":[{\"@type\":\"SearchAction\",\"target\":{\"@type\":\"EntryPoint\",\"urlTemplate\":\"https:\/\/www.mpppst.gob.ve\/mpppstweb\/?s={search_term_string}\"},\"query-input\":\"required name=search_term_string\"}],\"inLanguage\":\"es\"},{\"@type\":\"Organization\",\"@id\":\"https:\/\/www.mpppst.gob.ve\/mpppstweb\/#organization\",\"name\":\"mpppst\",\"url\":\"https:\/\/www.mpppst.gob.ve\/mpppstweb\/\",\"logo\":{\"@type\":\"ImageObject\",\"inLanguage\":\"es\",\"@id\":\"https:\/\/www.mpppst.gob.ve\/mpppstweb\/#\/schema\/logo\/image\/\",\"url\":\"https:\/\/www.mpppst.gob.ve\/mpppstweb\/wp-content\/uploads\/2025\/07\/cropped-cropped-g910.png\",\"contentUrl\":\"https:\/\/www.mpppst.gob.ve\/mpppstweb\/wp-content\/uploads\/2025\/07\/cropped-cropped-g910.png\",\"width\":1080,\"height\":241,\"caption\":\"mpppst\"},\"image\":{\"@id\":\"https:\/\/www.mpppst.gob.ve\/mpppstweb\/#\/schema\/logo\/image\/\"}},{\"@type\":\"Person\",\"@id\":\"https:\/\/www.mpppst.gob.ve\/mpppstweb\/#\/schema\/person\/fc187ee8ead412bd4c9304b62f900ea4\",\"name\":\"MPPPST Prensa\",\"url\":\"https:\/\/www.mpppst.gob.ve\/mpppstweb\/index.php\/author\/prensa-mpppst\/\"}]}<\/script>\n<!-- \/ Yoast SEO plugin. -->","yoast_head_json":{"title":"Anuncios realizados por el Primer Mandatario Nacional: - MPPPST","robots":{"index":"index","follow":"follow","max-snippet":"max-snippet:-1","max-image-preview":"max-image-preview:large","max-video-preview":"max-video-preview:-1"},"canonical":"https:\/\/www.mpppst.gob.ve\/mpppstweb\/index.php\/2017\/01\/05\/anuncios-realizados-por-el-primer-mandatario-nacional\/","og_locale":"es_ES","og_type":"article","og_title":"Anuncios realizados por el Primer Mandatario Nacional: - MPPPST","og_description":"* Ordena la b\u00fasqueda por Cielo, Mar y Tierra de las personas que se encontraban a &hellip; Anuncios realizados por el Primer Mandatario Nacional:Read more","og_url":"https:\/\/www.mpppst.gob.ve\/mpppstweb\/index.php\/2017\/01\/05\/anuncios-realizados-por-el-primer-mandatario-nacional\/","og_site_name":"MPPPST","article_published_time":"2017-01-05T17:48:21+00:00","og_image":[{"width":800,"height":445,"url":"https:\/\/www.mpppst.gob.ve\/mpppstweb\/wp-content\/uploads\/2017\/01\/maduro.jpg","type":"image\/jpeg"}],"author":"MPPPST Prensa","twitter_card":"summary_large_image","twitter_misc":{"Escrito por":"MPPPST Prensa","Tiempo de lectura":"3 minutos"},"schema":{"@context":"https:\/\/schema.org","@graph":[{"@type":"Article","@id":"https:\/\/www.mpppst.gob.ve\/mpppstweb\/index.php\/2017\/01\/05\/anuncios-realizados-por-el-primer-mandatario-nacional\/#article","isPartOf":{"@id":"https:\/\/www.mpppst.gob.ve\/mpppstweb\/index.php\/2017\/01\/05\/anuncios-realizados-por-el-primer-mandatario-nacional\/"},"author":{"name":"MPPPST Prensa","@id":"https:\/\/www.mpppst.gob.ve\/mpppstweb\/#\/schema\/person\/fc187ee8ead412bd4c9304b62f900ea4"},"headline":"Anuncios realizados por el Primer Mandatario Nacional:","datePublished":"2017-01-05T17:48:21+00:00","dateModified":"2017-01-05T17:48:21+00:00","mainEntityOfPage":{"@id":"https:\/\/www.mpppst.gob.ve\/mpppstweb\/index.php\/2017\/01\/05\/anuncios-realizados-por-el-primer-mandatario-nacional\/"},"wordCount":663,"publisher":{"@id":"https:\/\/www.mpppst.gob.ve\/mpppstweb\/#organization"},"image":{"@id":"https:\/\/www.mpppst.gob.ve\/mpppstweb\/index.php\/2017\/01\/05\/anuncios-realizados-por-el-primer-mandatario-nacional\/#primaryimage"},"thumbnailUrl":"https:\/\/www.mpppst.gob.ve\/mpppstweb\/wp-content\/uploads\/2017\/01\/maduro.jpg","keywords":["Defensa Integral","Gobierno Bolivariano","Participaci\u00f3n popular y protag\u00f3nica"],"articleSection":["Gobierno Nacional","Noticias"],"inLanguage":"es"},{"@type":"WebPage","@id":"https:\/\/www.mpppst.gob.ve\/mpppstweb\/index.php\/2017\/01\/05\/anuncios-realizados-por-el-primer-mandatario-nacional\/","url":"https:\/\/www.mpppst.gob.ve\/mpppstweb\/index.php\/2017\/01\/05\/anuncios-realizados-por-el-primer-mandatario-nacional\/","name":"Anuncios realizados por el Primer Mandatario Nacional: - MPPPST","isPartOf":{"@id":"https:\/\/www.mpppst.gob.ve\/mpppstweb\/#website"},"primaryImageOfPage":{"@id":"https:\/\/www.mpppst.gob.ve\/mpppstweb\/index.php\/2017\/01\/05\/anuncios-realizados-por-el-primer-mandatario-nacional\/#primaryimage"},"image":{"@id":"https:\/\/www.mpppst.gob.ve\/mpppstweb\/index.php\/2017\/01\/05\/anuncios-realizados-por-el-primer-mandatario-nacional\/#primaryimage"},"thumbnailUrl":"https:\/\/www.mpppst.gob.ve\/mpppstweb\/wp-content\/uploads\/2017\/01\/maduro.jpg","datePublished":"2017-01-05T17:48:21+00:00","dateModified":"2017-01-05T17:48:21+00:00","breadcrumb":{"@id":"https:\/\/www.mpppst.gob.ve\/mpppstweb\/index.php\/2017\/01\/05\/anuncios-realizados-por-el-primer-mandatario-nacional\/#breadcrumb"},"inLanguage":"es","potentialAction":[{"@type":"ReadAction","target":["https:\/\/www.mpppst.gob.ve\/mpppstweb\/index.php\/2017\/01\/05\/anuncios-realizados-por-el-primer-mandatario-nacional\/"]}]},{"@type":"ImageObject","inLanguage":"es","@id":"https:\/\/www.mpppst.gob.ve\/mpppstweb\/index.php\/2017\/01\/05\/anuncios-realizados-por-el-primer-mandatario-nacional\/#primaryimage","url":"https:\/\/www.mpppst.gob.ve\/mpppstweb\/wp-content\/uploads\/2017\/01\/maduro.jpg","contentUrl":"https:\/\/www.mpppst.gob.ve\/mpppstweb\/wp-content\/uploads\/2017\/01\/maduro.jpg","width":800,"height":445},{"@type":"BreadcrumbList","@id":"https:\/\/www.mpppst.gob.ve\/mpppstweb\/index.php\/2017\/01\/05\/anuncios-realizados-por-el-primer-mandatario-nacional\/#breadcrumb","itemListElement":[{"@type":"ListItem","position":1,"name":"Home","item":"https:\/\/www.mpppst.gob.ve\/mpppstweb\/"},{"@type":"ListItem","position":2,"name":"Anuncios realizados por el Primer Mandatario Nacional:"}]},{"@type":"WebSite","@id":"https:\/\/www.mpppst.gob.ve\/mpppstweb\/#website","url":"https:\/\/www.mpppst.gob.ve\/mpppstweb\/","name":"MPPPST","description":"Ministerio del Poder Popular para el Proceso Social de Trabajo","publisher":{"@id":"https:\/\/www.mpppst.gob.ve\/mpppstweb\/#organization"},"potentialAction":[{"@type":"SearchAction","target":{"@type":"EntryPoint","urlTemplate":"https:\/\/www.mpppst.gob.ve\/mpppstweb\/?s={search_term_string}"},"query-input":"required name=search_term_string"}],"inLanguage":"es"},{"@type":"Organization","@id":"https:\/\/www.mpppst.gob.ve\/mpppstweb\/#organization","name":"mpppst","url":"https:\/\/www.mpppst.gob.ve\/mpppstweb\/","logo":{"@type":"ImageObject","inLanguage":"es","@id":"https:\/\/www.mpppst.gob.ve\/mpppstweb\/#\/schema\/logo\/image\/","url":"https:\/\/www.mpppst.gob.ve\/mpppstweb\/wp-content\/uploads\/2025\/07\/cropped-cropped-g910.png","contentUrl":"https:\/\/www.mpppst.gob.ve\/mpppstweb\/wp-content\/uploads\/2025\/07\/cropped-cropped-g910.png","width":1080,"height":241,"caption":"mpppst"},"image":{"@id":"https:\/\/www.mpppst.gob.ve\/mpppstweb\/#\/schema\/logo\/image\/"}},{"@type":"Person","@id":"https:\/\/www.mpppst.gob.ve\/mpppstweb\/#\/schema\/person\/fc187ee8ead412bd4c9304b62f900ea4","name":"MPPPST Prensa","url":"https:\/\/www.mpppst.gob.ve\/mpppstweb\/index.php\/author\/prensa-mpppst\/"}]}},"_links":{"self":[{"href":"https:\/\/www.mpppst.gob.ve\/mpppstweb\/index.php\/wp-json\/wp\/v2\/posts\/9921"}],"collection":[{"href":"https:\/\/www.mpppst.gob.ve\/mpppstweb\/index.php\/wp-json\/wp\/v2\/posts"}],"about":[{"href":"https:\/\/www.mpppst.gob.ve\/mpppstweb\/index.php\/wp-json\/wp\/v2\/types\/post"}],"author":[{"embeddable":true,"href":"https:\/\/www.mpppst.gob.ve\/mpppstweb\/index.php\/wp-json\/wp\/v2\/users\/25"}],"replies":[{"embeddable":true,"href":"https:\/\/www.mpppst.gob.ve\/mpppstweb\/index.php\/wp-json\/wp\/v2\/comments?post=9921"}],"version-history":[{"count":1,"href":"https:\/\/www.mpppst.gob.ve\/mpppstweb\/index.php\/wp-json\/wp\/v2\/posts\/9921\/revisions"}],"predecessor-version":[{"id":9923,"href":"https:\/\/www.mpppst.gob.ve\/mpppstweb\/index.php\/wp-json\/wp\/v2\/posts\/9921\/revisions\/9923"}],"wp:featuredmedia":[{"embeddable":true,"href":"https:\/\/www.mpppst.gob.ve\/mpppstweb\/index.php\/wp-json\/wp\/v2\/media\/9922"}],"wp:attachment":[{"href":"https:\/\/www.mpppst.gob.ve\/mpppstweb\/index.php\/wp-json\/wp\/v2\/media?parent=9921"}],"wp:term":[{"taxonomy":"category","embeddable":true,"href":"https:\/\/www.mpppst.gob.ve\/mpppstweb\/index.php\/wp-json\/wp\/v2\/categories?post=9921"},{"taxonomy":"post_tag","embeddable":true,"href":"https:\/\/www.mpppst.gob.ve\/mpppstweb\/index.php\/wp-json\/wp\/v2\/tags?post=9921"}],"curies":[{"name":"wp","href":"https:\/\/api.w.org\/{rel}","templated":true}]}}