{"id":9931,"date":"2017-01-06T16:10:43","date_gmt":"2017-01-06T16:10:43","guid":{"rendered":"http:\/\/www.mpppst.gob.ve\/mpppstweb\/?p=9931"},"modified":"2017-01-06T16:10:43","modified_gmt":"2017-01-06T16:10:43","slug":"bloque-de-la-patria-solicito-al-tsj-nulidad-de-directiva-de-la-an","status":"publish","type":"post","link":"https:\/\/www.mpppst.gob.ve\/mpppstweb\/index.php\/2017\/01\/06\/bloque-de-la-patria-solicito-al-tsj-nulidad-de-directiva-de-la-an\/","title":{"rendered":"Bloque de la Patria solicit\u00f3 al TSJ nulidad de directiva de la AN"},"content":{"rendered":"<div class=\"cuerpo\">\n<div class=\"contenido\">\n<div>\n<p>AVN.- El Bloque de la Patria introdujo este viernes un recurso ante el Tribunal Supremo de Justicia (TSJ) para solicitar la nulidad de la actual directiva de la Asamblea Nacional (AN), elegida este jueves, aun cuando el Poder Legislativo se mantiene en desacato a la Constituci\u00f3n.<\/p>\n<p>\u00abHoy hemos venido al Tribunal Supremo de Justicia para que declare la ilegalidad, la nulidad, la inconstitucionalidad de la actual directiva. Un pseudo intento de nombrar una directiva pero sin acatar las sentencia del TSJ, sin retirar a quienes fueron candidatos por el estado Amazonas y cometieron fraude electoral\u00bb, indic\u00f3 este viernes el jefe de la bancada socialista, H\u00e9ctor Rodr\u00edguez.<\/p>\n<p>Durante una transmisi\u00f3n de Venezolana de Televisi\u00f3n, destac\u00f3 que la derecha, para poder nombrar la nueva directiva, deb\u00eda acatar la sentencia que ordenaba la desincorporaci\u00f3n de los tres diputados del estado Amazonas, cuya elecci\u00f3n el 6 de diciembre de 2015 fue impugnada por irregularidades.<\/p>\n<p>\u00abEl primer problema que ten\u00edan que resolver, quienes aspiran a dirigir una Asamblea Nacional, es c\u00f3mo salen de su situaci\u00f3n de desacato y asum\u00edan lo que hab\u00edan ellos mismo firmado en la mesa de di\u00e1logo (&#8230;) ellos firmaron acatar las sentencias del TSJ y ponerse a derecho, donde firmaron trabajar en conjunto con el Gobierno Nacional para acabar con el boicot y el sabotaje econ\u00f3mico\u00bb, explic\u00f3.<\/p>\n<p>En ese sentido, hizo un llamado a los dirigentes de la Mesa de la Unidad Democr\u00e1tica (MUD) a no volver a cometer los mismos errores durante el ejercicio parlamentario de 2016 para el beneficio del pueblo venezolano.<\/p>\n<p>\u00abEl a\u00f1o 2016 fue un a\u00f1o perdido para la Asamblea Nacional, una Asamblea Nacional que fue in\u00fatil para la mayor\u00eda de los venezolanos, 60 % de las oportunidades la bancada de la oposici\u00f3n no asisti\u00f3, no cumpli\u00f3 con el qu\u00f3rum requerido\u00bb, manifest\u00f3.<\/p>\n<p>Con el recurso, el Bloque de la Patria tambi\u00e9n solicita que se declaren nulos todos los actos que pueda realizar el Parlamento hasta que retomen el hilo constitucional.<\/p>\n<\/div>\n<\/div>\n<\/div>\n<div class=\"contenedor-fecha-hora clearfix\"><\/div>\n","protected":false},"excerpt":{"rendered":"<p>AVN.- El Bloque de la Patria introdujo este viernes un recurso ante el Tribunal Supremo de &hellip; <a title=\"Bloque de la Patria solicit\u00f3 al TSJ nulidad de directiva de la AN\" class=\"hm-read-more\" href=\"https:\/\/www.mpppst.gob.ve\/mpppstweb\/index.php\/2017\/01\/06\/bloque-de-la-patria-solicito-al-tsj-nulidad-de-directiva-de-la-an\/\"><span class=\"screen-reader-text\">Bloque de la Patria solicit\u00f3 al TSJ nulidad de directiva de la AN<\/span>Read more<\/a><\/p>\n","protected":false},"author":25,"featured_media":9932,"comment_status":"closed","ping_status":"closed","sticky":false,"template":"","format":"standard","meta":{"footnotes":""},"categories":[82,163],"tags":[222],"yoast_head":"<!-- This site is optimized with the Yoast SEO plugin v22.5 - https:\/\/yoast.com\/wordpress\/plugins\/seo\/ -->\n<title>Bloque de la Patria solicit\u00f3 al TSJ nulidad de directiva de la AN - MPPPST<\/title>\n<meta name=\"robots\" content=\"index, follow, max-snippet:-1, max-image-preview:large, max-video-preview:-1\" \/>\n<link rel=\"canonical\" href=\"https:\/\/www.mpppst.gob.ve\/mpppstweb\/index.php\/2017\/01\/06\/bloque-de-la-patria-solicito-al-tsj-nulidad-de-directiva-de-la-an\/\" \/>\n<meta property=\"og:locale\" content=\"es_ES\" \/>\n<meta property=\"og:type\" content=\"article\" \/>\n<meta property=\"og:title\" content=\"Bloque de la Patria solicit\u00f3 al TSJ nulidad de directiva de la AN - MPPPST\" \/>\n<meta property=\"og:description\" content=\"AVN.- El Bloque de la Patria introdujo este viernes un recurso ante el Tribunal Supremo de &hellip; Bloque de la Patria solicit\u00f3 al TSJ nulidad de directiva de la ANRead more\" \/>\n<meta property=\"og:url\" content=\"https:\/\/www.mpppst.gob.ve\/mpppstweb\/index.php\/2017\/01\/06\/bloque-de-la-patria-solicito-al-tsj-nulidad-de-directiva-de-la-an\/\" \/>\n<meta property=\"og:site_name\" content=\"MPPPST\" \/>\n<meta property=\"article:published_time\" content=\"2017-01-06T16:10:43+00:00\" \/>\n<meta property=\"og:image\" content=\"https:\/\/www.mpppst.gob.ve\/mpppstweb\/wp-content\/uploads\/2017\/01\/13ea5e542b1743ce8ec5019d8ede8bd1.jpg\" \/>\n\t<meta property=\"og:image:width\" content=\"800\" \/>\n\t<meta property=\"og:image:height\" content=\"445\" \/>\n\t<meta property=\"og:image:type\" content=\"image\/jpeg\" \/>\n<meta name=\"author\" content=\"MPPPST Prensa\" \/>\n<meta name=\"twitter:card\" content=\"summary_large_image\" \/>\n<meta name=\"twitter:label1\" content=\"Escrito por\" \/>\n\t<meta name=\"twitter:data1\" content=\"MPPPST Prensa\" \/>\n\t<meta name=\"twitter:label2\" content=\"Tiempo de lectura\" \/>\n\t<meta name=\"twitter:data2\" content=\"2 minutos\" \/>\n<script type=\"application\/ld+json\" class=\"yoast-schema-graph\">{\"@context\":\"https:\/\/schema.org\",\"@graph\":[{\"@type\":\"Article\",\"@id\":\"https:\/\/www.mpppst.gob.ve\/mpppstweb\/index.php\/2017\/01\/06\/bloque-de-la-patria-solicito-al-tsj-nulidad-de-directiva-de-la-an\/#article\",\"isPartOf\":{\"@id\":\"https:\/\/www.mpppst.gob.ve\/mpppstweb\/index.php\/2017\/01\/06\/bloque-de-la-patria-solicito-al-tsj-nulidad-de-directiva-de-la-an\/\"},\"author\":{\"name\":\"MPPPST Prensa\",\"@id\":\"https:\/\/www.mpppst.gob.ve\/mpppstweb\/#\/schema\/person\/fc187ee8ead412bd4c9304b62f900ea4\"},\"headline\":\"Bloque de la Patria solicit\u00f3 al TSJ nulidad de directiva de la AN\",\"datePublished\":\"2017-01-06T16:10:43+00:00\",\"dateModified\":\"2017-01-06T16:10:43+00:00\",\"mainEntityOfPage\":{\"@id\":\"https:\/\/www.mpppst.gob.ve\/mpppstweb\/index.php\/2017\/01\/06\/bloque-de-la-patria-solicito-al-tsj-nulidad-de-directiva-de-la-an\/\"},\"wordCount\":353,\"publisher\":{\"@id\":\"https:\/\/www.mpppst.gob.ve\/mpppstweb\/#organization\"},\"image\":{\"@id\":\"https:\/\/www.mpppst.gob.ve\/mpppstweb\/index.php\/2017\/01\/06\/bloque-de-la-patria-solicito-al-tsj-nulidad-de-directiva-de-la-an\/#primaryimage\"},\"thumbnailUrl\":\"https:\/\/www.mpppst.gob.ve\/mpppstweb\/wp-content\/uploads\/2017\/01\/13ea5e542b1743ce8ec5019d8ede8bd1.jpg\",\"keywords\":[\"Gobierno Bolivariano\"],\"articleSection\":[\"Gobierno Nacional\",\"Noticias\"],\"inLanguage\":\"es\"},{\"@type\":\"WebPage\",\"@id\":\"https:\/\/www.mpppst.gob.ve\/mpppstweb\/index.php\/2017\/01\/06\/bloque-de-la-patria-solicito-al-tsj-nulidad-de-directiva-de-la-an\/\",\"url\":\"https:\/\/www.mpppst.gob.ve\/mpppstweb\/index.php\/2017\/01\/06\/bloque-de-la-patria-solicito-al-tsj-nulidad-de-directiva-de-la-an\/\",\"name\":\"Bloque de la Patria solicit\u00f3 al TSJ nulidad de directiva de la AN - MPPPST\",\"isPartOf\":{\"@id\":\"https:\/\/www.mpppst.gob.ve\/mpppstweb\/#website\"},\"primaryImageOfPage\":{\"@id\":\"https:\/\/www.mpppst.gob.ve\/mpppstweb\/index.php\/2017\/01\/06\/bloque-de-la-patria-solicito-al-tsj-nulidad-de-directiva-de-la-an\/#primaryimage\"},\"image\":{\"@id\":\"https:\/\/www.mpppst.gob.ve\/mpppstweb\/index.php\/2017\/01\/06\/bloque-de-la-patria-solicito-al-tsj-nulidad-de-directiva-de-la-an\/#primaryimage\"},\"thumbnailUrl\":\"https:\/\/www.mpppst.gob.ve\/mpppstweb\/wp-content\/uploads\/2017\/01\/13ea5e542b1743ce8ec5019d8ede8bd1.jpg\",\"datePublished\":\"2017-01-06T16:10:43+00:00\",\"dateModified\":\"2017-01-06T16:10:43+00:00\",\"breadcrumb\":{\"@id\":\"https:\/\/www.mpppst.gob.ve\/mpppstweb\/index.php\/2017\/01\/06\/bloque-de-la-patria-solicito-al-tsj-nulidad-de-directiva-de-la-an\/#breadcrumb\"},\"inLanguage\":\"es\",\"potentialAction\":[{\"@type\":\"ReadAction\",\"target\":[\"https:\/\/www.mpppst.gob.ve\/mpppstweb\/index.php\/2017\/01\/06\/bloque-de-la-patria-solicito-al-tsj-nulidad-de-directiva-de-la-an\/\"]}]},{\"@type\":\"ImageObject\",\"inLanguage\":\"es\",\"@id\":\"https:\/\/www.mpppst.gob.ve\/mpppstweb\/index.php\/2017\/01\/06\/bloque-de-la-patria-solicito-al-tsj-nulidad-de-directiva-de-la-an\/#primaryimage\",\"url\":\"https:\/\/www.mpppst.gob.ve\/mpppstweb\/wp-content\/uploads\/2017\/01\/13ea5e542b1743ce8ec5019d8ede8bd1.jpg\",\"contentUrl\":\"https:\/\/www.mpppst.gob.ve\/mpppstweb\/wp-content\/uploads\/2017\/01\/13ea5e542b1743ce8ec5019d8ede8bd1.jpg\",\"width\":800,\"height\":445},{\"@type\":\"BreadcrumbList\",\"@id\":\"https:\/\/www.mpppst.gob.ve\/mpppstweb\/index.php\/2017\/01\/06\/bloque-de-la-patria-solicito-al-tsj-nulidad-de-directiva-de-la-an\/#breadcrumb\",\"itemListElement\":[{\"@type\":\"ListItem\",\"position\":1,\"name\":\"Home\",\"item\":\"https:\/\/www.mpppst.gob.ve\/mpppstweb\/\"},{\"@type\":\"ListItem\",\"position\":2,\"name\":\"Bloque de la Patria solicit\u00f3 al TSJ nulidad de directiva de la AN\"}]},{\"@type\":\"WebSite\",\"@id\":\"https:\/\/www.mpppst.gob.ve\/mpppstweb\/#website\",\"url\":\"https:\/\/www.mpppst.gob.ve\/mpppstweb\/\",\"name\":\"MPPPST\",\"description\":\"Ministerio del Poder Popular para el Proceso Social de Trabajo\",\"publisher\":{\"@id\":\"https:\/\/www.mpppst.gob.ve\/mpppstweb\/#organization\"},\"potentialAction\":[{\"@type\":\"SearchAction\",\"target\":{\"@type\":\"EntryPoint\",\"urlTemplate\":\"https:\/\/www.mpppst.gob.ve\/mpppstweb\/?s={search_term_string}\"},\"query-input\":\"required name=search_term_string\"}],\"inLanguage\":\"es\"},{\"@type\":\"Organization\",\"@id\":\"https:\/\/www.mpppst.gob.ve\/mpppstweb\/#organization\",\"name\":\"mpppst\",\"url\":\"https:\/\/www.mpppst.gob.ve\/mpppstweb\/\",\"logo\":{\"@type\":\"ImageObject\",\"inLanguage\":\"es\",\"@id\":\"https:\/\/www.mpppst.gob.ve\/mpppstweb\/#\/schema\/logo\/image\/\",\"url\":\"https:\/\/www.mpppst.gob.ve\/mpppstweb\/wp-content\/uploads\/2025\/07\/cropped-cropped-g910.png\",\"contentUrl\":\"https:\/\/www.mpppst.gob.ve\/mpppstweb\/wp-content\/uploads\/2025\/07\/cropped-cropped-g910.png\",\"width\":1080,\"height\":241,\"caption\":\"mpppst\"},\"image\":{\"@id\":\"https:\/\/www.mpppst.gob.ve\/mpppstweb\/#\/schema\/logo\/image\/\"}},{\"@type\":\"Person\",\"@id\":\"https:\/\/www.mpppst.gob.ve\/mpppstweb\/#\/schema\/person\/fc187ee8ead412bd4c9304b62f900ea4\",\"name\":\"MPPPST Prensa\",\"url\":\"https:\/\/www.mpppst.gob.ve\/mpppstweb\/index.php\/author\/prensa-mpppst\/\"}]}<\/script>\n<!-- \/ Yoast SEO plugin. -->","yoast_head_json":{"title":"Bloque de la Patria solicit\u00f3 al TSJ nulidad de directiva de la AN - MPPPST","robots":{"index":"index","follow":"follow","max-snippet":"max-snippet:-1","max-image-preview":"max-image-preview:large","max-video-preview":"max-video-preview:-1"},"canonical":"https:\/\/www.mpppst.gob.ve\/mpppstweb\/index.php\/2017\/01\/06\/bloque-de-la-patria-solicito-al-tsj-nulidad-de-directiva-de-la-an\/","og_locale":"es_ES","og_type":"article","og_title":"Bloque de la Patria solicit\u00f3 al TSJ nulidad de directiva de la AN - MPPPST","og_description":"AVN.- El Bloque de la Patria introdujo este viernes un recurso ante el Tribunal Supremo de &hellip; Bloque de la Patria solicit\u00f3 al TSJ nulidad de directiva de la ANRead more","og_url":"https:\/\/www.mpppst.gob.ve\/mpppstweb\/index.php\/2017\/01\/06\/bloque-de-la-patria-solicito-al-tsj-nulidad-de-directiva-de-la-an\/","og_site_name":"MPPPST","article_published_time":"2017-01-06T16:10:43+00:00","og_image":[{"width":800,"height":445,"url":"https:\/\/www.mpppst.gob.ve\/mpppstweb\/wp-content\/uploads\/2017\/01\/13ea5e542b1743ce8ec5019d8ede8bd1.jpg","type":"image\/jpeg"}],"author":"MPPPST Prensa","twitter_card":"summary_large_image","twitter_misc":{"Escrito por":"MPPPST Prensa","Tiempo de lectura":"2 minutos"},"schema":{"@context":"https:\/\/schema.org","@graph":[{"@type":"Article","@id":"https:\/\/www.mpppst.gob.ve\/mpppstweb\/index.php\/2017\/01\/06\/bloque-de-la-patria-solicito-al-tsj-nulidad-de-directiva-de-la-an\/#article","isPartOf":{"@id":"https:\/\/www.mpppst.gob.ve\/mpppstweb\/index.php\/2017\/01\/06\/bloque-de-la-patria-solicito-al-tsj-nulidad-de-directiva-de-la-an\/"},"author":{"name":"MPPPST Prensa","@id":"https:\/\/www.mpppst.gob.ve\/mpppstweb\/#\/schema\/person\/fc187ee8ead412bd4c9304b62f900ea4"},"headline":"Bloque de la Patria solicit\u00f3 al TSJ nulidad de directiva de la AN","datePublished":"2017-01-06T16:10:43+00:00","dateModified":"2017-01-06T16:10:43+00:00","mainEntityOfPage":{"@id":"https:\/\/www.mpppst.gob.ve\/mpppstweb\/index.php\/2017\/01\/06\/bloque-de-la-patria-solicito-al-tsj-nulidad-de-directiva-de-la-an\/"},"wordCount":353,"publisher":{"@id":"https:\/\/www.mpppst.gob.ve\/mpppstweb\/#organization"},"image":{"@id":"https:\/\/www.mpppst.gob.ve\/mpppstweb\/index.php\/2017\/01\/06\/bloque-de-la-patria-solicito-al-tsj-nulidad-de-directiva-de-la-an\/#primaryimage"},"thumbnailUrl":"https:\/\/www.mpppst.gob.ve\/mpppstweb\/wp-content\/uploads\/2017\/01\/13ea5e542b1743ce8ec5019d8ede8bd1.jpg","keywords":["Gobierno Bolivariano"],"articleSection":["Gobierno Nacional","Noticias"],"inLanguage":"es"},{"@type":"WebPage","@id":"https:\/\/www.mpppst.gob.ve\/mpppstweb\/index.php\/2017\/01\/06\/bloque-de-la-patria-solicito-al-tsj-nulidad-de-directiva-de-la-an\/","url":"https:\/\/www.mpppst.gob.ve\/mpppstweb\/index.php\/2017\/01\/06\/bloque-de-la-patria-solicito-al-tsj-nulidad-de-directiva-de-la-an\/","name":"Bloque de la Patria solicit\u00f3 al TSJ nulidad de directiva de la AN - MPPPST","isPartOf":{"@id":"https:\/\/www.mpppst.gob.ve\/mpppstweb\/#website"},"primaryImageOfPage":{"@id":"https:\/\/www.mpppst.gob.ve\/mpppstweb\/index.php\/2017\/01\/06\/bloque-de-la-patria-solicito-al-tsj-nulidad-de-directiva-de-la-an\/#primaryimage"},"image":{"@id":"https:\/\/www.mpppst.gob.ve\/mpppstweb\/index.php\/2017\/01\/06\/bloque-de-la-patria-solicito-al-tsj-nulidad-de-directiva-de-la-an\/#primaryimage"},"thumbnailUrl":"https:\/\/www.mpppst.gob.ve\/mpppstweb\/wp-content\/uploads\/2017\/01\/13ea5e542b1743ce8ec5019d8ede8bd1.jpg","datePublished":"2017-01-06T16:10:43+00:00","dateModified":"2017-01-06T16:10:43+00:00","breadcrumb":{"@id":"https:\/\/www.mpppst.gob.ve\/mpppstweb\/index.php\/2017\/01\/06\/bloque-de-la-patria-solicito-al-tsj-nulidad-de-directiva-de-la-an\/#breadcrumb"},"inLanguage":"es","potentialAction":[{"@type":"ReadAction","target":["https:\/\/www.mpppst.gob.ve\/mpppstweb\/index.php\/2017\/01\/06\/bloque-de-la-patria-solicito-al-tsj-nulidad-de-directiva-de-la-an\/"]}]},{"@type":"ImageObject","inLanguage":"es","@id":"https:\/\/www.mpppst.gob.ve\/mpppstweb\/index.php\/2017\/01\/06\/bloque-de-la-patria-solicito-al-tsj-nulidad-de-directiva-de-la-an\/#primaryimage","url":"https:\/\/www.mpppst.gob.ve\/mpppstweb\/wp-content\/uploads\/2017\/01\/13ea5e542b1743ce8ec5019d8ede8bd1.jpg","contentUrl":"https:\/\/www.mpppst.gob.ve\/mpppstweb\/wp-content\/uploads\/2017\/01\/13ea5e542b1743ce8ec5019d8ede8bd1.jpg","width":800,"height":445},{"@type":"BreadcrumbList","@id":"https:\/\/www.mpppst.gob.ve\/mpppstweb\/index.php\/2017\/01\/06\/bloque-de-la-patria-solicito-al-tsj-nulidad-de-directiva-de-la-an\/#breadcrumb","itemListElement":[{"@type":"ListItem","position":1,"name":"Home","item":"https:\/\/www.mpppst.gob.ve\/mpppstweb\/"},{"@type":"ListItem","position":2,"name":"Bloque de la Patria solicit\u00f3 al TSJ nulidad de directiva de la AN"}]},{"@type":"WebSite","@id":"https:\/\/www.mpppst.gob.ve\/mpppstweb\/#website","url":"https:\/\/www.mpppst.gob.ve\/mpppstweb\/","name":"MPPPST","description":"Ministerio del Poder Popular para el Proceso Social de Trabajo","publisher":{"@id":"https:\/\/www.mpppst.gob.ve\/mpppstweb\/#organization"},"potentialAction":[{"@type":"SearchAction","target":{"@type":"EntryPoint","urlTemplate":"https:\/\/www.mpppst.gob.ve\/mpppstweb\/?s={search_term_string}"},"query-input":"required name=search_term_string"}],"inLanguage":"es"},{"@type":"Organization","@id":"https:\/\/www.mpppst.gob.ve\/mpppstweb\/#organization","name":"mpppst","url":"https:\/\/www.mpppst.gob.ve\/mpppstweb\/","logo":{"@type":"ImageObject","inLanguage":"es","@id":"https:\/\/www.mpppst.gob.ve\/mpppstweb\/#\/schema\/logo\/image\/","url":"https:\/\/www.mpppst.gob.ve\/mpppstweb\/wp-content\/uploads\/2025\/07\/cropped-cropped-g910.png","contentUrl":"https:\/\/www.mpppst.gob.ve\/mpppstweb\/wp-content\/uploads\/2025\/07\/cropped-cropped-g910.png","width":1080,"height":241,"caption":"mpppst"},"image":{"@id":"https:\/\/www.mpppst.gob.ve\/mpppstweb\/#\/schema\/logo\/image\/"}},{"@type":"Person","@id":"https:\/\/www.mpppst.gob.ve\/mpppstweb\/#\/schema\/person\/fc187ee8ead412bd4c9304b62f900ea4","name":"MPPPST Prensa","url":"https:\/\/www.mpppst.gob.ve\/mpppstweb\/index.php\/author\/prensa-mpppst\/"}]}},"_links":{"self":[{"href":"https:\/\/www.mpppst.gob.ve\/mpppstweb\/index.php\/wp-json\/wp\/v2\/posts\/9931"}],"collection":[{"href":"https:\/\/www.mpppst.gob.ve\/mpppstweb\/index.php\/wp-json\/wp\/v2\/posts"}],"about":[{"href":"https:\/\/www.mpppst.gob.ve\/mpppstweb\/index.php\/wp-json\/wp\/v2\/types\/post"}],"author":[{"embeddable":true,"href":"https:\/\/www.mpppst.gob.ve\/mpppstweb\/index.php\/wp-json\/wp\/v2\/users\/25"}],"replies":[{"embeddable":true,"href":"https:\/\/www.mpppst.gob.ve\/mpppstweb\/index.php\/wp-json\/wp\/v2\/comments?post=9931"}],"version-history":[{"count":1,"href":"https:\/\/www.mpppst.gob.ve\/mpppstweb\/index.php\/wp-json\/wp\/v2\/posts\/9931\/revisions"}],"predecessor-version":[{"id":9933,"href":"https:\/\/www.mpppst.gob.ve\/mpppstweb\/index.php\/wp-json\/wp\/v2\/posts\/9931\/revisions\/9933"}],"wp:featuredmedia":[{"embeddable":true,"href":"https:\/\/www.mpppst.gob.ve\/mpppstweb\/index.php\/wp-json\/wp\/v2\/media\/9932"}],"wp:attachment":[{"href":"https:\/\/www.mpppst.gob.ve\/mpppstweb\/index.php\/wp-json\/wp\/v2\/media?parent=9931"}],"wp:term":[{"taxonomy":"category","embeddable":true,"href":"https:\/\/www.mpppst.gob.ve\/mpppstweb\/index.php\/wp-json\/wp\/v2\/categories?post=9931"},{"taxonomy":"post_tag","embeddable":true,"href":"https:\/\/www.mpppst.gob.ve\/mpppstweb\/index.php\/wp-json\/wp\/v2\/tags?post=9931"}],"curies":[{"name":"wp","href":"https:\/\/api.w.org\/{rel}","templated":true}]}}