{"id":9934,"date":"2017-01-06T17:56:12","date_gmt":"2017-01-06T17:56:12","guid":{"rendered":"http:\/\/www.mpppst.gob.ve\/mpppstweb\/?p=9934"},"modified":"2017-01-06T19:25:26","modified_gmt":"2017-01-06T19:25:26","slug":"francisco-torrealba-nuevo-ministro-del-trabajo-un-lider-sindical-y-de-las-juventudes-sindicales-bolivarianas","status":"publish","type":"post","link":"https:\/\/www.mpppst.gob.ve\/mpppstweb\/index.php\/2017\/01\/06\/francisco-torrealba-nuevo-ministro-del-trabajo-un-lider-sindical-y-de-las-juventudes-sindicales-bolivarianas\/","title":{"rendered":"Francisco Torrealba, nuevo Ministro del Trabajo: \u201cun l\u00edder sindical y de las juventudes sindicales bolivarianas\u201d"},"content":{"rendered":"<p>Prensa (MPPPST). El presidente de la Rep\u00fablica,\u00a0Nicol\u00e1s Maduro, design\u00f3 a\u00a0Francisco Torrealba\u00a0como nuevo ministro del Poder Popular para el \u00a0Proceso Social de Trabajo, en sustituci\u00f3n de Oswaldo Vera. Torrealba fue definido por el Primer Mandatario nacional como \u201cun l\u00edder sindical y de las juventudes sindicales bolivarianas\u201d<\/p>\n<p>Efectivamente,\u00a0 Francisco Torrealba es un l\u00edder sindical, que ha representado a los trabajadores y trabajadoras del Metro de Caracas. Asimismo, fue vocero del Frente de trabajadores Ferroviarios, presidente del Instituto de Ferrocarriles del Estado (IFE) y diputado por el Bloque de la Patria en la Asamblea Nacional.<\/p>\n<p>Torrealba es uno de los diputados que ha luchado contra la derecha parlamentaria que ha pretendido generar una confrontaci\u00f3n de poderes, desconocer decisiones constitucionales y ejecutar un plan de golpe de Estado continuado.<\/p>\n<p>Adem\u00e1s, el nuevo Ministro del Trabajo ha sido un defensor constante de los trabajadores de la Asamblea Nacional, quienes desde el nuevo mandato de la derecha en el parlamento, se han visto perjudicados constantemente con\u00a0deudas que no ha saldado la directiva de la Asamblea Nacional, cuando era dirigida por Henry Ramos Allup.<\/p>\n<p>La tarea fundamental de Torrealba en esta responsabilidad ser\u00e1 repotenciar y consolidar la unidad de los trabajadores en esta nueva etapa de la Revoluci\u00f3n, adem\u00e1s tiene como tarea fortalecer los Consejos Productivos de Trabajadores, acci\u00f3n creada para garantizar la producci\u00f3n y distribuci\u00f3n de rubros de primera necesidad, objetivo en el cual la Clase Obrera tiene un rol fundamental.<\/p>\n<p>Por Carlos Palacios<\/p>\n","protected":false},"excerpt":{"rendered":"<p>Prensa (MPPPST). El presidente de la Rep\u00fablica,\u00a0Nicol\u00e1s Maduro, design\u00f3 a\u00a0Francisco Torrealba\u00a0como nuevo ministro del Poder Popular &hellip; <a title=\"Francisco Torrealba, nuevo Ministro del Trabajo: \u201cun l\u00edder sindical y de las juventudes sindicales bolivarianas\u201d\" class=\"hm-read-more\" href=\"https:\/\/www.mpppst.gob.ve\/mpppstweb\/index.php\/2017\/01\/06\/francisco-torrealba-nuevo-ministro-del-trabajo-un-lider-sindical-y-de-las-juventudes-sindicales-bolivarianas\/\"><span class=\"screen-reader-text\">Francisco Torrealba, nuevo Ministro del Trabajo: \u201cun l\u00edder sindical y de las juventudes sindicales bolivarianas\u201d<\/span>Read more<\/a><\/p>\n","protected":false},"author":25,"featured_media":9935,"comment_status":"closed","ping_status":"closed","sticky":false,"template":"","format":"standard","meta":{"footnotes":""},"categories":[83,163],"tags":[225,223],"yoast_head":"<!-- This site is optimized with the Yoast SEO plugin v22.5 - https:\/\/yoast.com\/wordpress\/plugins\/seo\/ -->\n<title>Francisco Torrealba, nuevo Ministro del Trabajo: \u201cun l\u00edder sindical y de las juventudes sindicales bolivarianas\u201d - MPPPST<\/title>\n<meta name=\"robots\" content=\"index, follow, max-snippet:-1, max-image-preview:large, max-video-preview:-1\" \/>\n<link rel=\"canonical\" href=\"https:\/\/www.mpppst.gob.ve\/mpppstweb\/index.php\/2017\/01\/06\/francisco-torrealba-nuevo-ministro-del-trabajo-un-lider-sindical-y-de-las-juventudes-sindicales-bolivarianas\/\" \/>\n<meta property=\"og:locale\" content=\"es_ES\" \/>\n<meta property=\"og:type\" content=\"article\" \/>\n<meta property=\"og:title\" content=\"Francisco Torrealba, nuevo Ministro del Trabajo: \u201cun l\u00edder sindical y de las juventudes sindicales bolivarianas\u201d - MPPPST\" \/>\n<meta property=\"og:description\" content=\"Prensa (MPPPST). El presidente de la Rep\u00fablica,\u00a0Nicol\u00e1s Maduro, design\u00f3 a\u00a0Francisco Torrealba\u00a0como nuevo ministro del Poder Popular &hellip; Francisco Torrealba, nuevo Ministro del Trabajo: \u201cun l\u00edder sindical y de las juventudes sindicales bolivarianas\u201dRead more\" \/>\n<meta property=\"og:url\" content=\"https:\/\/www.mpppst.gob.ve\/mpppstweb\/index.php\/2017\/01\/06\/francisco-torrealba-nuevo-ministro-del-trabajo-un-lider-sindical-y-de-las-juventudes-sindicales-bolivarianas\/\" \/>\n<meta property=\"og:site_name\" content=\"MPPPST\" \/>\n<meta property=\"article:published_time\" content=\"2017-01-06T17:56:12+00:00\" \/>\n<meta property=\"article:modified_time\" content=\"2017-01-06T19:25:26+00:00\" \/>\n<meta property=\"og:image\" content=\"https:\/\/www.mpppst.gob.ve\/mpppstweb\/wp-content\/uploads\/2017\/01\/IMG_1456.jpg\" \/>\n\t<meta property=\"og:image:width\" content=\"800\" \/>\n\t<meta property=\"og:image:height\" content=\"445\" \/>\n\t<meta property=\"og:image:type\" content=\"image\/jpeg\" \/>\n<meta name=\"author\" content=\"MPPPST Prensa\" \/>\n<meta name=\"twitter:card\" content=\"summary_large_image\" \/>\n<meta name=\"twitter:label1\" content=\"Escrito por\" \/>\n\t<meta name=\"twitter:data1\" content=\"MPPPST Prensa\" \/>\n\t<meta name=\"twitter:label2\" content=\"Tiempo de lectura\" \/>\n\t<meta name=\"twitter:data2\" content=\"1 minuto\" \/>\n<script type=\"application\/ld+json\" class=\"yoast-schema-graph\">{\"@context\":\"https:\/\/schema.org\",\"@graph\":[{\"@type\":\"Article\",\"@id\":\"https:\/\/www.mpppst.gob.ve\/mpppstweb\/index.php\/2017\/01\/06\/francisco-torrealba-nuevo-ministro-del-trabajo-un-lider-sindical-y-de-las-juventudes-sindicales-bolivarianas\/#article\",\"isPartOf\":{\"@id\":\"https:\/\/www.mpppst.gob.ve\/mpppstweb\/index.php\/2017\/01\/06\/francisco-torrealba-nuevo-ministro-del-trabajo-un-lider-sindical-y-de-las-juventudes-sindicales-bolivarianas\/\"},\"author\":{\"name\":\"MPPPST Prensa\",\"@id\":\"https:\/\/www.mpppst.gob.ve\/mpppstweb\/#\/schema\/person\/fc187ee8ead412bd4c9304b62f900ea4\"},\"headline\":\"Francisco Torrealba, nuevo Ministro del Trabajo: \u201cun l\u00edder sindical y de las juventudes sindicales bolivarianas\u201d\",\"datePublished\":\"2017-01-06T17:56:12+00:00\",\"dateModified\":\"2017-01-06T19:25:26+00:00\",\"mainEntityOfPage\":{\"@id\":\"https:\/\/www.mpppst.gob.ve\/mpppstweb\/index.php\/2017\/01\/06\/francisco-torrealba-nuevo-ministro-del-trabajo-un-lider-sindical-y-de-las-juventudes-sindicales-bolivarianas\/\"},\"wordCount\":270,\"publisher\":{\"@id\":\"https:\/\/www.mpppst.gob.ve\/mpppstweb\/#organization\"},\"image\":{\"@id\":\"https:\/\/www.mpppst.gob.ve\/mpppstweb\/index.php\/2017\/01\/06\/francisco-torrealba-nuevo-ministro-del-trabajo-un-lider-sindical-y-de-las-juventudes-sindicales-bolivarianas\/#primaryimage\"},\"thumbnailUrl\":\"https:\/\/www.mpppst.gob.ve\/mpppstweb\/wp-content\/uploads\/2017\/01\/IMG_1456.jpg\",\"keywords\":[\"Fuerza Laboral\",\"MPPPST\"],\"articleSection\":[\"Ministerio\",\"Noticias\"],\"inLanguage\":\"es\"},{\"@type\":\"WebPage\",\"@id\":\"https:\/\/www.mpppst.gob.ve\/mpppstweb\/index.php\/2017\/01\/06\/francisco-torrealba-nuevo-ministro-del-trabajo-un-lider-sindical-y-de-las-juventudes-sindicales-bolivarianas\/\",\"url\":\"https:\/\/www.mpppst.gob.ve\/mpppstweb\/index.php\/2017\/01\/06\/francisco-torrealba-nuevo-ministro-del-trabajo-un-lider-sindical-y-de-las-juventudes-sindicales-bolivarianas\/\",\"name\":\"Francisco Torrealba, nuevo Ministro del Trabajo: \u201cun l\u00edder sindical y de las juventudes sindicales bolivarianas\u201d - MPPPST\",\"isPartOf\":{\"@id\":\"https:\/\/www.mpppst.gob.ve\/mpppstweb\/#website\"},\"primaryImageOfPage\":{\"@id\":\"https:\/\/www.mpppst.gob.ve\/mpppstweb\/index.php\/2017\/01\/06\/francisco-torrealba-nuevo-ministro-del-trabajo-un-lider-sindical-y-de-las-juventudes-sindicales-bolivarianas\/#primaryimage\"},\"image\":{\"@id\":\"https:\/\/www.mpppst.gob.ve\/mpppstweb\/index.php\/2017\/01\/06\/francisco-torrealba-nuevo-ministro-del-trabajo-un-lider-sindical-y-de-las-juventudes-sindicales-bolivarianas\/#primaryimage\"},\"thumbnailUrl\":\"https:\/\/www.mpppst.gob.ve\/mpppstweb\/wp-content\/uploads\/2017\/01\/IMG_1456.jpg\",\"datePublished\":\"2017-01-06T17:56:12+00:00\",\"dateModified\":\"2017-01-06T19:25:26+00:00\",\"breadcrumb\":{\"@id\":\"https:\/\/www.mpppst.gob.ve\/mpppstweb\/index.php\/2017\/01\/06\/francisco-torrealba-nuevo-ministro-del-trabajo-un-lider-sindical-y-de-las-juventudes-sindicales-bolivarianas\/#breadcrumb\"},\"inLanguage\":\"es\",\"potentialAction\":[{\"@type\":\"ReadAction\",\"target\":[\"https:\/\/www.mpppst.gob.ve\/mpppstweb\/index.php\/2017\/01\/06\/francisco-torrealba-nuevo-ministro-del-trabajo-un-lider-sindical-y-de-las-juventudes-sindicales-bolivarianas\/\"]}]},{\"@type\":\"ImageObject\",\"inLanguage\":\"es\",\"@id\":\"https:\/\/www.mpppst.gob.ve\/mpppstweb\/index.php\/2017\/01\/06\/francisco-torrealba-nuevo-ministro-del-trabajo-un-lider-sindical-y-de-las-juventudes-sindicales-bolivarianas\/#primaryimage\",\"url\":\"https:\/\/www.mpppst.gob.ve\/mpppstweb\/wp-content\/uploads\/2017\/01\/IMG_1456.jpg\",\"contentUrl\":\"https:\/\/www.mpppst.gob.ve\/mpppstweb\/wp-content\/uploads\/2017\/01\/IMG_1456.jpg\",\"width\":800,\"height\":445},{\"@type\":\"BreadcrumbList\",\"@id\":\"https:\/\/www.mpppst.gob.ve\/mpppstweb\/index.php\/2017\/01\/06\/francisco-torrealba-nuevo-ministro-del-trabajo-un-lider-sindical-y-de-las-juventudes-sindicales-bolivarianas\/#breadcrumb\",\"itemListElement\":[{\"@type\":\"ListItem\",\"position\":1,\"name\":\"Home\",\"item\":\"https:\/\/www.mpppst.gob.ve\/mpppstweb\/\"},{\"@type\":\"ListItem\",\"position\":2,\"name\":\"Francisco Torrealba, nuevo Ministro del Trabajo: \u201cun l\u00edder sindical y de las juventudes sindicales bolivarianas\u201d\"}]},{\"@type\":\"WebSite\",\"@id\":\"https:\/\/www.mpppst.gob.ve\/mpppstweb\/#website\",\"url\":\"https:\/\/www.mpppst.gob.ve\/mpppstweb\/\",\"name\":\"MPPPST\",\"description\":\"Ministerio del Poder Popular para el Proceso Social de Trabajo\",\"publisher\":{\"@id\":\"https:\/\/www.mpppst.gob.ve\/mpppstweb\/#organization\"},\"potentialAction\":[{\"@type\":\"SearchAction\",\"target\":{\"@type\":\"EntryPoint\",\"urlTemplate\":\"https:\/\/www.mpppst.gob.ve\/mpppstweb\/?s={search_term_string}\"},\"query-input\":\"required name=search_term_string\"}],\"inLanguage\":\"es\"},{\"@type\":\"Organization\",\"@id\":\"https:\/\/www.mpppst.gob.ve\/mpppstweb\/#organization\",\"name\":\"mpppst\",\"url\":\"https:\/\/www.mpppst.gob.ve\/mpppstweb\/\",\"logo\":{\"@type\":\"ImageObject\",\"inLanguage\":\"es\",\"@id\":\"https:\/\/www.mpppst.gob.ve\/mpppstweb\/#\/schema\/logo\/image\/\",\"url\":\"https:\/\/www.mpppst.gob.ve\/mpppstweb\/wp-content\/uploads\/2025\/07\/cropped-cropped-g910.png\",\"contentUrl\":\"https:\/\/www.mpppst.gob.ve\/mpppstweb\/wp-content\/uploads\/2025\/07\/cropped-cropped-g910.png\",\"width\":1080,\"height\":241,\"caption\":\"mpppst\"},\"image\":{\"@id\":\"https:\/\/www.mpppst.gob.ve\/mpppstweb\/#\/schema\/logo\/image\/\"}},{\"@type\":\"Person\",\"@id\":\"https:\/\/www.mpppst.gob.ve\/mpppstweb\/#\/schema\/person\/fc187ee8ead412bd4c9304b62f900ea4\",\"name\":\"MPPPST Prensa\",\"url\":\"https:\/\/www.mpppst.gob.ve\/mpppstweb\/index.php\/author\/prensa-mpppst\/\"}]}<\/script>\n<!-- \/ Yoast SEO plugin. -->","yoast_head_json":{"title":"Francisco Torrealba, nuevo Ministro del Trabajo: \u201cun l\u00edder sindical y de las juventudes sindicales bolivarianas\u201d - MPPPST","robots":{"index":"index","follow":"follow","max-snippet":"max-snippet:-1","max-image-preview":"max-image-preview:large","max-video-preview":"max-video-preview:-1"},"canonical":"https:\/\/www.mpppst.gob.ve\/mpppstweb\/index.php\/2017\/01\/06\/francisco-torrealba-nuevo-ministro-del-trabajo-un-lider-sindical-y-de-las-juventudes-sindicales-bolivarianas\/","og_locale":"es_ES","og_type":"article","og_title":"Francisco Torrealba, nuevo Ministro del Trabajo: \u201cun l\u00edder sindical y de las juventudes sindicales bolivarianas\u201d - MPPPST","og_description":"Prensa (MPPPST). El presidente de la Rep\u00fablica,\u00a0Nicol\u00e1s Maduro, design\u00f3 a\u00a0Francisco Torrealba\u00a0como nuevo ministro del Poder Popular &hellip; Francisco Torrealba, nuevo Ministro del Trabajo: \u201cun l\u00edder sindical y de las juventudes sindicales bolivarianas\u201dRead more","og_url":"https:\/\/www.mpppst.gob.ve\/mpppstweb\/index.php\/2017\/01\/06\/francisco-torrealba-nuevo-ministro-del-trabajo-un-lider-sindical-y-de-las-juventudes-sindicales-bolivarianas\/","og_site_name":"MPPPST","article_published_time":"2017-01-06T17:56:12+00:00","article_modified_time":"2017-01-06T19:25:26+00:00","og_image":[{"width":800,"height":445,"url":"https:\/\/www.mpppst.gob.ve\/mpppstweb\/wp-content\/uploads\/2017\/01\/IMG_1456.jpg","type":"image\/jpeg"}],"author":"MPPPST Prensa","twitter_card":"summary_large_image","twitter_misc":{"Escrito por":"MPPPST Prensa","Tiempo de lectura":"1 minuto"},"schema":{"@context":"https:\/\/schema.org","@graph":[{"@type":"Article","@id":"https:\/\/www.mpppst.gob.ve\/mpppstweb\/index.php\/2017\/01\/06\/francisco-torrealba-nuevo-ministro-del-trabajo-un-lider-sindical-y-de-las-juventudes-sindicales-bolivarianas\/#article","isPartOf":{"@id":"https:\/\/www.mpppst.gob.ve\/mpppstweb\/index.php\/2017\/01\/06\/francisco-torrealba-nuevo-ministro-del-trabajo-un-lider-sindical-y-de-las-juventudes-sindicales-bolivarianas\/"},"author":{"name":"MPPPST Prensa","@id":"https:\/\/www.mpppst.gob.ve\/mpppstweb\/#\/schema\/person\/fc187ee8ead412bd4c9304b62f900ea4"},"headline":"Francisco Torrealba, nuevo Ministro del Trabajo: \u201cun l\u00edder sindical y de las juventudes sindicales bolivarianas\u201d","datePublished":"2017-01-06T17:56:12+00:00","dateModified":"2017-01-06T19:25:26+00:00","mainEntityOfPage":{"@id":"https:\/\/www.mpppst.gob.ve\/mpppstweb\/index.php\/2017\/01\/06\/francisco-torrealba-nuevo-ministro-del-trabajo-un-lider-sindical-y-de-las-juventudes-sindicales-bolivarianas\/"},"wordCount":270,"publisher":{"@id":"https:\/\/www.mpppst.gob.ve\/mpppstweb\/#organization"},"image":{"@id":"https:\/\/www.mpppst.gob.ve\/mpppstweb\/index.php\/2017\/01\/06\/francisco-torrealba-nuevo-ministro-del-trabajo-un-lider-sindical-y-de-las-juventudes-sindicales-bolivarianas\/#primaryimage"},"thumbnailUrl":"https:\/\/www.mpppst.gob.ve\/mpppstweb\/wp-content\/uploads\/2017\/01\/IMG_1456.jpg","keywords":["Fuerza Laboral","MPPPST"],"articleSection":["Ministerio","Noticias"],"inLanguage":"es"},{"@type":"WebPage","@id":"https:\/\/www.mpppst.gob.ve\/mpppstweb\/index.php\/2017\/01\/06\/francisco-torrealba-nuevo-ministro-del-trabajo-un-lider-sindical-y-de-las-juventudes-sindicales-bolivarianas\/","url":"https:\/\/www.mpppst.gob.ve\/mpppstweb\/index.php\/2017\/01\/06\/francisco-torrealba-nuevo-ministro-del-trabajo-un-lider-sindical-y-de-las-juventudes-sindicales-bolivarianas\/","name":"Francisco Torrealba, nuevo Ministro del Trabajo: \u201cun l\u00edder sindical y de las juventudes sindicales bolivarianas\u201d - MPPPST","isPartOf":{"@id":"https:\/\/www.mpppst.gob.ve\/mpppstweb\/#website"},"primaryImageOfPage":{"@id":"https:\/\/www.mpppst.gob.ve\/mpppstweb\/index.php\/2017\/01\/06\/francisco-torrealba-nuevo-ministro-del-trabajo-un-lider-sindical-y-de-las-juventudes-sindicales-bolivarianas\/#primaryimage"},"image":{"@id":"https:\/\/www.mpppst.gob.ve\/mpppstweb\/index.php\/2017\/01\/06\/francisco-torrealba-nuevo-ministro-del-trabajo-un-lider-sindical-y-de-las-juventudes-sindicales-bolivarianas\/#primaryimage"},"thumbnailUrl":"https:\/\/www.mpppst.gob.ve\/mpppstweb\/wp-content\/uploads\/2017\/01\/IMG_1456.jpg","datePublished":"2017-01-06T17:56:12+00:00","dateModified":"2017-01-06T19:25:26+00:00","breadcrumb":{"@id":"https:\/\/www.mpppst.gob.ve\/mpppstweb\/index.php\/2017\/01\/06\/francisco-torrealba-nuevo-ministro-del-trabajo-un-lider-sindical-y-de-las-juventudes-sindicales-bolivarianas\/#breadcrumb"},"inLanguage":"es","potentialAction":[{"@type":"ReadAction","target":["https:\/\/www.mpppst.gob.ve\/mpppstweb\/index.php\/2017\/01\/06\/francisco-torrealba-nuevo-ministro-del-trabajo-un-lider-sindical-y-de-las-juventudes-sindicales-bolivarianas\/"]}]},{"@type":"ImageObject","inLanguage":"es","@id":"https:\/\/www.mpppst.gob.ve\/mpppstweb\/index.php\/2017\/01\/06\/francisco-torrealba-nuevo-ministro-del-trabajo-un-lider-sindical-y-de-las-juventudes-sindicales-bolivarianas\/#primaryimage","url":"https:\/\/www.mpppst.gob.ve\/mpppstweb\/wp-content\/uploads\/2017\/01\/IMG_1456.jpg","contentUrl":"https:\/\/www.mpppst.gob.ve\/mpppstweb\/wp-content\/uploads\/2017\/01\/IMG_1456.jpg","width":800,"height":445},{"@type":"BreadcrumbList","@id":"https:\/\/www.mpppst.gob.ve\/mpppstweb\/index.php\/2017\/01\/06\/francisco-torrealba-nuevo-ministro-del-trabajo-un-lider-sindical-y-de-las-juventudes-sindicales-bolivarianas\/#breadcrumb","itemListElement":[{"@type":"ListItem","position":1,"name":"Home","item":"https:\/\/www.mpppst.gob.ve\/mpppstweb\/"},{"@type":"ListItem","position":2,"name":"Francisco Torrealba, nuevo Ministro del Trabajo: \u201cun l\u00edder sindical y de las juventudes sindicales bolivarianas\u201d"}]},{"@type":"WebSite","@id":"https:\/\/www.mpppst.gob.ve\/mpppstweb\/#website","url":"https:\/\/www.mpppst.gob.ve\/mpppstweb\/","name":"MPPPST","description":"Ministerio del Poder Popular para el Proceso Social de Trabajo","publisher":{"@id":"https:\/\/www.mpppst.gob.ve\/mpppstweb\/#organization"},"potentialAction":[{"@type":"SearchAction","target":{"@type":"EntryPoint","urlTemplate":"https:\/\/www.mpppst.gob.ve\/mpppstweb\/?s={search_term_string}"},"query-input":"required name=search_term_string"}],"inLanguage":"es"},{"@type":"Organization","@id":"https:\/\/www.mpppst.gob.ve\/mpppstweb\/#organization","name":"mpppst","url":"https:\/\/www.mpppst.gob.ve\/mpppstweb\/","logo":{"@type":"ImageObject","inLanguage":"es","@id":"https:\/\/www.mpppst.gob.ve\/mpppstweb\/#\/schema\/logo\/image\/","url":"https:\/\/www.mpppst.gob.ve\/mpppstweb\/wp-content\/uploads\/2025\/07\/cropped-cropped-g910.png","contentUrl":"https:\/\/www.mpppst.gob.ve\/mpppstweb\/wp-content\/uploads\/2025\/07\/cropped-cropped-g910.png","width":1080,"height":241,"caption":"mpppst"},"image":{"@id":"https:\/\/www.mpppst.gob.ve\/mpppstweb\/#\/schema\/logo\/image\/"}},{"@type":"Person","@id":"https:\/\/www.mpppst.gob.ve\/mpppstweb\/#\/schema\/person\/fc187ee8ead412bd4c9304b62f900ea4","name":"MPPPST Prensa","url":"https:\/\/www.mpppst.gob.ve\/mpppstweb\/index.php\/author\/prensa-mpppst\/"}]}},"_links":{"self":[{"href":"https:\/\/www.mpppst.gob.ve\/mpppstweb\/index.php\/wp-json\/wp\/v2\/posts\/9934"}],"collection":[{"href":"https:\/\/www.mpppst.gob.ve\/mpppstweb\/index.php\/wp-json\/wp\/v2\/posts"}],"about":[{"href":"https:\/\/www.mpppst.gob.ve\/mpppstweb\/index.php\/wp-json\/wp\/v2\/types\/post"}],"author":[{"embeddable":true,"href":"https:\/\/www.mpppst.gob.ve\/mpppstweb\/index.php\/wp-json\/wp\/v2\/users\/25"}],"replies":[{"embeddable":true,"href":"https:\/\/www.mpppst.gob.ve\/mpppstweb\/index.php\/wp-json\/wp\/v2\/comments?post=9934"}],"version-history":[{"count":3,"href":"https:\/\/www.mpppst.gob.ve\/mpppstweb\/index.php\/wp-json\/wp\/v2\/posts\/9934\/revisions"}],"predecessor-version":[{"id":9939,"href":"https:\/\/www.mpppst.gob.ve\/mpppstweb\/index.php\/wp-json\/wp\/v2\/posts\/9934\/revisions\/9939"}],"wp:featuredmedia":[{"embeddable":true,"href":"https:\/\/www.mpppst.gob.ve\/mpppstweb\/index.php\/wp-json\/wp\/v2\/media\/9935"}],"wp:attachment":[{"href":"https:\/\/www.mpppst.gob.ve\/mpppstweb\/index.php\/wp-json\/wp\/v2\/media?parent=9934"}],"wp:term":[{"taxonomy":"category","embeddable":true,"href":"https:\/\/www.mpppst.gob.ve\/mpppstweb\/index.php\/wp-json\/wp\/v2\/categories?post=9934"},{"taxonomy":"post_tag","embeddable":true,"href":"https:\/\/www.mpppst.gob.ve\/mpppstweb\/index.php\/wp-json\/wp\/v2\/tags?post=9934"}],"curies":[{"name":"wp","href":"https:\/\/api.w.org\/{rel}","templated":true}]}}